{"id":9697,"date":"2020-07-10T08:29:00","date_gmt":"2020-07-10T06:29:00","guid":{"rendered":"https:\/\/www.neva.eu\/?p=9697"},"modified":"2025-07-14T14:49:51","modified_gmt":"2025-07-14T12:49:51","slug":"comment-choisir-un-dispositif-doccultation-pour-une-maison-passive-ou-basse-energie","status":"publish","type":"post","link":"https:\/\/www.neva.eu\/fr\/conseils-et-manuels\/comment-choisir-un-dispositif-doccultation-pour-une-maison-passive-ou-basse-energie\/","title":{"rendered":"Comment choisir un dispositif d\u2019occultation pour une maison passive ou basse \u00e9nergie\u00a0?"},"content":{"rendered":"        <section class=\"component component-gutenberg-paragraph typography my-1\">\n              \n<p>Les maisons passives et basse \u00e9nergie se distinguent des autres constructions en raison d\u2019<strong>une consommation d\u2019\u00e9nergie tr\u00e8s faible, voire nulle,<\/strong> et par une temp\u00e9rature int\u00e9rieure tr\u00e8s stable tout au long de l\u2019ann\u00e9e.<\/p>\n      <\/section>\n\n\n        <section class=\"component component-gutenberg-paragraph typography my-1\">\n              \n<p>La plupart des maisons passives ont la forme d\u2019un parall\u00e9l\u00e9pip\u00e8de rectangle, dont la fa\u00e7ade la plus<strong>vitr\u00e9e est expos\u00e9e au sud<\/strong>, parfois m\u00eame au sud-ouest ou au sud-est. Elles sont con\u00e7ues pour puiser un maximum de chaleur provenant de l\u2019\u00e9nergie solaire. Cette solution est id\u00e9ale en hiver et vous \u00e9vite de chauffer. Toutefois, pendant l\u2019\u00e9t\u00e9, <strong>ce m\u00eame principe provoque une hausse des temp\u00e9ratures int\u00e9rieures<\/strong>.<\/p>\n      <\/section>\n\n\n        <section class=\"component component-gutenberg-paragraph typography my-1\">\n              \n<p>Le c\u00f4t\u00e9 sud des maisons passives et basse \u00e9nergie <strong>est g\u00e9n\u00e9ralement occup\u00e9 par les pi\u00e8ces \u00e0&nbsp;vivre,<\/strong> tandis qu\u2019au nord, le c\u00f4t\u00e9 le plus froid, vous y&nbsp;trouvez g\u00e9n\u00e9ralement la salle de bains, les toilettes et le dressing. Les espaces comme le garage et la v\u00e9randa sont g\u00e9n\u00e9ralement s\u00e9par\u00e9s de l\u2019habitation principale pour \u00e9viter les variations inutiles de temp\u00e9ratures.<\/p>\n      <\/section>\n\n\n        <section class=\"component component-gutenberg-heading typography my-1\">\n              \n<h2 class=\"wp-block-heading\">La diff\u00e9rence entre une maison passive et une maison basse \u00e9nergie<\/h2>\n      <\/section>\n\n\n        <section class=\"component component-gutenberg-table typography my-1\">\n              \n<figure class=\"wp-block-table is-style-regular\"><table><thead><tr><th><\/th><th><strong>Pasivn\u00ed d\u016fm<\/strong><\/th><th><strong>N\u00edzkoenergetick\u00fd d\u016fm<\/strong><\/th><\/tr><\/thead><tbody><tr><td><strong>Consommation d\u2019\u00e9nergie annuelle<\/strong><\/td><td>au maximum 15&nbsp;kWh\/\u200bm\u00b2<\/td><td>entre 40 et 50&nbsp;kWh\/\u200bm\u00b2<\/td><\/tr><tr><td><strong>Surface de vitrage<\/strong><\/td><td>surface de vitrage maximale 40&nbsp;% sur le c\u00f4t\u00e9 sud de la maison<\/td><td>surface de vitrage maximale 25&nbsp;% de l\u2019ensemble de la maison<\/td><\/tr><tr><td><strong>Coefficient de transmission thermique de la fen\u00eatre (Uw)<\/strong><\/td><td>Uw <\/td><td>Uw \u2264 0,8&nbsp;W\/\u200bm\u00b2K<\/td><\/tr><tr><td><strong>\u00c9nergie solaire<\/strong><\/td><td>Oui<\/td><td>Non<\/td><\/tr><tr><td><strong>Syst\u00e8me de r\u00e9cup\u00e9ration de chaleur<\/strong><\/td><td>Oui<\/td><td>Non<\/td><\/tr><tr><td><strong>VMC<\/strong><\/td><td>Oui<\/td><td>Oui<\/td><\/tr><tr><td><strong>Isolation renforc\u00e9e<\/strong><\/td><td>Oui<\/td><td>Oui<\/td><\/tr><tr><td><strong>Syst\u00e8me d\u2019occultation ext\u00e9rieur<\/strong><\/td><td>Oui<\/td><td>Oui<\/td><\/tr><\/tbody><\/table><\/figure>\n      <\/section>\n\n\n        <section class=\"component component-gutenberg-html typography my-1\">\n              \n<p style=\"font-size: .8125em;color:#999;font-style:italic;padding:.5rem 0 0 0;\">Le co\u00fbt de construction d\u2019une maison basse \u00e9nergie sans dispositif de r\u00e9cup\u00e9ration de chaleur est identique \u00e0&nbsp;celui d\u2019une maison traditionnelle. Ce type de maison vous permet cependant d\u2019\u00e9conomiser jusqu\u2019\u00e0 100&nbsp;kWh\/\u200bm\u00b2, la consommation annuelle d\u2019une maison standard \u00e9tant de 120 \u00e0&nbsp;150&nbsp;kWh\/\u200bm\u00b2.<\/p>\n      <\/section>\n\n\n        <section class=\"component component-gutenberg-heading typography my-1\">\n              \n<h2 class=\"wp-block-heading\">\u00c9l\u00e9ments architectoniques&nbsp;: une occultation toujours partielle de la maison<\/h2>\n      <\/section>\n\n\n        <section class=\"component component-gutenberg-paragraph typography my-1\">\n              \n<p><strong>Des fen\u00eatres sans syst\u00e8me d\u2019occultation laissent passer environ 64&nbsp;% du rayonnement solaire<\/strong>. Les objets \u00e0&nbsp;l\u2019int\u00e9rieur absorbent ce rayonnement pour le transformer en chaleur, ce qui a&nbsp;pour effet d\u2019augmenter la temp\u00e9rature ambiante. Ce ph\u00e9nom\u00e8ne peut \u00eatre \u00e9vit\u00e9 en optant pour des \u00e9l\u00e9ments architectoniques de base comme par exemple&nbsp;:<\/p>\n      <\/section>\n\n\n        <section class=\"component component-gutenberg-list typography my-1\">\n              \n<ul class=\"wp-block-list\">\n<li><strong>un d\u00e9bord de toit <\/strong> plus important,<\/li>\n\n\n\n<li><strong>une pergola<\/strong> au niveau des portes-fen\u00eatres,<\/li>\n\n\n\n<li>ou <strong>des brise-soleil horizontaux<\/strong> qui freinent les rayons de soleil estivaux tout en continuant de laisser passer les rayons plus doux de l\u2019hiver.<\/li>\n<\/ul>\n      <\/section>\n\n\n        <section class=\"component component-gutenberg-paragraph typography my-1\">\n              \n<p>Ce type d\u2019\u00e9quipements ne prot\u00e8ge pas totalement les fen\u00eatres. Pour conserver une temp\u00e9rature agr\u00e9able \u00e0&nbsp;l\u2019int\u00e9rieur d\u2019une maison passive m\u00eame pendant l\u2019\u00e9t\u00e9, <strong>vous devez les combiner avec des syst\u00e8mes d\u2019occultation<\/strong>&nbsp;, tels que des stores \u00e0&nbsp;lamelles ext\u00e9rieurs, des volets roulants, des stores toiles ou bien encore des stores bannes au-dessus de vos balcons et terrasses.<\/p>\n      <\/section>\n\n\n        <section class=\"component component-gutenberg-image typography my-1\">\n              \n<figure class=\"wp-block-image size-large is-style-default\"><img loading=\"lazy\" decoding=\"async\" width=\"1920\" height=\"960\" src=\"https:\/\/www.neva.eu\/wp-content\/uploads\/neva-stineni-pro-pasivni-a-nizkoenergeticke-domy-1.jpg\" alt class=\"wp-image-9329\" srcset=\"https:\/\/www.neva.eu\/wp-content\/uploads\/neva-stineni-pro-pasivni-a-nizkoenergeticke-domy-1.jpg 1920w, https:\/\/www.neva.eu\/wp-content\/uploads\/neva-stineni-pro-pasivni-a-nizkoenergeticke-domy-1-1536x768.jpg 1536w, https:\/\/www.neva.eu\/wp-content\/uploads\/neva-stineni-pro-pasivni-a-nizkoenergeticke-domy-1-1280x640.jpg 1280w, https:\/\/www.neva.eu\/wp-content\/uploads\/neva-stineni-pro-pasivni-a-nizkoenergeticke-domy-1-940x470.jpg 940w, https:\/\/www.neva.eu\/wp-content\/uploads\/neva-stineni-pro-pasivni-a-nizkoenergeticke-domy-1-758x379.jpg 758w, https:\/\/www.neva.eu\/wp-content\/uploads\/neva-stineni-pro-pasivni-a-nizkoenergeticke-domy-1-425x213.jpg 425w\" sizes=\"auto, (max-width: 1920px) 100vw, 1920px\" \/><figcaption class=\"wp-element-caption\">Si vous associez un brise-soleil en casquette avec des stores \u00e0&nbsp;lamelles ext\u00e9rieurs, vous pouvez \u00eatre s\u00fbr de toujours avoir une temp\u00e9rature agr\u00e9able \u00e0&nbsp;l\u2019int\u00e9rieur de chez vous et sur votre terrasse.<\/figcaption><\/figure>\n      <\/section>\n\n\n        <section class=\"component component-gutenberg-heading typography my-1\">\n              \n<h2 class=\"wp-block-heading\">Occultations ext\u00e9rieures&nbsp;: \u00e9quipez-les de capteurs solaires \u00e0&nbsp;installer en fa\u00e7ade<\/h2>\n      <\/section>\n\n\n        <section class=\"component component-gutenberg-paragraph typography my-1\">\n              \n<p>La solution id\u00e9ale pour r\u00e9duire la temp\u00e9rature de votre int\u00e9rieur de 10&nbsp;\u00b0C pendant l\u2019\u00e9t\u00e9 et pour pouvoir profiter d\u2019une absence de lumi\u00e8re totale est de faire installer des stores \u00e0&nbsp;lamelles ext\u00e9rieur sur vos menuiseries. Nous vous conseillons de pr\u00e9voir leur montage sous fa\u00e7ade dans <a href=\"https:\/\/www.neva.eu\/fr\/options-et-accessoires\/produits\/iso-kastl\/\" title>un caisson sous cr\u00e9pi ISO-KASTL<\/a> <strong>et des panneaux sandwichs<\/strong>. Ce syst\u00e8me vous permet de cacher l\u2019ensemble des lames, une fois repli\u00e9es, et les coulisses dans la fa\u00e7ade.<\/p>\n      <\/section>\n\n\n        <section class=\"component component-gutenberg-paragraph typography my-1\">\n              \n<p>Les stores vous permettent toujours de pr\u00e9cis\u00e9ment r\u00e9gler l\u2019inclinaison des lamelles <strong>pour mieux g\u00e9rer la quantit\u00e9 et la direction de la lumi\u00e8re<\/strong> que vous souhaitez laisser entrer. Cela n\u2019est bien \u00e9videmment pas aussi facile avec un volet, un store toile ou un store banne qui vous permettront d\u2019ombrer soit totalement, soit partiellement. Les versions de base des stores bannes et des stores en toile n\u2019\u00e9vitent d\u2019ailleurs pas m\u00eame un passage partiel des rayons \u00e0&nbsp;travers la&nbsp;toile.<\/p>\n      <\/section>\n\n\n        <section class=\"component component-gutenberg-paragraph typography my-1\">\n              \n<p>Toutes ces conceptions peuvent \u00eatre connect\u00e9es \u00e0&nbsp;<strong>la domotique de la maison<\/strong> et ainsi \u00eatre command\u00e9es \u00e0&nbsp;l\u2019aide de capteurs et de moteurs. D\u00e8s que le capteur solaire enregistre la pr\u00e9sence de rayons solaires, il envoie une commande au moteur pour qu\u2019il active imm\u00e9diatement les syst\u00e8mes d\u2019occultation. Inversement, lorsque le ciel est nuageux, il permet aux m\u00eames syst\u00e8mes de laisser passer plus de lumi\u00e8re. Vous pouvez ainsi \u00eatre certain que la temp\u00e9rature de votre int\u00e9rieur restera stable et que vous \u00e9conomiserez en chauffage et en climatisation.<\/p>\n      <\/section>\n\n\n        <section class=\"component component-gutenberg-heading typography my-1\">\n              \n<h2 class=\"wp-block-heading\">Lamelles Z&nbsp;et S&nbsp;: une occultation fiable pour votre maison passive<\/h2>\n      <\/section>\n\n\n        <section class=\"component component-gutenberg-paragraph typography my-1\">\n              \n<p>Le store \u00e0&nbsp;lamelles le plus appropri\u00e9 pour une maison passive est celui <a href=\"https:\/\/www.neva.eu\/fr\/stores\/produits\/z-90\/\" title>du type Z<\/a>. Lorsque les lamelles sont en position ferm\u00e9e, celle-ci sont r\u00e9ellement engag\u00e9es les unes dans les autres et elles ne laissent donc passer qu\u2019un minimum de lumi\u00e8re. Vous pouvez pleinement en profiter pendant la saison estivale au niveau de la fa\u00e7ade sud de votre maison, dans vos chambres, votre salon et votre bureau. Cette conception est \u00e9l\u00e9gante et son aspect technique la rend parfaite pour toutes<strong> les constructions modernes<\/strong>.&nbsp;<\/p>\n      <\/section>\n\n\n        <section class=\"component component-gutenberg-paragraph typography my-1\">\n              \n<p>En hiver, vous pouvez ais\u00e9ment cacher les lamelles derri\u00e8re un lambrequin ou dans un caisson sous cr\u00e9pi pour mieux laisser votre int\u00e9rieur se r\u00e9chauffer. Vous pouvez aussi les incliner dans une direction jusqu\u2019\u00e0 90\u00b0 pour diriger les rayons l\u00e0 o\u00f9 vous en avez besoin.<br> Par ailleurs, les lamelles en <a href=\"https:\/\/www.neva.eu\/fr\/stores\/produits\/s-90\/\" title>forme de S<\/a> proposent les m\u00eames avantages que les lamelles de type Z. Cette forme est cependant plus plane et a&nbsp;donc tendance \u00e0&nbsp;adoucir la fa\u00e7ade.<\/p>\n      <\/section>\n\n\n        <section class=\"component component-gutenberg-heading typography my-1\">\n              \n<h2 class=\"wp-block-heading\">Lamelles C&nbsp;et F&nbsp;: elles occultent et r\u00e9duisent le risque de ponts thermiques<\/h2>\n      <\/section>\n\n\n        <section class=\"component component-gutenberg-paragraph typography my-1\">\n              \n<p>Les <a href=\"https:\/\/www.neva.eu\/fr\/stores\/produits\/c-80\/\" title>lamelles de type C<\/a> peuvent \u00eatre inclin\u00e9es de chaque c\u00f4t\u00e9. Pendant l\u2019\u00e9t\u00e9, elles vous permettent d\u2019occulter votre int\u00e9rieur alors que pendant l\u2019hiver, lorsque vous les inclinez, <strong>elles permettent de diriger les rayons l\u00e0 o\u00f9 vous le souhaitez, depuis le sol jusqu\u2019au plafond.<\/strong>. Ce type de lamelles est conseill\u00e9 pour les b\u00e2timents aux formes plus douces.<\/p>\n      <\/section>\n\n\n        <section class=\"component component-gutenberg-paragraph typography my-1\">\n              \n<p>Les<a href=\"https:\/\/www.neva.eu\/fr\/stores\/produits\/f-80\/\" title>lamelles de type F<\/a> sont aussi tr\u00e8s pratiques car elles peuvent \u00eatre inclin\u00e9es des deux c\u00f4t\u00e9s. \u00c0&nbsp;la diff\u00e9rence des lamelles en \u00ab&nbsp;C&nbsp;\u00bb, elles paraissent plus plates et ont donc un rendu plus \u00e9pur\u00e9. En position repli\u00e9e, <strong> l\u2019ensemble de lamelles est encore moins \u00e9pais. <\/strong>Ces deux versions sont donc tr\u00e8s simples \u00e0&nbsp;cacher dans un caisson sous cr\u00e9pi de faible hauteur et diminuent la surface de la fa\u00e7ade ayant une isolation peu optimale.<strong> Vous r\u00e9duisez \u00e9galement le risque de ponts thermiques<\/strong> qui entra\u00eenent des variations de temp\u00e9rature \u00e0&nbsp;l\u2019int\u00e9rieur.<\/p>\n      <\/section>\n\n\n        <section class=\"component component-gutenberg-image typography my-1\">\n              \n<figure class=\"wp-block-image size-large is-style-default\"><img loading=\"lazy\" decoding=\"async\" width=\"1920\" height=\"960\" src=\"https:\/\/www.neva.eu\/wp-content\/uploads\/neva-stineni-pro-pasivni-a-nizkoenergeticke-domy-2.jpg\" alt class=\"wp-image-9335\" srcset=\"https:\/\/www.neva.eu\/wp-content\/uploads\/neva-stineni-pro-pasivni-a-nizkoenergeticke-domy-2.jpg 1920w, https:\/\/www.neva.eu\/wp-content\/uploads\/neva-stineni-pro-pasivni-a-nizkoenergeticke-domy-2-1536x768.jpg 1536w, https:\/\/www.neva.eu\/wp-content\/uploads\/neva-stineni-pro-pasivni-a-nizkoenergeticke-domy-2-1280x640.jpg 1280w, https:\/\/www.neva.eu\/wp-content\/uploads\/neva-stineni-pro-pasivni-a-nizkoenergeticke-domy-2-940x470.jpg 940w, https:\/\/www.neva.eu\/wp-content\/uploads\/neva-stineni-pro-pasivni-a-nizkoenergeticke-domy-2-758x379.jpg 758w, https:\/\/www.neva.eu\/wp-content\/uploads\/neva-stineni-pro-pasivni-a-nizkoenergeticke-domy-2-425x213.jpg 425w\" sizes=\"auto, (max-width: 1920px) 100vw, 1920px\" \/><figcaption class=\"wp-element-caption\">Nous avons livr\u00e9 des stores \u00e0&nbsp;lamelles de type Z90 pour une maison basse \u00e9nergie situ\u00e9e en Moravie du Sud (R\u00e9publique tch\u00e8que).<\/figcaption><\/figure>\n      <\/section>\n\n\n        <section class=\"component component-gutenberg-paragraph typography my-1\">\n              \n<p>Si vous faites <a href=\"https:\/\/www.neva.eu\/rady-a-navody\/nova-zelena-usporam-navod-jak-ziskate-dotaci-na-venkovni-zaluzie\/\" title>une demande de subvention sur les syst\u00e8mes d\u2019occultation ext\u00e9rieurs avant la fin de l\u2019ann\u00e9e 2021<\/a> dans le cadre <strong>du programme \u00ab&nbsp;New Green Savings&nbsp;\u00bb<\/strong>, vous pouvez obtenir jusqu\u2019\u00e0 1000&nbsp;CZK par m\u00e8tre carr\u00e9 de surface occult\u00e9e avec associ\u00e9e \u00e0&nbsp;un syst\u00e8me domotique.<\/p>\n      <\/section>\n\n\n        <section class=\"component component-gutenberg-paragraph typography my-1\">\n              \n<p>Si vous envisagez la construction d\u2019une maison passive \u00e9quip\u00e9e de stores \u00e0&nbsp;lames ext\u00e9rieurs, prenez <a href=\"https:\/\/www.neva.eu\/fr\/trouver-un-revendeur\/\" title=\"contactavec l\u2019un de nos commerciaux\">contactavec l\u2019un de nos commerciaux<\/a>. Celui-ci se fera un plaisir de vous pr\u00e9senter tous les avantages de nos diff\u00e9rents syst\u00e8mes.<\/p>\n      <\/section>\n","protected":false},"excerpt":{"rendered":"<p>Le choix du syst\u00e8me d\u2019occultation devrait \u00eatre \u00e9tudi\u00e9 au pr\u00e9alable avec votre architecte d\u00e8s la phase de projet de votre maison passive ou basse \u00e9nergie. Un syst\u00e8me d\u2019occultation combin\u00e9 \u00e0 d\u2019autres am\u00e9nagements bioclimatiques vous permet de stabiliser la quantit\u00e9 de lumi\u00e8re et de chaleur pr\u00e9sente dans votre int\u00e9rieur tout au long de l\u2019ann\u00e9e. Il vous permet aussi d\u2019\u00e9conomiser de l\u2019\u00e9nergie et de rendre votre habitation plus respectueuse de l\u2019environnement. D\u00e9couvrez quel type de syst\u00e8me d\u2019occultation choisir pour les maisons passives.<\/p>\n","protected":false},"author":10,"featured_media":9325,"comment_status":"closed","ping_status":"closed","sticky":false,"template":"","format":"standard","meta":{"_acf_changed":false,"advgb_blocks_editor_width":"","advgb_blocks_columns_visual_guide":"","_daim_seo_power":"1000","_daim_enable_ail":"1","footnotes":""},"categories":[199],"tags":[],"class_list":["post-9697","post","type-post","status-publish","format-standard","has-post-thumbnail","hentry","category-conseils-et-manuels"],"acf":[],"aioseo_notices":[],"author_meta":{"display_name":"Luk\u00e1\u0161 Musil","author_link":"https:\/\/www.neva.eu\/fr\/author\/musil\/"},"featured_img":"https:\/\/www.neva.eu\/wp-content\/uploads\/neva-stineni-pro-pasivni-a-nizkoenergeticke-domy.jpg","coauthors":[],"tax_additional":{"categories":{"linked":["<a href=\"https:\/\/www.neva.eu\/fr\/actualites\/categorie\/conseils-et-manuels\/\" class=\"advgb-post-tax-term\">Conseils et manuels<\/a>"],"unlinked":["<span class=\"advgb-post-tax-term\">Conseils et manuels<\/span>"]}},"comment_count":"0","relative_dates":{"created":"Publi\u00e9 6 years il y a","modified":"Mis \u00e0 jour 10 months il y a"},"absolute_dates":{"created":"Publi\u00e9 le 10. 7. 2020","modified":"Mise \u00e0 jour le 14. 7. 2025"},"absolute_dates_time":{"created":"Publi\u00e9 le 10. 7. 2020 8:29","modified":"Mise \u00e0 jour le 14. 7. 2025 14:49"},"featured_img_caption":"","series_order":"","_links":{"self":[{"href":"https:\/\/www.neva.eu\/fr\/wp-json\/wp\/v2\/posts\/9697","targetHints":{"allow":["GET"]}}],"collection":[{"href":"https:\/\/www.neva.eu\/fr\/wp-json\/wp\/v2\/posts"}],"about":[{"href":"https:\/\/www.neva.eu\/fr\/wp-json\/wp\/v2\/types\/post"}],"author":[{"embeddable":true,"href":"https:\/\/www.neva.eu\/fr\/wp-json\/wp\/v2\/users\/10"}],"replies":[{"embeddable":true,"href":"https:\/\/www.neva.eu\/fr\/wp-json\/wp\/v2\/comments?post=9697"}],"version-history":[{"count":2,"href":"https:\/\/www.neva.eu\/fr\/wp-json\/wp\/v2\/posts\/9697\/revisions"}],"predecessor-version":[{"id":29218,"href":"https:\/\/www.neva.eu\/fr\/wp-json\/wp\/v2\/posts\/9697\/revisions\/29218"}],"wp:featuredmedia":[{"embeddable":true,"href":"https:\/\/www.neva.eu\/fr\/wp-json\/wp\/v2\/media\/9325"}],"wp:attachment":[{"href":"https:\/\/www.neva.eu\/fr\/wp-json\/wp\/v2\/media?parent=9697"}],"wp:term":[{"taxonomy":"category","embeddable":true,"href":"https:\/\/www.neva.eu\/fr\/wp-json\/wp\/v2\/categories?post=9697"},{"taxonomy":"post_tag","embeddable":true,"href":"https:\/\/www.neva.eu\/fr\/wp-json\/wp\/v2\/tags?post=9697"}],"curies":[{"name":"wp","href":"https:\/\/api.w.org\/{rel}","templated":true}]}}