{"id":9695,"date":"2020-06-23T09:36:32","date_gmt":"2020-06-23T07:36:32","guid":{"rendered":"https:\/\/www.neva.eu\/non-classifiee\/un-professionnel-vous-conseille-comment-occulter-correctement-des-fenetres-sur-mesures\/"},"modified":"2025-07-14T15:21:32","modified_gmt":"2025-07-14T13:21:32","slug":"un-professionnel-vous-conseille-comment-occulter-correctement-des-fenetres-sur-mesures","status":"publish","type":"post","link":"https:\/\/www.neva.eu\/fr\/conseils-et-manuels\/un-professionnel-vous-conseille-comment-occulter-correctement-des-fenetres-sur-mesures\/","title":{"rendered":"Un professionnel vous conseille\u00a0: comment occulter correctement des fen\u00eatres sur mesures\u00a0?"},"content":{"rendered":"        <section class=\"component component-gutenberg-paragraph typography my-1\">\n              \n<p>NEVA re\u00e7oit r\u00e9guli\u00e8rement des commandes d\u2019accessoires et de lamelles de couleur non standard, voire de syst\u00e8mes d\u2019ancrage peu traditionnels. Certaines d\u2019entre elles regroupent m\u00eame toutes ces sp\u00e9cificit\u00e9s. <em>\u00ab&nbsp;Nous avons d\u00e9j\u00e0 fabriqu\u00e9 de nombreux stores ext\u00e9rieurs pour des constructions sur mesures, comme par exemple des stores avec des d\u00e9coupes sp\u00e9cifiques en raison de la pr\u00e9sence d\u2019une poutre porteuse et d\u2019autres types pour des angles autres que 90\u00b0. Nous essayons toujours de nous adapter au mieux aux exigences du ma\u00eetre d\u2019ouvrage ou de l\u2019architecte, en respectant cependant les lois de la physique&nbsp;\u00bb,<\/em> constate Luk\u00e1\u0161 Musil, responsable commercial de la soci\u00e9t\u00e9 NEVA.<\/p>\n      <\/section>\n\n\n        <section class=\"component component-gutenberg-heading typography my-1\">\n              \n<h2 class=\"wp-block-heading\">Des couleurs de stores atypiques pour raviver la fa\u00e7ade d\u2019un b\u00e2timent<\/h2>\n      <\/section>\n\n\n        <section class=\"component component-gutenberg-paragraph typography my-1\">\n              \n<p>Les stores \u00e0&nbsp;lamelles ext\u00e9rieurs bigarr\u00e9s sont le plus souvent install\u00e9s <strong>sur les grands b\u00e2timents administratifs<\/strong>. Ceux aux couleurs les plus excentriques ont \u00e9t\u00e9 fabriqu\u00e9s pour des \u00e9coles primaires et maternelles. La palette de couleurs que nous proposons nous permet de r\u00e9pondre aux besoins les plus audacieux des architectes qui ne peuvent se limiter au <a href=\"https:\/\/www.neva.eu\/fr\/stores\/produits\/s-90\/#slat-colors\" class=\"aioseop-link\">nuancier<\/a> de base et qui aspirent \u00e0&nbsp;de nouvelles combinaisons. Ils cherchent \u00e0&nbsp;marier les b\u00e2tis des fen\u00eatres avec les stores ou souhaitent au contraire cr\u00e9er un jeu de contrastes avec la fa\u00e7ade.<\/p>\n      <\/section>\n\n\n        <section class=\"component component-gutenberg-paragraph typography my-1\">\n              \n<p>Nous avons par exemple contribu\u00e9 au <strong>contraste de couleurs<\/strong> du campus universitaire de l\u2019universit\u00e9 Masaryk dans le quartier de Bohunice \u00e0&nbsp;Brno (R\u00e9publique tch\u00e8que). Dans le cadre de ce chantier, nous avons fourni plus de 840 stores de type <a class=\"aioseop-link\" href=\"https:\/\/www.neva.eu\/fr\/stores\/produits\/c-80\/\">C80<\/a> <strong>de couleurs rouge sur mesure (RAL 4004), bleu \u00e9galement sur mesure (RAL 5005)<\/strong> et argent\u00e9 standard 140H. La fa\u00e7ade du b\u00e2timent propose une combinaison de rouge brique, d\u2019inox et d\u2019anthracite alors que la dominante du campus, c\u2019est-\u00e0-dire l\u2019entr\u00e9e principale, est de couleur rouge \u00e9carlate.<\/p>\n      <\/section>\n\n\n        <section class=\"component component-gutenberg-image typography my-1\">\n              \n<figure class=\"wp-block-image size-large is-style-default\"><img loading=\"lazy\" decoding=\"async\" width=\"1920\" height=\"960\" src=\"https:\/\/www.neva.eu\/wp-content\/uploads\/neva-atypicke-venkovni-zaluzie-1.jpg\" alt class=\"wp-image-9082\" srcset=\"https:\/\/www.neva.eu\/wp-content\/uploads\/neva-atypicke-venkovni-zaluzie-1.jpg 1920w, https:\/\/www.neva.eu\/wp-content\/uploads\/neva-atypicke-venkovni-zaluzie-1-1536x768.jpg 1536w, https:\/\/www.neva.eu\/wp-content\/uploads\/neva-atypicke-venkovni-zaluzie-1-1280x640.jpg 1280w, https:\/\/www.neva.eu\/wp-content\/uploads\/neva-atypicke-venkovni-zaluzie-1-940x470.jpg 940w, https:\/\/www.neva.eu\/wp-content\/uploads\/neva-atypicke-venkovni-zaluzie-1-758x379.jpg 758w, https:\/\/www.neva.eu\/wp-content\/uploads\/neva-atypicke-venkovni-zaluzie-1-425x213.jpg 425w\" sizes=\"auto, (max-width: 1920px) 100vw, 1920px\" \/><figcaption class=\"wp-element-caption\">Certaines ailes du campus de l\u2019universit\u00e9 Masaryk de Brno sont dot\u00e9es de stores \u00e0&nbsp;lamelles ext\u00e9rieurs de couleur bleue sur mesure (Source : www.okf.cz).<\/figcaption><\/figure>\n      <\/section>\n\n\n        <section class=\"component component-gutenberg-heading typography my-1\">\n              \n<h2 class=\"wp-block-heading\">Une conception non traditionnelle \u00e0&nbsp;tous les niveaux<\/h2>\n      <\/section>\n\n\n        <section class=\"component component-gutenberg-paragraph typography my-1\">\n              \n<p>Certains march\u00e9s, comme celui de <a aria-label=\"nemocnici ve \u0161v\u00e9dsk\u00e9m Malm\u00f6 (opens in a new tab)\" class=\"aioseop-link\" href=\"https:\/\/www.neva.eu\/fr\/nouveautes\/les-stores-neva-vont-ombrager-un-complexe-hospitalier-a-malmo-en-suede\/\" target=\"_blank\" rel=\"noreferrer noopener\">l\u2019h\u00f4pital de Malm\u00f6, en Su\u00e8de<\/a> sont <strong>uniques dans pratiquement tous leurs param\u00e8tres<\/strong>. Pour ce projet, nous fournissons des stores \u00e0&nbsp;lamelles de type <a aria-label=\" (opens in a new tab)\" class=\"aioseop-link\" href=\"https:\/\/www.neva.eu\/fr\/stores\/produits\/z-90\/\" target=\"_blank\" rel=\"noreferrer noopener\">Z90<\/a> qui se composent&nbsp;:<\/p>\n      <\/section>\n\n\n        <section class=\"component component-gutenberg-list typography my-1\">\n              \n<ul class=\"wp-block-list\">\n<li>de lamelles de couleur gris&nbsp;agate,<\/li>\n\n\n\n<li><strong>d\u2019\u00e9l\u00e9ments de fixation C4, d\u2019une r\u00e9sistance extr\u00eame<\/strong>, \u00e9ventuellement de pi\u00e8ces A4 lorsque l\u2019inox est requis (ils r\u00e9sistent \u00e0&nbsp;une corrosion agressive et s\u2019utilisent aussi bien dans les zones maritimes que dans les zones industrielles),<\/li>\n\n\n\n<li>de profil\u00e9s sup\u00e9rieurs, laqu\u00e9s dans une teinte argent\u00e9e sp\u00e9ciale, agr\u00e9ment\u00e9e elle-m\u00eame d\u2019une nuance de bronze ainsi que de leurs supports,<\/li>\n\n\n\n<li>de fixations de moteurs et de supports de stores \u00e0&nbsp;installer sur les fa\u00e7ades modulaires de la m\u00eame teinte,<\/li>\n\n\n\n<li>et <strong>de moteurs non standards<\/strong> <a href=\"https:\/\/www.neva.eu\/fr\/smart-home\/produits\/geiger\/\" target=\"_blank\" aria-label=\" (opens in a new tab)\" rel=\"noreferrer noopener\" class=\"aioseop-link\">Geiger T90<\/a> ayant une tr\u00e8s grande r\u00e9sistance thermique de \u201120&nbsp;\u00b0C \u00e0&nbsp;90&nbsp;\u00b0C.<\/li>\n<\/ul>\n      <\/section>\n\n\n        <section class=\"component component-gutenberg-paragraph typography my-1\">\n              \n<p>De plus, ces stores sont directement mont\u00e9s <strong>sur les fa\u00e7ades entre les vitres<\/strong>.<em>&nbsp;\u00ab&nbsp;Nous r\u00e9pondons \u00e0&nbsp;ce type de march\u00e9 particulier une ou deux fois par an. Les syst\u00e8mes d\u2019occultation de l\u2019h\u00f4pital de Malm\u00f6 ne sont pas encore achev\u00e9s, nous avons fourni pour le moment 825 stores, ce qui signifie que d\u2019autres \u00e9tapes sont encore \u00e0&nbsp;venir&nbsp;\u00bb,<\/em> ajoute Luk\u00e1\u0161 Musil de&nbsp;NEVA.<\/p>\n      <\/section>\n\n\n        <section class=\"component component-gutenberg-image typography my-1\">\n              \n<figure class=\"wp-block-image size-large is-style-default\"><img loading=\"lazy\" decoding=\"async\" width=\"1920\" height=\"960\" src=\"https:\/\/www.neva.eu\/wp-content\/uploads\/neva-atypicke-venkovni-zaluzie-2.jpg\" alt class=\"wp-image-9088\" srcset=\"https:\/\/www.neva.eu\/wp-content\/uploads\/neva-atypicke-venkovni-zaluzie-2.jpg 1920w, https:\/\/www.neva.eu\/wp-content\/uploads\/neva-atypicke-venkovni-zaluzie-2-1536x768.jpg 1536w, https:\/\/www.neva.eu\/wp-content\/uploads\/neva-atypicke-venkovni-zaluzie-2-1280x640.jpg 1280w, https:\/\/www.neva.eu\/wp-content\/uploads\/neva-atypicke-venkovni-zaluzie-2-940x470.jpg 940w, https:\/\/www.neva.eu\/wp-content\/uploads\/neva-atypicke-venkovni-zaluzie-2-758x379.jpg 758w, https:\/\/www.neva.eu\/wp-content\/uploads\/neva-atypicke-venkovni-zaluzie-2-425x213.jpg 425w\" sizes=\"auto, (max-width: 1920px) 100vw, 1920px\" \/><figcaption class=\"wp-element-caption\">Les stores de couleur gris agate de l\u2019h\u00f4pital de Malm\u00f6 se marient parfaitement avec l\u2019aspect naturel de l\u2019ensemble de la fa\u00e7ade.<\/figcaption><\/figure>\n      <\/section>\n\n\n        <section class=\"component component-gutenberg-heading typography my-1\">\n              \n<h2 class=\"wp-block-heading\">Les syst\u00e8mes d\u2019occultation sur les fen\u00eatres cintr\u00e9es<\/h2>\n      <\/section>\n\n\n        <section class=\"component component-gutenberg-paragraph typography my-1\">\n              \n<p>Nous avons eu l\u2019opportunit\u00e9 de tester nos syst\u00e8mes d\u2019occultation <strong>sur des fen\u00eatres cintr\u00e9es <\/strong>dans le cadre du projet du b\u00e2timent <a aria-label=\" (opens in a new tab)\" class=\"aioseop-link\" href=\"https:\/\/www.neva.eu\/fr\/nouveautes\/nos-stores-vont-ombrager-le-batiment-unique-the-flow-building-sur-la-place-venceslas\/\" target=\"_blank\" rel=\"noreferrer noopener\">Flow Building<\/a>, situ\u00e9 sur la place Wenceslas, \u00e0&nbsp;Prague (R\u00e9publique tch\u00e8que). Le choix s\u2019est port\u00e9 sur des stores de type <a aria-label=\" (opens in a new tab)\" class=\"aioseop-link\" href=\"https:\/\/www.neva.eu\/fr\/stores\/produits\/c-80\/\" target=\"_blank\" rel=\"noreferrer noopener\">C80<\/a> de couleur bronze et argent.<\/p>\n      <\/section>\n\n\n        <section id=\"component-faa07776770a7af21efd60ff99f5f7be\" class=\"component component-citation citation\">\n              <div class=\"citation__text\">\n  &bdquo;La fa\u00e7ade du b\u00e2timent est pr\u00e9contrainte, et les vitres des fen\u00eatres sont courb\u00e9es selon sa forme. Chaque fen\u00eatre courb\u00e9e est donc \u00e9quip\u00e9e de plusieurs segments de stores guid\u00e9s par des c\u00e2bles, afin de suivre la surface sans perturber l\u2019apparence ni g\u00eaner la vue. De plus, nous avons sp\u00e9cialement d\u00e9velopp\u00e9 des profils de guidage atypiques pour ce projet.&ldquo;\n<\/div>\n  <div class=\"citation__authorwrap\">\n  <div class=\"citation__line\"><\/div>\n    <p class=\"citation__author\">Luk\u00e1\u0161 Musil<\/p>\n      <p class=\"citation__position\">obchodn\u00ed mana\u017eer<\/p>\n  <\/div>\n      <\/section>\n\n\n        <section class=\"component component-gutenberg-paragraph typography my-1\">\n              \n<p><\/p>\n      <\/section>\n\n\n        <section class=\"component component-gutenberg-image typography my-1\">\n              \n<figure class=\"wp-block-image size-large is-style-default\"><img loading=\"lazy\" decoding=\"async\" width=\"1920\" height=\"960\" src=\"https:\/\/www.neva.eu\/wp-content\/uploads\/neva-atypicke-venkovni-zaluzie-3.jpg\" alt class=\"wp-image-9094\" srcset=\"https:\/\/www.neva.eu\/wp-content\/uploads\/neva-atypicke-venkovni-zaluzie-3.jpg 1920w, https:\/\/www.neva.eu\/wp-content\/uploads\/neva-atypicke-venkovni-zaluzie-3-1536x768.jpg 1536w, https:\/\/www.neva.eu\/wp-content\/uploads\/neva-atypicke-venkovni-zaluzie-3-1280x640.jpg 1280w, https:\/\/www.neva.eu\/wp-content\/uploads\/neva-atypicke-venkovni-zaluzie-3-940x470.jpg 940w, https:\/\/www.neva.eu\/wp-content\/uploads\/neva-atypicke-venkovni-zaluzie-3-758x379.jpg 758w, https:\/\/www.neva.eu\/wp-content\/uploads\/neva-atypicke-venkovni-zaluzie-3-425x213.jpg 425w\" sizes=\"auto, (max-width: 1920px) 100vw, 1920px\" \/><figcaption class=\"wp-element-caption\">Dans le cadre du projet du b\u00e2timent Flow Building de Prague, nous avons coop\u00e9r\u00e9 avec la soci\u00e9t\u00e9 Metalplast et le fournisseur de fa\u00e7ades Sipral pour concevoir des coulisses atypiques qui copient parfaitement la forme de la fa\u00e7ade.<\/figcaption><\/figure>\n      <\/section>\n\n\n        <section class=\"component component-gutenberg-heading typography my-1\">\n              \n<h2 class=\"wp-block-heading\">Syst\u00e8me d\u2019occultation des fen\u00eatres d\u2019angles<\/h2>\n      <\/section>\n\n\n        <section class=\"component component-gutenberg-paragraph typography my-1\">\n              \n<p>Les fen\u00eatres d\u2019angle sont <strong>aujourd\u2019hui tr\u00e8s tendance<\/strong>. Elles apportent beaucoup de luminosit\u00e9 dans la pi\u00e8ce et garantissent une vue formidable sur les alentours.<em> \u00ab&nbsp;Si les fen\u00eatres sont reli\u00e9es \u00e0&nbsp;l\u2019angle par un b\u00e2ti, nous y&nbsp;fixons notre profil\u00e9 d\u2019angle sp\u00e9cialement con\u00e7u \u00e0&nbsp;cet effet. Gr\u00e2ce \u00e0&nbsp;celui-ci, les stores ne laissent pas p\u00e9n\u00e9trer la lumi\u00e8re au niveau des angles&nbsp;\u00bb,<\/em> explique Luk\u00e1\u0161&nbsp;Musil.<\/p>\n      <\/section>\n\n\n        <section class=\"component component-gutenberg-paragraph typography my-1\">\n              \n<p>Cependant, les b\u00e2timents design sont souvent \u00e9quip\u00e9s <strong>de fen\u00eatres d\u2019angles coll\u00e9es<\/strong> qui ne sont s\u00e9par\u00e9es que par un joint \u00e9troit de 2&nbsp;cm. Dans un tel cas, nous ne venons pas perturber l\u2019effet d\u2019espace ouvert cr\u00e9\u00e9 et nous choisissons, si le type de store le permet, <strong>un guidage par c\u00e2ble<\/strong>.<em> \u00ab&nbsp;Les stores guid\u00e9s par c\u00e2ble sans coulisse pr\u00e9sentent un design plus \u00e9pur\u00e9. Toutefois, ils affichent quelques inconv\u00e9nients&nbsp;: m\u00eame en position inclin\u00e9e, les lames laissent passer la lumi\u00e8re et la r\u00e9sistance des stores contre le vent est \u00e9galement moins bonne&nbsp;\u00bb,<\/em> ajoute un professionnel de la soci\u00e9t\u00e9 NEVA.<\/p>\n      <\/section>\n\n\n        <section class=\"component component-gutenberg-image typography my-1\">\n              \n<figure class=\"wp-block-image size-large is-style-default\"><img loading=\"lazy\" decoding=\"async\" width=\"1920\" height=\"960\" src=\"https:\/\/www.neva.eu\/wp-content\/uploads\/neva-atypicke-venkovni-zaluzie-4.jpg\" alt class=\"wp-image-9100\" srcset=\"https:\/\/www.neva.eu\/wp-content\/uploads\/neva-atypicke-venkovni-zaluzie-4.jpg 1920w, https:\/\/www.neva.eu\/wp-content\/uploads\/neva-atypicke-venkovni-zaluzie-4-1536x768.jpg 1536w, https:\/\/www.neva.eu\/wp-content\/uploads\/neva-atypicke-venkovni-zaluzie-4-1280x640.jpg 1280w, https:\/\/www.neva.eu\/wp-content\/uploads\/neva-atypicke-venkovni-zaluzie-4-940x470.jpg 940w, https:\/\/www.neva.eu\/wp-content\/uploads\/neva-atypicke-venkovni-zaluzie-4-758x379.jpg 758w, https:\/\/www.neva.eu\/wp-content\/uploads\/neva-atypicke-venkovni-zaluzie-4-425x213.jpg 425w\" sizes=\"auto, (max-width: 1920px) 100vw, 1920px\" \/><figcaption class=\"wp-element-caption\">Lors de la fabrication de stores pour une villa en Moravie (R\u00e9publique tch\u00e8que), nous avons employ\u00e9 les solutions d\u2019angle NEVA pour les colonnes en b\u00e9ton situ\u00e9es au niveau des fen\u00eatres d\u2019angle.<\/figcaption><\/figure>\n      <\/section>\n\n\n        <section class=\"component component-gutenberg-heading typography my-1\">\n              \n<h2 class=\"wp-block-heading\">Syst\u00e8mes d\u2019occultation sur fen\u00eatres inclin\u00e9es<\/h2>\n      <\/section>\n\n\n        <section class=\"component component-gutenberg-paragraph typography my-1\">\n              \n<p>Pour occulter les fen\u00eatres <strong>ayant une inclinaison maximale de 15\u00b0 par rapport \u00e0&nbsp;la fa\u00e7ade<\/strong>, nous fabriquons le plus souvent des stores avec des lamelles de type Z&nbsp;et S, que nous les \u00e9quipons de goupilles de guidage de chaque c\u00f4t\u00e9.<\/p>\n      <\/section>\n\n\n        <section class=\"component component-gutenberg-paragraph typography my-1\">\n              \n<p>Si l\u2019inclinaison est sup\u00e9rieure, le store ne peut pas descendre de lui-m\u00eame. Nous <strong>ne conseillons donc pas la pose de stores sur les fen\u00eatres de toit<\/strong> car la r\u00e9sistance y&nbsp;serait telle qu\u2019il ne serait pas du tout possible de manipuler les lamelles.<\/p>\n      <\/section>\n\n\n        <section class=\"component component-gutenberg-paragraph typography my-1\">\n              \n<p>Si vous r\u00eavez d\u2019installer un syst\u00e8me d\u2019occultation sur les menuiseries de votre maison design ou que vous envisagez l\u2019utilisation de lamelles de couleur moins conventionnelle, prenez contact avec l\u2019un de nos revendeurs qui se fera un plaisir de vous pr\u00e9senter nos diff\u00e9rentes possibilit\u00e9s.<\/p>\n      <\/section>\n\n\n<a id=\"\" href=\"https:\/\/www.neva.eu\/fr\/trouver-un-revendeur\/\" class=\"button\" target=\"\">\n  Trouver le revendeur le plus proche\n<\/a>\n","protected":false},"excerpt":{"rendered":"<p>Les stores \u00e0 lamelles ext\u00e9rieurs peuvent \u00eatre fabriqu\u00e9s pour parfaitement s\u2019int\u00e9grer aux constructions sur mesures. D\u00e9couvrez dans quelle mesure les lamelles et les accessoires de couleur vive conviennent le mieux et comment obtenir une occultation optimale pour les fen\u00eatres d\u2019angle. Nous avons demand\u00e9 \u00e0 notre responsable commercial, Luk\u00e1\u0161 Musil, de bien vouloir nous pr\u00e9senter les diff\u00e9rents syst\u00e8mes d\u2019occultation ext\u00e9rieurs sur mesures possibles.<\/p>\n","protected":false},"author":20,"featured_media":9078,"comment_status":"closed","ping_status":"closed","sticky":false,"template":"","format":"standard","meta":{"_acf_changed":false,"advgb_blocks_editor_width":"","advgb_blocks_columns_visual_guide":"","_daim_seo_power":"1000","_daim_enable_ail":"1","footnotes":""},"categories":[199],"tags":[],"class_list":["post-9695","post","type-post","status-publish","format-standard","has-post-thumbnail","hentry","category-conseils-et-manuels"],"acf":[],"aioseo_notices":[],"author_meta":{"display_name":"Jan Gajdo\u0161","author_link":"https:\/\/www.neva.eu\/fr\/author\/gajdos\/"},"featured_img":"https:\/\/www.neva.eu\/wp-content\/uploads\/neva-atypicke-venkovni-zaluzie.jpg","coauthors":[],"tax_additional":{"categories":{"linked":["<a href=\"https:\/\/www.neva.eu\/fr\/actualites\/categorie\/conseils-et-manuels\/\" class=\"advgb-post-tax-term\">Conseils et manuels<\/a>"],"unlinked":["<span class=\"advgb-post-tax-term\">Conseils et manuels<\/span>"]}},"comment_count":"0","relative_dates":{"created":"Publi\u00e9 6 years il y a","modified":"Mis \u00e0 jour 10 months il y a"},"absolute_dates":{"created":"Publi\u00e9 le 23. 6. 2020","modified":"Mise \u00e0 jour le 14. 7. 2025"},"absolute_dates_time":{"created":"Publi\u00e9 le 23. 6. 2020 9:36","modified":"Mise \u00e0 jour le 14. 7. 2025 15:21"},"featured_img_caption":"","series_order":"","_links":{"self":[{"href":"https:\/\/www.neva.eu\/fr\/wp-json\/wp\/v2\/posts\/9695","targetHints":{"allow":["GET"]}}],"collection":[{"href":"https:\/\/www.neva.eu\/fr\/wp-json\/wp\/v2\/posts"}],"about":[{"href":"https:\/\/www.neva.eu\/fr\/wp-json\/wp\/v2\/types\/post"}],"author":[{"embeddable":true,"href":"https:\/\/www.neva.eu\/fr\/wp-json\/wp\/v2\/users\/20"}],"replies":[{"embeddable":true,"href":"https:\/\/www.neva.eu\/fr\/wp-json\/wp\/v2\/comments?post=9695"}],"version-history":[{"count":5,"href":"https:\/\/www.neva.eu\/fr\/wp-json\/wp\/v2\/posts\/9695\/revisions"}],"predecessor-version":[{"id":29239,"href":"https:\/\/www.neva.eu\/fr\/wp-json\/wp\/v2\/posts\/9695\/revisions\/29239"}],"wp:featuredmedia":[{"embeddable":true,"href":"https:\/\/www.neva.eu\/fr\/wp-json\/wp\/v2\/media\/9078"}],"wp:attachment":[{"href":"https:\/\/www.neva.eu\/fr\/wp-json\/wp\/v2\/media?parent=9695"}],"wp:term":[{"taxonomy":"category","embeddable":true,"href":"https:\/\/www.neva.eu\/fr\/wp-json\/wp\/v2\/categories?post=9695"},{"taxonomy":"post_tag","embeddable":true,"href":"https:\/\/www.neva.eu\/fr\/wp-json\/wp\/v2\/tags?post=9695"}],"curies":[{"name":"wp","href":"https:\/\/api.w.org\/{rel}","templated":true}]}}