{"id":9247,"date":"2020-06-11T14:28:27","date_gmt":"2020-06-11T12:28:27","guid":{"rendered":"https:\/\/www.neva.eu\/non-classifiee\/nous-pensons-a-lavenir-notre-centrale-photovoltaique-nous-permet-de-mieux-preserver-la-planete\/"},"modified":"2020-06-22T16:02:30","modified_gmt":"2020-06-22T14:02:30","slug":"nous-pensons-a-lavenir-notre-centrale-photovoltaique-nous-permet-de-mieux-preserver-la-planete","status":"publish","type":"post","link":"https:\/\/www.neva.eu\/fr\/nouveautes\/nous-pensons-a-lavenir-notre-centrale-photovoltaique-nous-permet-de-mieux-preserver-la-planete\/","title":{"rendered":"Nous pensons \u00e0 l\u2019avenir : notre centrale photovolta\u00efque nous permet de mieux pr\u00e9server la plan\u00e8te."},"content":{"rendered":"        <section class=\"component component-gutenberg-paragraph typography my-1\">\n              \n<p>Notre projet d\u2019installation de panneaux volta\u00efques sur notre toit a&nbsp;d\u00e9but\u00e9 en 2018. Notre objectif \u00e9tait de r\u00e9duire le co\u00fbt des charges en \u00e9lectricit\u00e9 car, par beau temps, <strong>notre entreprise fonctionnera \u00e0&nbsp;100% avec l\u2019\u00e9nergie ainsi produite<\/strong>. Notre seconde motivation \u00e9tait l\u2019envie de moins solliciter notre plan\u00e8te et nous sommes heureux d\u2019avoir pu placer ces panneaux solaires sur notre toit pour \u00e9viter la cr\u00e9ation d\u2019un nouveau champ photovolta\u00efque.<\/p>\n      <\/section>\n        <section class=\"component component-gutenberg-heading typography my-1\">\n              \n<h2 class=\"wp-block-heading\">Le premier essai n\u2019a pas \u00e9t\u00e9 le&nbsp;bon<\/h2>\n      <\/section>\n        <section class=\"component component-gutenberg-paragraph typography my-1\">\n              \n<p>Des <strong>probl\u00e8mes inattendus<\/strong> sont cependant intervenus lors du premier appel d\u2019offre et ont malheureusement conduit \u00e0&nbsp;son annulation. Les technologies ont cependant \u00e9volu\u00e9 depuis 2018, entra\u00eenant une modification des exigences en termes de s\u00e9curit\u00e9. Nous avons donc apport\u00e9 toutes les modifications n\u00e9cessaires \u00e0&nbsp;notre projet et un nouvel appel d\u2019offres a&nbsp;ainsi pu \u00eatre lanc\u00e9 en janvier 2020. La <strong> <a href=\"https:\/\/energo.nwt.cz\/\" target=\"_blank\" aria-label=\"spole\u010dnost NWT (opens in a new tab)\" rel=\"noreferrer noopener\" class=\"aioseop-link\">soci\u00e9t\u00e9 NWT<\/a><\/strong> que nous avons choisie est tout aussi exp\u00e9riment\u00e9e dans son domaine que nous le sommes dans celui des stores.<\/p>\n      <\/section>\n        <section class=\"component component-gutenberg-heading typography my-1\">\n              \n<h2 class=\"wp-block-heading\">La crise du coronavirus a&nbsp;repouss\u00e9 les \u00e9ch\u00e9ances<\/h2>\n      <\/section>\n        <section class=\"component component-gutenberg-paragraph typography my-1\">\n              \n<p>La crise du Coronavirus n\u2019a cependant pas \u00e9t\u00e9 sans cons\u00e9quence sur nos pr\u00e9visions et les travaux ont \u00e9t\u00e9 plus longs. Depuis mi-2020, notre centrale photovolta\u00efque est cependant en activit\u00e9 et nous l\u2019utilisons \u00e0&nbsp;100%.<\/p>\n      <\/section>\n        <section class=\"component component-gutenberg-image typography my-1\">\n              \n<figure class=\"wp-block-image size-large is-style-default\"><img loading=\"lazy\" decoding=\"async\" width=\"1920\" height=\"960\" src=\"https:\/\/www.neva.eu\/wp-content\/uploads\/neva-fotovoltaicka-elektrarna-2.jpg\" alt class=\"wp-image-8977\" srcset=\"https:\/\/www.neva.eu\/wp-content\/uploads\/neva-fotovoltaicka-elektrarna-2.jpg 1920w, https:\/\/www.neva.eu\/wp-content\/uploads\/neva-fotovoltaicka-elektrarna-2-1536x768.jpg 1536w, https:\/\/www.neva.eu\/wp-content\/uploads\/neva-fotovoltaicka-elektrarna-2-1280x640.jpg 1280w, https:\/\/www.neva.eu\/wp-content\/uploads\/neva-fotovoltaicka-elektrarna-2-940x470.jpg 940w, https:\/\/www.neva.eu\/wp-content\/uploads\/neva-fotovoltaicka-elektrarna-2-758x379.jpg 758w, https:\/\/www.neva.eu\/wp-content\/uploads\/neva-fotovoltaicka-elektrarna-2-425x213.jpg 425w\" sizes=\"auto, (max-width: 1920px) 100vw, 1920px\" \/><figcaption>Le montage a&nbsp;\u00e9t\u00e9 pr\u00e9c\u00e9d\u00e9 de travaux de pr\u00e9paration tr\u00e8s pointus et deux semaines ont ensuite suffi pour assurer l\u2019ensemble de l\u2019installation sur le&nbsp;toit.<\/figcaption><\/figure>\n      <\/section>\n        <section class=\"component component-gutenberg-paragraph typography my-1\">\n              \n<p><\/p>\n      <\/section>\n        <section class=\"component component-gutenberg-heading typography my-1\">\n              \n<h2 class=\"wp-block-heading\">Nous participons \u00e0&nbsp;la protection de l\u2019environnement<\/h2>\n      <\/section>\n        <section class=\"component component-gutenberg-paragraph typography my-1\">\n              \n<p>Notre centrale photovolta\u00efque nous a&nbsp;d\u00e9j\u00e0 permis d\u2019\u00e9conomiser 1&nbsp;185,9&nbsp;kg d\u2019\u00e9missions de CO2, soit l\u2019\u00e9quivalent de 35,4 arbres plant\u00e9s.<\/p>\n      <\/section>\n        <section class=\"component component-gutenberg-heading typography my-1\">\n              \n<h3 class=\"wp-block-heading\">Donn\u00e9es techniques<\/h3>\n      <\/section>\n        <section class=\"component component-gutenberg-table typography my-1\">\n              \n<figure class=\"wp-block-table\"><table><tbody><tr><td><strong>Nombre de panneaux<\/strong><\/td><td>553<\/td><\/tr><tr><td><strong>Longueur des c\u00e2bles<\/strong><\/td><td>7 200 m\u00e8tres<\/td><\/tr><tr><td><strong>Surface totale des panneaux<\/strong><\/td><td>940,5&nbsp;m<sup>2<\/sup><\/td><\/tr><tr><td><strong>Tension d\u2019exploitation<\/strong><\/td><td>+\/- 33&nbsp;V<\/td><\/tr><tr><td><strong>Poids total<\/strong><\/td><td>9 650 kilogrammes<\/td><\/tr><\/tbody><\/table><\/figure>\n      <\/section>\n        <section class=\"component component-gutenberg-paragraph typography my-1\">\n              \n<p><\/p>\n      <\/section>\n","protected":false},"excerpt":{"rendered":"<p>Notre entreprise fait son maximum pour avancer et se d\u00e9velopper dans tous les domaines. Notre environnement ne nous est pas indiff\u00e9rent et nous cherchons donc \u00e0 \u00eatre aussi respectueux que possible de notre plan\u00e8te. Alors, d\u00e8s que nous avons la possibilit\u00e9 d\u2019\u00eatre \u00e9co-responsables, nous n\u2019h\u00e9sitons pas une seconde.<\/p>\n","protected":false},"author":4,"featured_media":8961,"comment_status":"closed","ping_status":"closed","sticky":false,"template":"","format":"standard","meta":{"_acf_changed":false,"advgb_blocks_editor_width":"","advgb_blocks_columns_visual_guide":"","_daim_seo_power":"","_daim_enable_ail":"","footnotes":""},"categories":[198],"tags":[],"class_list":["post-9247","post","type-post","status-publish","format-standard","has-post-thumbnail","hentry","category-nouveautes"],"acf":[],"aioseo_notices":[],"author_meta":{"display_name":"Miloslav Matou\u0161ek","author_link":"https:\/\/www.neva.eu\/fr\/author\/matousek\/"},"featured_img":"https:\/\/www.neva.eu\/wp-content\/uploads\/neva-fotovoltaicka-elektrarna.jpg","coauthors":[],"tax_additional":{"categories":{"linked":["<a href=\"https:\/\/www.neva.eu\/fr\/actualites\/categorie\/nouveautes\/\" class=\"advgb-post-tax-term\">Nouveaut\u00e9s<\/a>"],"unlinked":["<span class=\"advgb-post-tax-term\">Nouveaut\u00e9s<\/span>"]}},"comment_count":"0","relative_dates":{"created":"Publi\u00e9 6 years il y a","modified":"Mis \u00e0 jour 6 years il y a"},"absolute_dates":{"created":"Publi\u00e9 le 11. 6. 2020","modified":"Mise \u00e0 jour le 22. 6. 2020"},"absolute_dates_time":{"created":"Publi\u00e9 le 11. 6. 2020 14:28","modified":"Mise \u00e0 jour le 22. 6. 2020 16:02"},"featured_img_caption":"","series_order":"","_links":{"self":[{"href":"https:\/\/www.neva.eu\/fr\/wp-json\/wp\/v2\/posts\/9247","targetHints":{"allow":["GET"]}}],"collection":[{"href":"https:\/\/www.neva.eu\/fr\/wp-json\/wp\/v2\/posts"}],"about":[{"href":"https:\/\/www.neva.eu\/fr\/wp-json\/wp\/v2\/types\/post"}],"author":[{"embeddable":true,"href":"https:\/\/www.neva.eu\/fr\/wp-json\/wp\/v2\/users\/4"}],"replies":[{"embeddable":true,"href":"https:\/\/www.neva.eu\/fr\/wp-json\/wp\/v2\/comments?post=9247"}],"version-history":[{"count":0,"href":"https:\/\/www.neva.eu\/fr\/wp-json\/wp\/v2\/posts\/9247\/revisions"}],"wp:featuredmedia":[{"embeddable":true,"href":"https:\/\/www.neva.eu\/fr\/wp-json\/wp\/v2\/media\/8961"}],"wp:attachment":[{"href":"https:\/\/www.neva.eu\/fr\/wp-json\/wp\/v2\/media?parent=9247"}],"wp:term":[{"taxonomy":"category","embeddable":true,"href":"https:\/\/www.neva.eu\/fr\/wp-json\/wp\/v2\/categories?post=9247"},{"taxonomy":"post_tag","embeddable":true,"href":"https:\/\/www.neva.eu\/fr\/wp-json\/wp\/v2\/tags?post=9247"}],"curies":[{"name":"wp","href":"https:\/\/api.w.org\/{rel}","templated":true}]}}