{"id":4753,"date":"2018-06-06T13:28:35","date_gmt":"2018-06-06T11:28:35","guid":{"rendered":"https:\/\/www.neva.eu\/non-classifiee\/le-carton-demballage-est-fabrique-sur-mesure-pour-chacun-de-nos-produits\/"},"modified":"2019-10-18T19:30:55","modified_gmt":"2019-10-18T17:30:55","slug":"le-carton-demballage-est-fabrique-sur-mesure-pour-chacun-de-nos-produits","status":"publish","type":"post","link":"https:\/\/www.neva.eu\/fr\/nouveautes\/le-carton-demballage-est-fabrique-sur-mesure-pour-chacun-de-nos-produits\/","title":{"rendered":"Le carton d\u2019emballage est fabriqu\u00e9 sur mesure pour chacun de nos produits."},"content":{"rendered":"<p>Notre directeur, Monsieur Ji\u0159\u00ed Nesvadb\u00edk, et Monsieur  Ji\u0159\u00ed Hlavka de la soci\u00e9t\u00e9 Packung, fournisseur de la machine d\u2019emballages Compack Evo 2.5, leur ont fait d\u00e9couvrir nos espaces de fabrication.<\/p>\n<p>Si vous souhaitez d\u00e9couvrir comment nous fabriquons chaque carton d\u2019emballage de brise-soleil sur mesure, retrouvez <a href=\"https:\/\/www.neva.eu\/wp-content\/uploads\/neva-packaging-4-2018.pdf\">l\u2019ensemble de l\u2019article dans le magazine Packaging<\/a>.<\/p>\n<p><img loading=\"lazy\" decoding=\"async\" width=\"1920\" height=\"1280\" class=\"alignleft wp-image-717 size-full\" src=\"https:\/\/www.neva.eu\/wp-content\/uploads\/neva-krabice-na-miru-2-e1559822307300.jpg\" alt=\"\" \/><br \/>\n<br \/>\n<img loading=\"lazy\" decoding=\"async\" width=\"1920\" height=\"1280\" class=\"alignleft wp-image-718 size-full\" src=\"https:\/\/www.neva.eu\/wp-content\/uploads\/neva-krabice-na-miru-4-e1559822346576.jpg\" alt=\"\" \/><\/p>\n","protected":false},"excerpt":{"rendered":"<p>Nous pr\u00eatons une grande attention \u00e0 la qualit\u00e9 de nos produits, non seulement pendant leur production, mais aussi pendant leur conditionnement. C\u2019est ce qu\u2019ont pu constater les r\u00e9dacteurs du magazine sp\u00e9cialis\u00e9 Packaging.<\/p>\n","protected":false},"author":4,"featured_media":2334,"comment_status":"open","ping_status":"closed","sticky":false,"template":"","format":"standard","meta":{"_acf_changed":false,"advgb_blocks_editor_width":"","advgb_blocks_columns_visual_guide":"","_daim_seo_power":"","_daim_enable_ail":"","footnotes":""},"categories":[198],"tags":[],"class_list":["post-4753","post","type-post","status-publish","format-standard","has-post-thumbnail","hentry","category-nouveautes"],"acf":[],"aioseo_notices":[],"author_meta":{"display_name":"Miloslav Matou\u0161ek","author_link":"https:\/\/www.neva.eu\/fr\/author\/matousek\/"},"featured_img":"https:\/\/www.neva.eu\/wp-content\/uploads\/neva-balici-linka-krabice-na-miru.jpg","coauthors":[],"tax_additional":{"categories":{"linked":["<a href=\"https:\/\/www.neva.eu\/fr\/actualites\/categorie\/nouveautes\/\" class=\"advgb-post-tax-term\">Nouveaut\u00e9s<\/a>"],"unlinked":["<span class=\"advgb-post-tax-term\">Nouveaut\u00e9s<\/span>"]}},"comment_count":"0","relative_dates":{"created":"Publi\u00e9 8 years il y a","modified":"Mis \u00e0 jour 7 years il y a"},"absolute_dates":{"created":"Publi\u00e9 le 6. 6. 2018","modified":"Mise \u00e0 jour le 18. 10. 2019"},"absolute_dates_time":{"created":"Publi\u00e9 le 6. 6. 2018 13:28","modified":"Mise \u00e0 jour le 18. 10. 2019 19:30"},"featured_img_caption":"","series_order":"","_links":{"self":[{"href":"https:\/\/www.neva.eu\/fr\/wp-json\/wp\/v2\/posts\/4753","targetHints":{"allow":["GET"]}}],"collection":[{"href":"https:\/\/www.neva.eu\/fr\/wp-json\/wp\/v2\/posts"}],"about":[{"href":"https:\/\/www.neva.eu\/fr\/wp-json\/wp\/v2\/types\/post"}],"author":[{"embeddable":true,"href":"https:\/\/www.neva.eu\/fr\/wp-json\/wp\/v2\/users\/4"}],"replies":[{"embeddable":true,"href":"https:\/\/www.neva.eu\/fr\/wp-json\/wp\/v2\/comments?post=4753"}],"version-history":[{"count":0,"href":"https:\/\/www.neva.eu\/fr\/wp-json\/wp\/v2\/posts\/4753\/revisions"}],"wp:featuredmedia":[{"embeddable":true,"href":"https:\/\/www.neva.eu\/fr\/wp-json\/wp\/v2\/media\/2334"}],"wp:attachment":[{"href":"https:\/\/www.neva.eu\/fr\/wp-json\/wp\/v2\/media?parent=4753"}],"wp:term":[{"taxonomy":"category","embeddable":true,"href":"https:\/\/www.neva.eu\/fr\/wp-json\/wp\/v2\/categories?post=4753"},{"taxonomy":"post_tag","embeddable":true,"href":"https:\/\/www.neva.eu\/fr\/wp-json\/wp\/v2\/tags?post=4753"}],"curies":[{"name":"wp","href":"https:\/\/api.w.org\/{rel}","templated":true}]}}