{"id":29678,"date":"2025-07-29T10:44:02","date_gmt":"2025-07-29T08:44:02","guid":{"rendered":"https:\/\/www.neva.eu\/non-classifiee\/un-intrieur-revtu-de-bandes-de-lames-notre-salle-dexposition-a-t-conue-par-le-studio-vrtiska-a-zak\/"},"modified":"2025-08-01T12:10:27","modified_gmt":"2025-08-01T10:10:27","slug":"un-intrieur-revtu-de-bandes-de-lames-notre-salle-dexposition-a-t-conue-par-le-studio-vrtiska-a-zak","status":"publish","type":"post","link":"https:\/\/www.neva.eu\/fr\/la-vie-de-neva\/un-intrieur-revtu-de-bandes-de-lames-notre-salle-dexposition-a-t-conue-par-le-studio-vrtiska-a-zak\/","title":{"rendered":"Un int\u00e9rieur rev\u00eatu de bandes de lames. Notre salle d\u2019exposition a \u00e9t\u00e9 con\u00e7ue par le studio VRTI\u0160KA &#038; \u017d\u00c1K"},"content":{"rendered":"        <section class=\"component component-gutenberg-heading typography my-1\">\n              \n<h2 class=\"wp-block-heading\">Le plan du b\u00e2timent \u00e9tait \u00e9tabli \u00e0&nbsp;l\u2019avance<\/h2>\n      <\/section>\n\n\n        <section class=\"component component-gutenberg-paragraph typography my-1\">\n              \n<p>Les architectes <a href=\"https:\/\/vrtiskazak.com\/cs\/studio\/\" target=\"_blank\" rel=\"noopener\" title><strong>Roman Vrti\u0161ka et Vladim\u00edr \u017d\u00e1k<\/strong><\/a> ont d\u00fb respecter certaines contraintes, car la disposition de base du b\u00e2timent avait \u00e9t\u00e9 fix\u00e9e avant qu\u2019ils ne soient impliqu\u00e9s dans le projet sans pouvoir le modifier. Hormis cette obligation, ils ont re\u00e7u le feu vert complet.<\/p>\n      <\/section>\n\n\n        <section class=\"component component-gutenberg-image typography my-1\">\n              \n<figure class=\"wp-block-image size-large\"><img loading=\"lazy\" decoding=\"async\" width=\"1024\" height=\"512\" src=\"https:\/\/www.neva.eu\/wp-content\/uploads\/NEVA-Showroom-5-1024x512.jpg\" alt class=\"wp-image-29630\" srcset=\"https:\/\/www.neva.eu\/wp-content\/uploads\/NEVA-Showroom-5-1024x512.jpg 1024w, https:\/\/www.neva.eu\/wp-content\/uploads\/NEVA-Showroom-5-300x150.jpg 300w, https:\/\/www.neva.eu\/wp-content\/uploads\/NEVA-Showroom-5-768x384.jpg 768w, https:\/\/www.neva.eu\/wp-content\/uploads\/NEVA-Showroom-5-1536x768.jpg 1536w, https:\/\/www.neva.eu\/wp-content\/uploads\/NEVA-Showroom-5.jpg 1920w\" sizes=\"auto, (max-width: 1024px) 100vw, 1024px\" \/><\/figure>\n      <\/section>\n\n\n        <section class=\"component component-gutenberg-quote typography my-1\">\n              \n<blockquote class=\"wp-block-quote is-layout-flow wp-block-quote-is-layout-flow\">\n<p><em>&nbsp;\u00ab Nous avons pu proposer des ajustements partiels de l\u2019agencement, ce qui impliquait en pratique de d\u00e9molir certaines cloisons et de murer des passages, et surtout de d\u00e9couper une grande ouverture circulaire dans le mur en b\u00e9ton arm\u00e9 au milieu de la salle d\u2019exposition \u00bb<\/em>, explique Roman Vrti\u0161ka.<br><br><em>\u00ab&nbsp;Nous nous sommes fix\u00e9 comme objectif d\u2019ouvrir autant que possible l\u2019espace \u00e0&nbsp;l\u2019\u00e9tage. La salle d\u2019exposition comprend une salle de formation, qui peut \u00eatre divis\u00e9e en deux salles de r\u00e9union avec une cloison acoustique mobile. La flexibilit\u00e9 de l\u2019espace est \u00e9galement soulign\u00e9e par la solution atypique des tables, qui permet de composer librement diff\u00e9rentes configurations. Ainsi, ces salles sont utilis\u00e9es pour les pr\u00e9sentations de produits ou les conf\u00e9rences, mais aussi comme lieux de rencontre \u00bb,<\/em> ajoute Vrti\u0161ka.<\/p>\n<\/blockquote>\n      <\/section>\n\n\n        <section class=\"component component-gutenberg-image typography my-1\">\n              \n<figure class=\"wp-block-image size-large is-resized\"><img loading=\"lazy\" decoding=\"async\" width=\"1024\" height=\"512\" src=\"https:\/\/www.neva.eu\/wp-content\/uploads\/NEVA-Showroom-9-1024x512.jpg\" alt class=\"wp-image-29661\" style=\"width:1022px;height:auto\" srcset=\"https:\/\/www.neva.eu\/wp-content\/uploads\/NEVA-Showroom-9-1024x512.jpg 1024w, https:\/\/www.neva.eu\/wp-content\/uploads\/NEVA-Showroom-9-300x150.jpg 300w, https:\/\/www.neva.eu\/wp-content\/uploads\/NEVA-Showroom-9-768x384.jpg 768w, https:\/\/www.neva.eu\/wp-content\/uploads\/NEVA-Showroom-9-1536x768.jpg 1536w, https:\/\/www.neva.eu\/wp-content\/uploads\/NEVA-Showroom-9.jpg 1920w\" sizes=\"auto, (max-width: 1024px) 100vw, 1024px\" \/><\/figure>\n      <\/section>\n\n\n        <section class=\"component component-gutenberg-image typography my-1\">\n              \n<figure class=\"wp-block-image size-large\"><img loading=\"lazy\" decoding=\"async\" width=\"1024\" height=\"512\" src=\"https:\/\/www.neva.eu\/wp-content\/uploads\/NEVA-Showroom-8-1-1024x512.jpg\" alt class=\"wp-image-29667\" srcset=\"https:\/\/www.neva.eu\/wp-content\/uploads\/NEVA-Showroom-8-1-1024x512.jpg 1024w, https:\/\/www.neva.eu\/wp-content\/uploads\/NEVA-Showroom-8-1-300x150.jpg 300w, https:\/\/www.neva.eu\/wp-content\/uploads\/NEVA-Showroom-8-1-768x384.jpg 768w, https:\/\/www.neva.eu\/wp-content\/uploads\/NEVA-Showroom-8-1-1536x768.jpg 1536w, https:\/\/www.neva.eu\/wp-content\/uploads\/NEVA-Showroom-8-1.jpg 1920w\" sizes=\"auto, (max-width: 1024px) 100vw, 1024px\" \/><\/figure>\n      <\/section>\n\n\n        <section class=\"component component-gutenberg-heading typography my-1\">\n              \n<h2 class=\"wp-block-heading\">L\u2019habillage en bandes de lames, l\u2019\u00e9l\u00e9ment le plus marquant de l\u2019int\u00e9rieur<\/h2>\n      <\/section>\n\n\n        <section class=\"component component-gutenberg-paragraph typography my-1\">\n              \n<p>Les <strong>bandes d\u2019aluminium<\/strong>, c\u2019est-\u00e0-dire le mat\u00e9riau \u00e0&nbsp;partir duquel nous produisons nos <a href=\"https:\/\/www.neva.eu\/fr\/stores\/stores-exterieurs\/\" title>stores<\/a> \u00e0&nbsp;lamelles ext\u00e9rieurs, constituent l\u2019\u00e9l\u00e9ment le plus marquant de l\u2019int\u00e9rieur. Cette fois, nous n\u2019avons pas envoy\u00e9 les bandes \u00e0&nbsp;nos laminoirs, mais les avons utilis\u00e9es pour <strong>rev\u00eatir les plafonds et certains murs<\/strong>. Le mur central en b\u00e9ton arm\u00e9, \u00e0&nbsp;partir duquel les bandes s\u2019\u00e9tendent sur tout le plafond de la salle d\u2019exposition et des salles de r\u00e9union, est litt\u00e9ralement envelopp\u00e9 d\u2019aluminium.<\/p>\n      <\/section>\n\n\n        <section class=\"component component-gutenberg-paragraph typography my-1\">\n              \n<p>Cette \u00ab d\u00e9coration \u00bb a&nbsp;\u00e9t\u00e9 r\u00e9alis\u00e9e avec plusieurs kilom\u00e8tres de bandes d\u2019aluminium, qui constituent d\u00e9sormais la toile de fond originale de l\u2019ensemble de l\u2019int\u00e9rieur. Cette solution originale a&nbsp;entra\u00een\u00e9 plusieurs d\u00e9fis, comme celui de trouver une solution pour l\u2019installation pr\u00e8s du plafond, de mani\u00e8re \u00e0&nbsp;pouvoir <strong>ouvrir les bandes<\/strong> pour permettre l\u2019acc\u00e8s aux r\u00e9seaux d\u2019ing\u00e9nierie ou \u00e0&nbsp;la climatisation.<\/p>\n      <\/section>\n\n\n        <section class=\"component component-gutenberg-paragraph typography my-1\">\n              \n<p>En plus des bandes de lames, l\u2019int\u00e9rieur est compl\u00e9t\u00e9 par d\u2019autres mat\u00e9riaux de haute qualit\u00e9 : le <strong>bois massif, le b\u00e9ton et les sols en ciment coul\u00e9<\/strong>. L\u2019int\u00e9rieur est domin\u00e9 par le bleu de l\u2019entreprise et des accessoires couleur brique, le reste \u00e9tant volontairement neutre \u2013 blanc, gris ou noir \u2013 pour ne pas inutilement d\u00e9tourner l\u2019attention.<\/p>\n      <\/section>\n\n\n        <section class=\"component component-gutenberg-quote typography my-1\">\n              \n<blockquote class=\"wp-block-quote is-layout-flow wp-block-quote-is-layout-flow\">\n<p><em>\u00ab&nbsp;Les bandes en aluminium ont bien plus qu\u2019un simple r\u00f4le d\u00e9coratif. L\u2019objectif \u00e9tait aussi de transmettre l\u2019esprit de l\u2019entreprise NEVA. C\u2019est ce qui a&nbsp;motiv\u00e9 le recours \u00e0&nbsp;l\u2019aluminium, le choix des couleurs et l\u2019utilisation de mat\u00e9riaux de qualit\u00e9&nbsp;\u00bb<\/em>, ajoute Vrti\u0161ka.<\/p>\n<\/blockquote>\n      <\/section>\n\n\n        <section class=\"component component-gutenberg-image typography my-1\">\n              \n<figure class=\"wp-block-image size-large\"><img loading=\"lazy\" decoding=\"async\" width=\"1024\" height=\"512\" src=\"https:\/\/www.neva.eu\/wp-content\/uploads\/NEVA-Showroom-2-1024x512.jpg\" alt class=\"wp-image-29538\" srcset=\"https:\/\/www.neva.eu\/wp-content\/uploads\/NEVA-Showroom-2-1024x512.jpg 1024w, https:\/\/www.neva.eu\/wp-content\/uploads\/NEVA-Showroom-2-300x150.jpg 300w, https:\/\/www.neva.eu\/wp-content\/uploads\/NEVA-Showroom-2-768x384.jpg 768w, https:\/\/www.neva.eu\/wp-content\/uploads\/NEVA-Showroom-2-1536x768.jpg 1536w, https:\/\/www.neva.eu\/wp-content\/uploads\/NEVA-Showroom-2.jpg 1920w\" sizes=\"auto, (max-width: 1024px) 100vw, 1024px\" \/><\/figure>\n      <\/section>\n\n\n        <section class=\"component component-gutenberg-heading typography my-1\">\n              \n<h2 class=\"wp-block-heading\">Nous serons ravis de vous accueillir dans nos locaux.<\/h2>\n      <\/section>\n\n\n        <section class=\"component component-gutenberg-quote typography my-1\">\n              \n<blockquote class=\"wp-block-quote is-layout-flow wp-block-quote-is-layout-flow\">\n<p><\/p>\n<\/blockquote>\n      <\/section>\n\n\n        <section class=\"component component-gutenberg-paragraph typography my-1\">\n              \n<p>Le r\u00e9sultat de notre travail se traduit par un b\u00e2timent intemporel, offrant \u00e0&nbsp;notre disposition&nbsp;:<\/p>\n      <\/section>\n\n\n        <section class=\"component component-gutenberg-list typography my-1\">\n              \n<ul class=\"wp-block-list\">\n<li>une salle de restauration spacieuse au rez-de-chauss\u00e9e, reli\u00e9e \u00e0&nbsp;une terrasse ext\u00e9rieure,<\/li>\n\n\n\n<li>une salle d\u2019exposition dans laquelle nous exposons, entre autres, des \u00e9chantillons de stores de 4&nbsp;m\u00e8tres,<\/li>\n\n\n\n<li>une salle de r\u00e9union, que nous pouvons diviser en deux petites salles,<\/li>\n\n\n\n<li>et des bureaux \u2013 tr\u00e8s lumineux \u2013 destin\u00e9s \u00e0&nbsp;la direction de l\u2019entreprise.<\/li>\n<\/ul>\n      <\/section>\n\n\n        <section class=\"component component-gutenberg-paragraph typography my-1\">\n              \n<p>Il va de soi que l\u2019ext\u00e9rieur de l\u2019immeuble est \u00e9galement dot\u00e9 de stores&nbsp;: au rez-de-chauss\u00e9e, nous avons install\u00e9 nos <a href=\"https:\/\/www.neva.eu\/stores-toiles\/\">stores toiles<\/a>, tandis que des <a href=\"https:\/\/www.neva.eu\/zaluzie\/stores-exterieurs\/\">stores \u00e0&nbsp;lamelles ext\u00e9rieurs<\/a> ont \u00e9t\u00e9 install\u00e9s \u00e0&nbsp;l\u2019\u00e9tage. L\u2019immeuble tout entier sert ainsi de salle d\u2019exposition.<\/p>\n      <\/section>\n\n\n        <section class=\"component component-gutenberg-paragraph typography my-1\">\n              \n<p>L\u2019ensemble du b\u00e2timent est connect\u00e9 \u00e0&nbsp;un <strong>syst\u00e8me de contr\u00f4le KNX intelligent<\/strong>, qui optimise la consommation d\u2019\u00e9nergie et contr\u00f4le automatiquement, entre autres, le chauffage et la protection contre le soleil.<\/p>\n      <\/section>\n\n\n        <section class=\"component component-gutenberg-paragraph typography my-1\">\n              \n<p>Apr\u00e8s deux ans et demi d\u2019utilisation, nous pouvons dire que le b\u00e2timent remplit pleinement sa fonction (ce qui est particuli\u00e8rement vrai pour la salle d\u2019exposition) : il favorise le r\u00e9seautage, cr\u00e9e une atmosph\u00e8re agr\u00e9able et suscite l\u2019enthousiasme et la curiosit\u00e9 de nos visiteurs. Si vous souhaitez vous aussi d\u00e9couvrir le b\u00e2timent de vos propres yeux, faites-le-nous savoir et nous vous organiserons une visite personnelle.<\/p>\n      <\/section>\n","protected":false},"excerpt":{"rendered":"<p>En 2023, notre site de production de Kralice na Han\u00e9 s&#8217;est agrandi d\u2019un nouveau b\u00e2timent de deux \u00e9tages. Con\u00e7u par le studio d\u2019architecture VRTI\u0160KA &#038; \u017d\u00c1K, l\u2019int\u00e9rieur de cet espace, qui comprend des bureaux, une salle de restauration, des salles de r\u00e9union et une salle d&#8217;exposition, est domin\u00e9 par un rev\u00eatement in\u00e9dit des murs et du plafond, r\u00e9alis\u00e9 en bandes d\u2019aluminium identiques \u00e0 celles que nous utilisons pour la production de stores \u00e0 lamelles ext\u00e9rieurs.<\/p>\n","protected":false},"author":4,"featured_media":29547,"comment_status":"closed","ping_status":"closed","sticky":false,"template":"","format":"standard","meta":{"_acf_changed":false,"advgb_blocks_editor_width":"","advgb_blocks_columns_visual_guide":"","_daim_seo_power":"","_daim_enable_ail":"","footnotes":""},"categories":[202],"tags":[],"class_list":["post-29678","post","type-post","status-publish","format-standard","has-post-thumbnail","hentry","category-la-vie-de-neva"],"acf":[],"aioseo_notices":[],"author_meta":{"display_name":"Miloslav Matou\u0161ek","author_link":"https:\/\/www.neva.eu\/fr\/author\/matousek\/"},"featured_img":"https:\/\/www.neva.eu\/wp-content\/uploads\/NEVA-Showroom-1-300x150.jpg","coauthors":[],"tax_additional":{"categories":{"linked":["<a href=\"https:\/\/www.neva.eu\/fr\/actualites\/categorie\/la-vie-de-neva\/\" class=\"advgb-post-tax-term\">La vie de NEVA<\/a>"],"unlinked":["<span class=\"advgb-post-tax-term\">La vie de NEVA<\/span>"]}},"comment_count":"0","relative_dates":{"created":"Publi\u00e9 9 months il y a","modified":"Mis \u00e0 jour 9 months il y a"},"absolute_dates":{"created":"Publi\u00e9 le 29. 7. 2025","modified":"Mise \u00e0 jour le 1. 8. 2025"},"absolute_dates_time":{"created":"Publi\u00e9 le 29. 7. 2025 10:44","modified":"Mise \u00e0 jour le 1. 8. 2025 12:10"},"featured_img_caption":"","series_order":"","_links":{"self":[{"href":"https:\/\/www.neva.eu\/fr\/wp-json\/wp\/v2\/posts\/29678","targetHints":{"allow":["GET"]}}],"collection":[{"href":"https:\/\/www.neva.eu\/fr\/wp-json\/wp\/v2\/posts"}],"about":[{"href":"https:\/\/www.neva.eu\/fr\/wp-json\/wp\/v2\/types\/post"}],"author":[{"embeddable":true,"href":"https:\/\/www.neva.eu\/fr\/wp-json\/wp\/v2\/users\/4"}],"replies":[{"embeddable":true,"href":"https:\/\/www.neva.eu\/fr\/wp-json\/wp\/v2\/comments?post=29678"}],"version-history":[{"count":2,"href":"https:\/\/www.neva.eu\/fr\/wp-json\/wp\/v2\/posts\/29678\/revisions"}],"predecessor-version":[{"id":29685,"href":"https:\/\/www.neva.eu\/fr\/wp-json\/wp\/v2\/posts\/29678\/revisions\/29685"}],"wp:featuredmedia":[{"embeddable":true,"href":"https:\/\/www.neva.eu\/fr\/wp-json\/wp\/v2\/media\/29547"}],"wp:attachment":[{"href":"https:\/\/www.neva.eu\/fr\/wp-json\/wp\/v2\/media?parent=29678"}],"wp:term":[{"taxonomy":"category","embeddable":true,"href":"https:\/\/www.neva.eu\/fr\/wp-json\/wp\/v2\/categories?post=29678"},{"taxonomy":"post_tag","embeddable":true,"href":"https:\/\/www.neva.eu\/fr\/wp-json\/wp\/v2\/tags?post=29678"}],"curies":[{"name":"wp","href":"https:\/\/api.w.org\/{rel}","templated":true}]}}