{"id":28816,"date":"2025-06-27T10:59:22","date_gmt":"2025-06-27T08:59:22","guid":{"rendered":"https:\/\/www.neva.eu\/?p=28816"},"modified":"2025-06-30T11:22:06","modified_gmt":"2025-06-30T09:22:06","slug":"la-societe-neva-prolonge-sa-garantie-sur-les-stores-exterieurs-desormais-23-ans","status":"publish","type":"post","link":"https:\/\/www.neva.eu\/fr\/nouveautes\/la-societe-neva-prolonge-sa-garantie-sur-les-stores-exterieurs-desormais-23-ans\/","title":{"rendered":"La soci\u00e9t\u00e9 NEVA prolonge sa garantie sur les stores ext\u00e9rieurs \u2013 d\u00e9sormais 2 + 3 ans"},"content":{"rendered":"        <section class=\"component component-gutenberg-paragraph typography my-1\">\n              \n<p>\u00c0 partir du 1<sup>er<\/sup>&nbsp;juillet 2025, \u017dALUZIE NEVA introduit un changement qui ravira ses clients et partenaires commerciaux&nbsp;: la garantie de 2 + 2&nbsp;ans sur les <a href=\"https:\/\/www.neva.eu\/fr\/stores\/stores-exterieurs\/\" title>stores ext\u00e9rieurs<\/a> \u00e0&nbsp;lamelles et les <a href=\"https:\/\/www.neva.eu\/fr\/stores-toiles\/zipscreen\/\" title>stores toil\u00e9s<\/a> est prolong\u00e9e \u00e0&nbsp;2 + 3&nbsp;ans. Cela signifie que le client b\u00e9n\u00e9ficiera d\u2019une garantie totale de cinq ans sur la qualit\u00e9 et la fonctionnalit\u00e9 de ces produits.<\/p>\n      <\/section>\n\n\n        <section class=\"component component-gutenberg-paragraph typography my-1\">\n              \n<p>Le changement s\u2019applique exclusivement aux stores \u00e0&nbsp;lamelles et aux stores toil\u00e9s. La garantie de 5&nbsp;ans sur les moteurs Somfy, Geiger, Elero et Gaposa reste inchang\u00e9e et les composants \u00e9lectroniques sont toujours couverts par une garantie l\u00e9gale de 2&nbsp;ans. Dans le cadre de la garantie prolong\u00e9e, les r\u00e9parations des d\u00e9fauts de garantie continueront d\u2019\u00eatre effectu\u00e9es gratuitement au si\u00e8ge de la soci\u00e9t\u00e9 \u00e0&nbsp;Kralice na Han\u00e9, en R\u00e9publique tch\u00e8que, et les composants de remplacement seront fournis gratuitement. Toutefois, les frais li\u00e9s au d\u00e9montage, au montage ou au transport sont \u00e0&nbsp;charge du client.<\/p>\n      <\/section>\n\n\n        <section class=\"component component-gutenberg-paragraph typography my-1\">\n              \n<p>Ce changement est motiv\u00e9 par la haute qualit\u00e9 des produits NEVA \u00e0&nbsp;long terme et leur tr\u00e8s faible taux de d\u00e9faillance. Les stores ext\u00e9rieurs de NEVA sont fabriqu\u00e9s \u00e0&nbsp;partir de mat\u00e9riaux durables et avec un traitement hautement pr\u00e9cis, ce qui garantit une longue dur\u00e9e de vie m\u00eame dans des conditions climatiques exigeantes. Ainsi, l\u2019entreprise peut se permettre d\u2019offrir une garantie plus longue, sans compromis.<\/p>\n      <\/section>\n\n\n        <section class=\"component component-gutenberg-image typography my-1\">\n              \n<figure class=\"wp-block-image size-large\"><img loading=\"lazy\" decoding=\"async\" width=\"1024\" height=\"512\" src=\"https:\/\/www.neva.eu\/wp-content\/uploads\/NEVA-Zaruka-5-let-4-1024x512.jpg\" alt class=\"wp-image-28821\" srcset=\"https:\/\/www.neva.eu\/wp-content\/uploads\/NEVA-Zaruka-5-let-4-1024x512.jpg 1024w, https:\/\/www.neva.eu\/wp-content\/uploads\/NEVA-Zaruka-5-let-4-300x150.jpg 300w, https:\/\/www.neva.eu\/wp-content\/uploads\/NEVA-Zaruka-5-let-4-768x384.jpg 768w, https:\/\/www.neva.eu\/wp-content\/uploads\/NEVA-Zaruka-5-let-4-1536x768.jpg 1536w, https:\/\/www.neva.eu\/wp-content\/uploads\/NEVA-Zaruka-5-let-4.jpg 1920w\" sizes=\"auto, (max-width: 1024px) 100vw, 1024px\" \/><\/figure>\n      <\/section>\n\n\n        <section class=\"component component-gutenberg-paragraph typography my-1\">\n              \n<p>Ce changement souligne l\u2019engagement \u00e0&nbsp;long terme de NEVA envers la qualit\u00e9, la fiabilit\u00e9 et la confiance en ses propres produits. D\u00e9sormais, les clients peuvent acheter des stores ext\u00e9rieurs avec encore plus de tranquillit\u00e9 d\u2019esprit et de confiance dans leur longue dur\u00e9e de&nbsp;vie.<\/p>\n      <\/section>\n\n\n        <section class=\"component component-gutenberg-paragraph typography my-1\">\n              \n<p><\/p>\n      <\/section>\n","protected":false},"excerpt":{"rendered":"<p>\u00c0 partir du 1er juillet 2025, \u017dALUZIE NEVA prolonge la p\u00e9riode de garantie de ses stores \u00e0 lamelles ext\u00e9rieurs et stores toiles. Avec deux ans de garantie standard et trois ans de garantie prolong\u00e9e, les clients b\u00e9n\u00e9ficieront d\u00e9sormais de cinq ans de tranquillit\u00e9 d\u2019esprit et de s\u00e9r\u00e9nit\u00e9. Ce changement, qui s\u2019applique \u00e0 toutes les nouvelles commandes, d\u00e9montrant que l\u2019entreprise croit fermement en la qualit\u00e9 de ses produits.<\/p>\n","protected":false},"author":17,"featured_media":28798,"comment_status":"closed","ping_status":"closed","sticky":false,"template":"","format":"standard","meta":{"_acf_changed":false,"advgb_blocks_editor_width":"","advgb_blocks_columns_visual_guide":"","_daim_seo_power":"","_daim_enable_ail":"","footnotes":""},"categories":[198],"tags":[],"class_list":["post-28816","post","type-post","status-publish","format-standard","has-post-thumbnail","hentry","category-nouveautes"],"acf":[],"aioseo_notices":[],"author_meta":{"display_name":"Ji\u0159\u00ed Umlauf","author_link":"https:\/\/www.neva.eu\/fr\/author\/umlauf\/"},"featured_img":"https:\/\/www.neva.eu\/wp-content\/uploads\/NEVA-Zaruka-5-let-3-300x150.jpg","coauthors":[],"tax_additional":{"categories":{"linked":["<a href=\"https:\/\/www.neva.eu\/fr\/actualites\/categorie\/nouveautes\/\" class=\"advgb-post-tax-term\">Nouveaut\u00e9s<\/a>"],"unlinked":["<span class=\"advgb-post-tax-term\">Nouveaut\u00e9s<\/span>"]}},"comment_count":"0","relative_dates":{"created":"Publi\u00e9 10 months il y a","modified":"Mis \u00e0 jour 10 months il y a"},"absolute_dates":{"created":"Publi\u00e9 le 27. 6. 2025","modified":"Mise \u00e0 jour le 30. 6. 2025"},"absolute_dates_time":{"created":"Publi\u00e9 le 27. 6. 2025 10:59","modified":"Mise \u00e0 jour le 30. 6. 2025 11:22"},"featured_img_caption":"","series_order":"","_links":{"self":[{"href":"https:\/\/www.neva.eu\/fr\/wp-json\/wp\/v2\/posts\/28816","targetHints":{"allow":["GET"]}}],"collection":[{"href":"https:\/\/www.neva.eu\/fr\/wp-json\/wp\/v2\/posts"}],"about":[{"href":"https:\/\/www.neva.eu\/fr\/wp-json\/wp\/v2\/types\/post"}],"author":[{"embeddable":true,"href":"https:\/\/www.neva.eu\/fr\/wp-json\/wp\/v2\/users\/17"}],"replies":[{"embeddable":true,"href":"https:\/\/www.neva.eu\/fr\/wp-json\/wp\/v2\/comments?post=28816"}],"version-history":[{"count":5,"href":"https:\/\/www.neva.eu\/fr\/wp-json\/wp\/v2\/posts\/28816\/revisions"}],"predecessor-version":[{"id":28847,"href":"https:\/\/www.neva.eu\/fr\/wp-json\/wp\/v2\/posts\/28816\/revisions\/28847"}],"wp:featuredmedia":[{"embeddable":true,"href":"https:\/\/www.neva.eu\/fr\/wp-json\/wp\/v2\/media\/28798"}],"wp:attachment":[{"href":"https:\/\/www.neva.eu\/fr\/wp-json\/wp\/v2\/media?parent=28816"}],"wp:term":[{"taxonomy":"category","embeddable":true,"href":"https:\/\/www.neva.eu\/fr\/wp-json\/wp\/v2\/categories?post=28816"},{"taxonomy":"post_tag","embeddable":true,"href":"https:\/\/www.neva.eu\/fr\/wp-json\/wp\/v2\/tags?post=28816"}],"curies":[{"name":"wp","href":"https:\/\/api.w.org\/{rel}","templated":true}]}}