{"id":24347,"date":"2024-01-29T13:36:15","date_gmt":"2024-01-29T12:36:15","guid":{"rendered":"https:\/\/www.neva.eu\/non-classifiee\/les-prparatifs-du-salon-rt-2024-de-stuttgart-battent-leur-plein\/"},"modified":"2024-02-09T10:30:40","modified_gmt":"2024-02-09T09:30:40","slug":"les-prparatifs-du-salon-rt-2024-de-stuttgart-battent-leur-plein","status":"publish","type":"post","link":"https:\/\/www.neva.eu\/fr\/la-vie-de-neva\/les-prparatifs-du-salon-rt-2024-de-stuttgart-battent-leur-plein\/","title":{"rendered":"Les pr\u00e9paratifs du salon R+T 2024 de Stuttgart battent leur plein"},"content":{"rendered":"        <section class=\"component component-gutenberg-heading typography my-1\">\n              \n<h2 class=\"wp-block-heading\">Stand con\u00e7u par le studio d\u2019architecture Vrti\u0161ka a&nbsp;\u017d\u00e1k<\/h2>\n      <\/section>\n        <section class=\"component component-gutenberg-paragraph typography my-1\">\n              \n<p>Nous avons d\u00e9j\u00e0 eu l\u2019occasion de coop\u00e9rer avec le studio architectonique Vrti\u0161ka a&nbsp;\u017d\u00e1k lors de la cr\u00e9ation de notre showroom et de notre centre de formation. Cette collaboration s\u2019est tr\u00e8s bien d\u00e9roul\u00e9e et c\u2019est donc tout naturellement que nous avons d\u00e9cid\u00e9 de leur confier la r\u00e9alisation de notre stand au salon R+T 2024 de Stuttgart. \u00ab&nbsp;<em>Tout comme ils l\u2019avaient d\u00e9j\u00e0 fait lors de la r\u00e9alisation de notre showroom, les architectes se sont inspir\u00e9s de nos stores \u00e0&nbsp;lamelles ext\u00e9rieurs, de leurs formes et de leurs mat\u00e9riaux. Notre stand vous proposera \u00e9galement de d\u00e9couvrir nos produits, mais aussi des utilisations assez surprenantes de nos mat\u00e9riaux de fabrication,<\/em> \u00bb nous explique Miloslav Matou\u0161ek, notre chef marketing.<\/p>\n      <\/section>\n        <section class=\"component component-gutenberg-heading typography my-1\">\n              \n<h2 class=\"wp-block-heading\">Pr\u00e9sentation des nouveaut\u00e9s<\/h2>\n      <\/section>\n        <section class=\"component component-gutenberg-paragraph typography my-1\">\n              \n<p>Nous vous ferons bien \u00e9videmment d\u00e9couvrir des \u00e9chantillons et des mod\u00e8les de nos stores \u00e0&nbsp;lamelles ext\u00e9rieurs et de nos stores toiles.\n\nEn plus, cette ann\u00e9e, nous vous pr\u00e9senterons \u00e9galement un tout nouveau produit que nous pr\u00e9parons de longue date et qui va venir \u00e9tendre notre portefeuille de production actuel. \u00ab&nbsp;<em>Nous nous sommes appuy\u00e9s sur les retours d\u2019informations de nos partenaires pour d\u00e9velopper un tout nouveau produit dont nous sommes tous d\u00e9j\u00e0 tr\u00e8s contents.<\/em> <em>&nbsp;Nous ne pouvons pas encore d\u00e9voiler les d\u00e9tails de ce produit, mais les visiteurs ont d\u00e9j\u00e0 de quoi se r\u00e9jouir,<\/em>&nbsp;\u00bb nous explique Miroslav Sedl\u00e1\u010dek, chef du service d\u00e9veloppement.<\/p>\n      <\/section>\n        <section class=\"component component-gutenberg-heading typography my-1\">\n              \n<h2 class=\"wp-block-heading\">Rendez-vous \u00e0&nbsp;notre stand<\/h2>\n      <\/section>\n        <section class=\"component component-gutenberg-paragraph typography my-1\">\n              \n<p>Les visiteurs de notre stand pourront \u00e9galement essayer notre nouvel e\u2011shop, notre configurateur BIM ou encore utiliser des lunettes de RV pour d\u00e9couvrir notre atelier de fabrication. Nous serons heureux de pouvoir discuter avec vous, agr\u00e9ablement install\u00e9s autour d\u2019une boisson et de quelques encas.<\/p>\n      <\/section>\n        <section class=\"component component-gutenberg-paragraph typography my-1\">\n              \n<p>Le salon commence le lundi 19 f\u00e9vrier et se termine le vendredi 23 f\u00e9vrier. Nous nous faisons d\u2019ores et d\u00e9j\u00e0 un plaisir de pouvoir vous y&nbsp;rencontrer. Si vous souhaitez recevoir un billet d\u2019entr\u00e9e gratuit, faites-le nous savoir \u00e0&nbsp;l\u2019adresse <a href=\"mailto:marketing@neva.eu\">marketing@neva.eu<\/a>. Nous en avons encore quelques-uns de disponibles pour nos partenaires et visiteurs.<\/p>\n      <\/section>\n","protected":false},"excerpt":{"rendered":"<p>Apr\u00e8s 6 ann\u00e9es de pause caus\u00e9es par la crise du Covid, nous allons enfin pouvoir participer au salon des protections solaires d\u2019ext\u00e9rieur R+T 2024 de Stuttgart en pr\u00e9sentiel. Pour tous nos partenaires et visiteurs, nous avons pr\u00e9par\u00e9 un stand tr\u00e8s moderne, cr\u00e9\u00e9 par le studio architectonique Vrti\u0161ka a \u017d\u00e1k. Nos clients pourront y d\u00e9couvrir un tout nouveau produit et faire une visite virtuelle 3D de notre site de fabrication gr\u00e2ce \u00e0 des lunettes de RV !<\/p>\n","protected":false},"author":9,"featured_media":24248,"comment_status":"closed","ping_status":"closed","sticky":false,"template":"","format":"standard","meta":{"_acf_changed":false,"advgb_blocks_editor_width":"","advgb_blocks_columns_visual_guide":"","_daim_seo_power":"1000","_daim_enable_ail":"1","footnotes":""},"categories":[202],"tags":[],"class_list":["post-24347","post","type-post","status-publish","format-standard","has-post-thumbnail","hentry","category-la-vie-de-neva"],"acf":[],"aioseo_notices":[],"author_meta":{"display_name":"Kate\u0159ina Musilov\u00e1","author_link":"https:\/\/www.neva.eu\/fr\/author\/vranova\/"},"featured_img":"https:\/\/www.neva.eu\/wp-content\/uploads\/NEVA-RT2024-300x150.jpg","coauthors":[],"tax_additional":{"categories":{"linked":["<a href=\"https:\/\/www.neva.eu\/fr\/actualites\/categorie\/la-vie-de-neva\/\" class=\"advgb-post-tax-term\">La vie de NEVA<\/a>"],"unlinked":["<span class=\"advgb-post-tax-term\">La vie de NEVA<\/span>"]}},"comment_count":"0","relative_dates":{"created":"Publi\u00e9 2 years il y a","modified":"Mis \u00e0 jour 2 years il y a"},"absolute_dates":{"created":"Publi\u00e9 le 29. 1. 2024","modified":"Mise \u00e0 jour le 9. 2. 2024"},"absolute_dates_time":{"created":"Publi\u00e9 le 29. 1. 2024 13:36","modified":"Mise \u00e0 jour le 9. 2. 2024 10:30"},"featured_img_caption":"","series_order":"","_links":{"self":[{"href":"https:\/\/www.neva.eu\/fr\/wp-json\/wp\/v2\/posts\/24347","targetHints":{"allow":["GET"]}}],"collection":[{"href":"https:\/\/www.neva.eu\/fr\/wp-json\/wp\/v2\/posts"}],"about":[{"href":"https:\/\/www.neva.eu\/fr\/wp-json\/wp\/v2\/types\/post"}],"author":[{"embeddable":true,"href":"https:\/\/www.neva.eu\/fr\/wp-json\/wp\/v2\/users\/9"}],"replies":[{"embeddable":true,"href":"https:\/\/www.neva.eu\/fr\/wp-json\/wp\/v2\/comments?post=24347"}],"version-history":[{"count":2,"href":"https:\/\/www.neva.eu\/fr\/wp-json\/wp\/v2\/posts\/24347\/revisions"}],"predecessor-version":[{"id":24533,"href":"https:\/\/www.neva.eu\/fr\/wp-json\/wp\/v2\/posts\/24347\/revisions\/24533"}],"wp:featuredmedia":[{"embeddable":true,"href":"https:\/\/www.neva.eu\/fr\/wp-json\/wp\/v2\/media\/24248"}],"wp:attachment":[{"href":"https:\/\/www.neva.eu\/fr\/wp-json\/wp\/v2\/media?parent=24347"}],"wp:term":[{"taxonomy":"category","embeddable":true,"href":"https:\/\/www.neva.eu\/fr\/wp-json\/wp\/v2\/categories?post=24347"},{"taxonomy":"post_tag","embeddable":true,"href":"https:\/\/www.neva.eu\/fr\/wp-json\/wp\/v2\/tags?post=24347"}],"curies":[{"name":"wp","href":"https:\/\/api.w.org\/{rel}","templated":true}]}}