{"id":21379,"date":"2023-03-21T09:59:00","date_gmt":"2023-03-21T08:59:00","guid":{"rendered":"https:\/\/www.neva.eu\/non-classifiee\/qu-est-ce-qui-est-pris-en-compte-dans-les-devis-pour-systemes-d-ombrage-exterieurs-et-a-quoi-faut-il-faire-attention\/"},"modified":"2025-07-02T08:10:32","modified_gmt":"2025-07-02T06:10:32","slug":"qu-est-ce-qui-est-pris-en-compte-dans-les-devis-pour-systemes-d-ombrage-exterieurs-et-a-quoi-faut-il-faire-attention","status":"publish","type":"post","link":"https:\/\/www.neva.eu\/fr\/conseils-et-manuels\/qu-est-ce-qui-est-pris-en-compte-dans-les-devis-pour-systemes-d-ombrage-exterieurs-et-a-quoi-faut-il-faire-attention\/","title":{"rendered":"Que prennent en compte les devis pour syst\u00e8mes d\u2019ombrage ext\u00e9rieurs et \u00e0 quoi faut-il faire attention"},"content":{"rendered":"        <section class=\"component component-gutenberg-heading typography my-1\">\n              \n<h2 class=\"wp-block-heading\">Un devis approximatif de votre syst\u00e8me d\u2019ombrage ext\u00e9rieur<\/h2>\n      <\/section>\n\n\n        <section class=\"component component-gutenberg-paragraph typography my-1\">\n              \n<p>Certains vendeurs proposent des devis approximatifs de leurs <a href=\"https:\/\/www.neva.eu\/fr\/\">syst\u00e8mes d\u2019ombrage ext\u00e9rieurs<\/a> directement sur leur site internet. Pour cela, il vous est g\u00e9n\u00e9ralement demand\u00e9 de compl\u00e9ter les param\u00e8tres suivants&nbsp;:<\/p>\n      <\/section>\n\n\n        <section class=\"component component-gutenberg-list typography my-1\">\n              \n<ul class=\"wp-block-list\">\n<li>le type de syst\u00e8me d\u2019ombrage voulu (stores \u00e0&nbsp;lamelles ext\u00e9rieurs ou volets roulants),&nbsp;<\/li>\n\n\n\n<li>le mode de montage (lambrequin ou caisson encastr\u00e9)&nbsp;<\/li>\n\n\n\n<li>et les dimensions des fen\u00eatres.&nbsp;<\/li>\n<\/ul>\n      <\/section>\n\n\n        <section class=\"component component-gutenberg-paragraph typography my-1\">\n              \n<p>Le prix que vous obtenez alors ne pr\u00e9sente pourtant qu\u2019un caract\u00e8re <strong>indicatif<\/strong>. Pour que le vendeur puisse faire une offre de prix r\u00e9ellement pr\u00e9cise, il lui faut beaucoup plus d\u2019informations. Vous en discuterez g\u00e9n\u00e9ralement lors d\u2019un rendez-vous au cours duquel vous pourrez aussi consulter le nuancier de couleurs de lamelles ou m\u00eame observer les diff\u00e9rents types de traitements de surface.<\/p>\n      <\/section>\n\n\n        <section class=\"component component-gutenberg-heading typography my-1\">\n              \n<h2 class=\"wp-block-heading\">Que doit savoir un vendeur pour faire un devis r\u00e9ellement pr\u00e9cis de votre syst\u00e8me d\u2019ombrage ext\u00e9rieur<\/h2>\n      <\/section>\n\n\n        <section class=\"component component-gutenberg-list typography my-1\">\n              \n<ul class=\"wp-block-list\">\n<li><strong>Les dimensions pr\u00e9cises<\/strong> de toutes les fen\u00eatres (ou des ouvertures) en mm car un syst\u00e8me d\u2019ombrage est toujours fabriqu\u00e9 sur mesure&nbsp;;<\/li>\n\n\n\n<li>Le type de manipulation de votre syst\u00e8me d\u2019ombrage et le <strong>type de moteur<\/strong> que vous souhaitez choisir (\u00e0 fil ou sans&nbsp;fil)&nbsp;;<\/li>\n\n\n\n<li>Si votre syst\u00e8me d\u2019ombrage doit \u00eatre install\u00e9 sur une construction neuve ou s\u2019il s\u2019agit d\u2019une reconstruction, si les fen\u00eatres sont situ\u00e9es au rez-de \u2011chauss\u00e9e ou \u00e0&nbsp;l\u2019\u00e9tage (auquel cas <strong>le montage sera beaucoup plus difficile et plus co\u00fbteux car<\/strong> la location d\u2019une plateforme de levage peut augmenter le prix total de la commande)&nbsp;;<\/li>\n\n\n\n<li>Le <strong>type de fixation <\/strong>que vous souhaitez choisir (dans le dormant de la fen\u00eatre, sous la fa\u00e7ade ou sur la fa\u00e7ade)&nbsp;;<\/li>\n\n\n\n<li>Le lieu d\u2019installation (dont d\u00e9pendent les <strong>co\u00fbts li\u00e9s au transport<\/strong>).<\/li>\n<\/ul>\n      <\/section>\n\n\n        <section class=\"component component-gutenberg-paragraph typography my-1\">\n              \n<p>Avec votre vendeur, vous devrez \u00e9galement choisir d\u2019autres crit\u00e8res sp\u00e9cifiques de votre syst\u00e8me d\u2019ombrage ext\u00e9rieur. Pour un <a href=\"https:\/\/www.neva.eu\/fr\/stores\/stores-exterieurs\/\">store \u00e0&nbsp;lamelles ext\u00e9rieur<\/a>, il s\u2019agit par exemple&nbsp;:<\/p>\n      <\/section>\n\n\n        <section class=\"component component-gutenberg-list typography my-1\">\n              \n<ul class=\"wp-block-list\">\n<li><strong>du type de lamelles<\/strong> (les lamelles Z&nbsp;sont par exemple plus ch\u00e8res que les lamelles C),<\/li>\n\n\n\n<li><strong>de la couleur des lamelles et des composants<\/strong> (il existe une offre standard, mais aussi des teintes atypiques qui peuvent \u00eatre command\u00e9es aupr\u00e8s du fournisseur),<\/li>\n\n\n\n<li><strong>du traitement de surface<\/strong> des lamelles (peinture lisse ou structur\u00e9e).<\/li>\n<\/ul>\n      <\/section>\n\n\n        <section class=\"component component-gutenberg-paragraph typography my-1\">\n              \n<p>CONSEIL : <a href=\"https:\/\/www.neva.eu\/fr\/conseils-et-manuels\/mode-demploi-complet-choisir-des-stores-exterieurs\/\">Lisez notre guide complet&nbsp;pour savoir comment choisir vos stores ext\u00e9rieurs.<\/a><\/p>\n      <\/section>\n\n\n        <section class=\"component component-gutenberg-paragraph typography my-1\">\n              \n<p>Sur un <a href=\"https:\/\/www.neva.eu\/fr\/stores-toiles\/\">store toile<\/a>, vous devez choisir&nbsp;:<\/p>\n      <\/section>\n\n\n        <section class=\"component component-gutenberg-list typography my-1\">\n              \n<ul class=\"wp-block-list\">\n<li><strong>le type de toile<\/strong> (polyester ou fibres de&nbsp;verre),<\/li>\n\n\n\n<li><strong>la couleur<\/strong> de la toile et des composants,<\/li>\n\n\n\n<li><strong>d\u2019autres caract\u00e9ristiques des<\/strong> toiles (perm\u00e9abilit\u00e9, pouvoir occultant).<\/li>\n<\/ul>\n      <\/section>\n\n\n        <section class=\"component component-gutenberg-paragraph typography my-1\">\n              \n<p>CONSEIL : <a href=\"https:\/\/www.neva.eu\/fr\/conseils-et-manuels\/guide-complet-comment-choisir-un-store-toile-exterieur\/\">Lisez le guide complet pour savoir comment choisir vos storestoiles.<\/a><\/p>\n      <\/section>\n\n\n        <section class=\"component component-gutenberg-paragraph typography my-1\">\n              \n<p>Si vous avez une porte-fen\u00eatre ou une baie vitr\u00e9e HS, vous pouvez aussi choisir combien de stores vous souhaitez y&nbsp;installer. La surface peut \u00eatre ombrag\u00e9e par un seul \u00e9l\u00e9ment (si les dimensions maximales le permettent) ou bien vous pouvez aussi d\u00e9cider de s\u00e9parer la partie fixe et la partie ouvrante de votre fen\u00eatre avec une colonne (dans un tel cas, une colonne est install\u00e9e pour permettre l\u2019installation d\u2019un syst\u00e8me d\u2019ombrage en deux \u00e9l\u00e9ments).<\/p>\n      <\/section>\n\n\n        <section class=\"component component-gutenberg-heading typography my-1\">\n              \n<h2 class=\"wp-block-heading\">En quoi les devis de syst\u00e8mes d\u2019ombrage ext\u00e9rieurs diff\u00e8rent-ils<\/h2>\n      <\/section>\n\n\n        <section class=\"component component-gutenberg-paragraph typography my-1\">\n              \n<p>Dans le devis, vous verrez les syst\u00e8mes d\u2019ombrage ainsi que tous les param\u00e8tres que vous aurez choisis avec le vendeur. Dans des articles plus anciens, nous avons d\u00e9j\u00e0 \u00e9voqu\u00e9 <a href=\"https:\/\/www.neva.eu\/fr\/conseils-et-manuels\/combien-coutent-des-stores-exterieurs-nous-vous-devoilons-tout-ce-qui-impacte-leur-prix\/\">ce qui compose le prix d\u2019un store \u00e0&nbsp;lamelles ext\u00e9rieur<\/a>, mais aussi <a href=\"https:\/\/www.neva.eu\/fr\/conseils-et-manuels\/prix-des-stores-screen-exterieurs-combien-ils-coutent-et-pourquoi\/\">ce qui compose le prix d\u2019un store toile<\/a>.<\/p>\n      <\/section>\n\n\n        <section class=\"component component-gutenberg-paragraph typography my-1\">\n              \n<p>Les diff\u00e9rences reposent souvent dans <strong>de petits d\u00e9tails qui ont toute leur importance<\/strong> \u2013 par exemple l\u2019\u00e9paisseur du lambrequin. Certains fabricants essayent de faire des \u00e9conomies et le fabriquent \u00e0&nbsp;partir de rouleaux de t\u00f4le. L\u2019aluminium est alors tr\u00e8s fin et il a&nbsp;donc tendance \u00e0&nbsp;se tordre. Chez NEVA, nous fabriquons nos lambrequins avec des plaques d\u2019aluminium qui sont plus rigides et plus r\u00e9sistantes. Cela n\u2019est cependant pas sans cons\u00e9quence sur le&nbsp;prix.<\/p>\n      <\/section>\n\n\n        <section class=\"component component-gutenberg-paragraph typography my-1\">\n              \n<p><em>\u00ab&nbsp;Les poseurs de stores sont g\u00e9n\u00e9ralement form\u00e9s et savent comment manipuler les lambrequins de faibles \u00e9paisseurs propos\u00e9s par certains autres fabricants. Le probl\u00e8me est souvent rencontr\u00e9s par les fa\u00e7adiers qui ne connaissent pas les produits et qui peuvent les d\u00e9former par inadvertance&nbsp;\u00bb,<\/em> explique Monsieur \u010ctvrtn\u00edk de la soci\u00e9t\u00e9 <a href=\"https:\/\/www.almma.cz\/\" target=\"_blank\" rel=\"noopener\" title>Almma<\/a>.<\/p>\n      <\/section>\n\n\n        <section class=\"component component-gutenberg-paragraph typography my-1\">\n              \n<p>Les diff\u00e9rences de qualit\u00e9 des composants peuvent g\u00e9n\u00e9ralement \u00eatre constat\u00e9es apr\u00e8s quelques ann\u00e9es, elles ne sont pas visibles au premier regard. <strong>Malgr\u00e9 tout, NEVA se fait un devoir de veiller \u00e0&nbsp;la qualit\u00e9 de ses produits.<\/strong> Nos cordons de relevage viennent par exemple de Suisse et comptent parmi les plus r\u00e9sistants sur le march\u00e9 alors que les crochets qui tiennent les lames sont fabriqu\u00e9s sur nos propres machines de laminage \u00e0&nbsp;tr\u00e8s haute pression.<\/p>\n      <\/section>\n\n\n        <section class=\"component component-gutenberg-paragraph typography my-1\">\n              \n<p>&nbsp;<em>\u00ab&nbsp;Lors du choix de nos fournisseurs, nous avons tout de suite rejet\u00e9 certains fabricants car nous savons qu\u2019ils ne font pas le maximum pour la qualit\u00e9 de leurs produits et qu\u2019ils utilisent par exemple des composants en plastique plut\u00f4t qu\u2019en m\u00e9tal. Les stores sont alors beaucoup moins r\u00e9sistants et nos poseurs refusent m\u00eame parfois de les installer parce qu\u2019ils craignent (en exag\u00e9rant un peu) que certaines pi\u00e8ces ne leur restent dans les mains&nbsp;\u00bb,<\/em> explique la directrice de la soci\u00e9t\u00e9 <a href=\"https:\/\/www.solartechnik.cz\/\" target=\"_blank\" rel=\"noopener\" title>SOLAR-TECHNIK<\/a> Dagmar Sur\u00e1.<\/p>\n      <\/section>\n\n\n        <section class=\"component component-gutenberg-paragraph typography my-1\">\n              \n<p>Le prix d\u00e9pend aussi par exemple de la peinture des composants. NEVA disposant de son propre atelier de peinture, <strong>le prix de la peinture est automatiquement inclus dans le prix de base<\/strong>. Les composants d\u2019autres fabricants sont peut-\u00eatre moins chers, mais uniquement dans leur traitement anodis\u00e9 de base. La peinture est alors syst\u00e9matiquement en suppl\u00e9ment.<br><strong>Le prix du montage<\/strong> peut aussi \u00eatre \u00e9tabli de fa\u00e7on diff\u00e9rente par chaque entreprise, certains ont un prix fixe quel que soit la nature du b\u00e2timent, d\u2019autres \u00e9valuent le prix en fonction de l\u2019\u00e9tage et de l\u2019accessibilit\u00e9 de la fen\u00eatre. Il est aussi int\u00e9ressant de savoir si l\u2019entreprise de montage est \u00e9galement en mesure de vous proposer un service de garantie.<\/p>\n      <\/section>\n\n\n        <section class=\"component component-gutenberg-heading typography my-1\">\n              \n<h2 class=\"wp-block-heading\">Conclusion : le moins cher n\u2019est pas n\u00e9cessairement synonyme de&nbsp;mieux<\/h2>\n      <\/section>\n\n\n        <section class=\"component component-gutenberg-paragraph typography my-1\">\n              \n<p>Lorsque vous comparez plusieurs devis, <strong>ne vous fiez pas uniquement au prix final<\/strong>. Les diff\u00e9rences de qualit\u00e9 commencent \u00e0&nbsp;se manifester apr\u00e8s cinq \u00e0&nbsp;huit ans d\u2019utilisation. Sur les versions les moins ch\u00e8res, les composants arriveront rapidement en fin de vie et vous aurez besoin d\u2019une intervention de r\u00e9paration.<\/p>\n      <\/section>\n\n\n        <section class=\"component component-gutenberg-paragraph typography my-1\">\n              \n<p><em>\u00ab&nbsp;Lors du choix de votre syst\u00e8me d\u2019ombrage, consultez l\u2019historique du fabricant et du poseur. S\u2019il s\u2019agit d\u2019entreprises longuement pr\u00e9sentes sur le march\u00e9, il est fort probable qu\u2019elles existeront encore dans 10 ans et qu\u2019elles seront donc capables de vous fournir les pi\u00e8ces de rechange \u00e9ventuellement n\u00e9cessaires. De m\u00eame, le choix du poseur est essentiel. Une entreprise de pose pourra plus probablement vous garantir les r\u00e9parations ult\u00e9rieurement n\u00e9cessaires qu\u2019un ind\u00e9pendant \u00e0&nbsp;son compte que vous aurez peut-\u00eatre plus de difficult\u00e9 \u00e0&nbsp;retrouver dans quelques ann\u00e9es&nbsp;\u00bb, <\/em>explique enfin Monsieur \u010ctvrtn\u00edk de la soci\u00e9t\u00e9 Almma.<\/p>\n      <\/section>\n\n\n        <section class=\"component component-gutenberg-paragraph typography my-1\">\n              \n<p><em>\u201e<\/em><strong><em>NEVA propose une garantie prolong\u00e9e de 2 + 3&nbsp;ans<\/em><\/strong><em>. Si nous arr\u00eatons la production standard de certaines pi\u00e8ces, nous restons capables de les fabriquer ou de les trouver pour nos clients, m\u00eame apr\u00e8s la p\u00e9riode de garantie&nbsp;\u00bb,<\/em> ajoute le manager commercial de NEVA, Monsieur Luk\u00e1\u0161&nbsp;Musil.<\/p>\n      <\/section>\n\n\n        <section class=\"component component-gutenberg-paragraph typography my-1\">\n              \n<p>Si vous souhaitez demander un devis pour des syst\u00e8mes d\u2019ombrage de la soci\u00e9t\u00e9 NEVA, n\u2019h\u00e9sitez pas \u00e0&nbsp;contacter l\u2019un de nos <a href=\"https:\/\/www.neva.eu\/fr\/trouver-un-revendeur\/\">partenaires<\/a>.<\/p>\n      <\/section>\n","protected":false},"excerpt":{"rendered":"<p>Si vous demandez un devis pour un syst\u00e8me d\u2019ombrage ext\u00e9rieur aupr\u00e8s de plusieurs entreprises, l\u2019offre de stores \u00e0 lamelles ext\u00e9rieurs ou de stores toiles de NEVA sera probablement parmi les plus ch\u00e8res. Votre d\u00e9cision finale ne devrait pourtant pas s\u2019appuyer sur le simple crit\u00e8re du prix. Les syst\u00e8mes d&#8217;ombrage varient beaucoup en qualit\u00e9 et tous les vendeurs ne prennent pas n\u00e9cessairement tout en compte dans leur offre de prix.<\/p>\n","protected":false},"author":10,"featured_media":20653,"comment_status":"closed","ping_status":"closed","sticky":false,"template":"","format":"standard","meta":{"_acf_changed":false,"advgb_blocks_editor_width":"","advgb_blocks_columns_visual_guide":"","_daim_seo_power":"1000","_daim_enable_ail":"1","footnotes":""},"categories":[199],"tags":[],"class_list":["post-21379","post","type-post","status-publish","format-standard","has-post-thumbnail","hentry","category-conseils-et-manuels"],"acf":[],"aioseo_notices":[],"author_meta":{"display_name":"Luk\u00e1\u0161 Musil","author_link":"https:\/\/www.neva.eu\/fr\/author\/musil\/"},"featured_img":"https:\/\/www.neva.eu\/wp-content\/uploads\/NEVA-co-vse-obsahuje-cenova-nabidka-300x150.jpg","coauthors":[],"tax_additional":{"categories":{"linked":["<a href=\"https:\/\/www.neva.eu\/fr\/actualites\/categorie\/conseils-et-manuels\/\" class=\"advgb-post-tax-term\">Conseils et manuels<\/a>"],"unlinked":["<span class=\"advgb-post-tax-term\">Conseils et manuels<\/span>"]}},"comment_count":"0","relative_dates":{"created":"Publi\u00e9 3 years il y a","modified":"Mis \u00e0 jour 10 months il y a"},"absolute_dates":{"created":"Publi\u00e9 le 21. 3. 2023","modified":"Mise \u00e0 jour le 2. 7. 2025"},"absolute_dates_time":{"created":"Publi\u00e9 le 21. 3. 2023 9:59","modified":"Mise \u00e0 jour le 2. 7. 2025 8:10"},"featured_img_caption":"","series_order":"","_links":{"self":[{"href":"https:\/\/www.neva.eu\/fr\/wp-json\/wp\/v2\/posts\/21379","targetHints":{"allow":["GET"]}}],"collection":[{"href":"https:\/\/www.neva.eu\/fr\/wp-json\/wp\/v2\/posts"}],"about":[{"href":"https:\/\/www.neva.eu\/fr\/wp-json\/wp\/v2\/types\/post"}],"author":[{"embeddable":true,"href":"https:\/\/www.neva.eu\/fr\/wp-json\/wp\/v2\/users\/10"}],"replies":[{"embeddable":true,"href":"https:\/\/www.neva.eu\/fr\/wp-json\/wp\/v2\/comments?post=21379"}],"version-history":[{"count":4,"href":"https:\/\/www.neva.eu\/fr\/wp-json\/wp\/v2\/posts\/21379\/revisions"}],"predecessor-version":[{"id":28972,"href":"https:\/\/www.neva.eu\/fr\/wp-json\/wp\/v2\/posts\/21379\/revisions\/28972"}],"wp:featuredmedia":[{"embeddable":true,"href":"https:\/\/www.neva.eu\/fr\/wp-json\/wp\/v2\/media\/20653"}],"wp:attachment":[{"href":"https:\/\/www.neva.eu\/fr\/wp-json\/wp\/v2\/media?parent=21379"}],"wp:term":[{"taxonomy":"category","embeddable":true,"href":"https:\/\/www.neva.eu\/fr\/wp-json\/wp\/v2\/categories?post=21379"},{"taxonomy":"post_tag","embeddable":true,"href":"https:\/\/www.neva.eu\/fr\/wp-json\/wp\/v2\/tags?post=21379"}],"curies":[{"name":"wp","href":"https:\/\/api.w.org\/{rel}","templated":true}]}}