{"id":21212,"date":"2022-12-12T09:31:00","date_gmt":"2022-12-12T08:31:00","guid":{"rendered":"https:\/\/www.neva.eu\/non-classifiee\/fixer-des-stores-a-lamelles-exterieurs-dans-l-isolation-est-il-un-probleme\/"},"modified":"2023-02-08T07:05:06","modified_gmt":"2023-02-08T06:05:06","slug":"fixer-des-stores-a-lamelles-exterieurs-dans-l-isolation-est-il-un-probleme","status":"publish","type":"post","link":"https:\/\/www.neva.eu\/fr\/conseils-et-manuels\/fixer-des-stores-a-lamelles-exterieurs-dans-l-isolation-est-il-un-probleme\/","title":{"rendered":"Fixer des stores \u00e0 lamelles ext\u00e9rieurs dans l\u2019isolation est-il un probl\u00e8me ?"},"content":{"rendered":"        <section class=\"component component-gutenberg-heading typography my-1\">\n              \n<h2 class=\"wp-block-heading\"><strong>L\u2019id\u00e9al est de tout ancrer dans le cadre de la fen\u00eatre<\/strong><\/h2>\n      <\/section>\n        <section class=\"component component-gutenberg-paragraph typography my-1\">\n              \n<p>Dans le cas d\u2019un montage ult\u00e9rieur et de stores apparents, l\u2019id\u00e9al est d\u2019ancrer tous les \u00e9l\u00e9ments et supports dans le cadre de la fen\u00eatre. <strong>La fen\u00eatre pr\u00e9sente en effet l\u2019avantage de toujours \u00eatre droite, rigide et stable<\/strong>, ce qui vous permet d\u2019\u00eatre certain que le store et le lambrequin, \u00e9ventuellement le coffre, tiendront sans aucun probl\u00e8me.<\/p>\n      <\/section>\n        <section class=\"component component-gutenberg-paragraph typography my-1\">\n              \n<p><em>\u00ab&nbsp;La fixation peut se faire dans des fen\u00eatres en PVC, en bois ou en aluminium. Le type d\u2019ancrage choisi est alors soit en acier galvanis\u00e9, soit en inox. Certains clients ont peur de percer les fen\u00eatres, mais de telles craintes sont inutiles&nbsp;: les fen\u00eatres sont normalement perc\u00e9es par leur fabricant pour l\u2019installation de la quincaillerie, elles ne souffrent donc pas d\u2019une telle intervention&nbsp;\u00bb,<\/em> nous explique le g\u00e9rant de la soci\u00e9t\u00e9 <a href=\"https:\/\/www.zaluzie-renesun.cz\/\" target=\"_blank\" rel=\"noopener\" title>RENESUN \u017daluzie<\/a>, Ren\u00e9 B\u00fdma, qui installe des stores \u00e0&nbsp;lamelles ext\u00e9rieurs depuis plus de 20 ans et qui n\u2019a jamais rencontr\u00e9 de probl\u00e8mes avec la fixation d\u2019un store dans une fen\u00eatre. Il faut seulement savoir que si vous d\u00e9cidez un jour de retirer vos stores \u00e0&nbsp;lamelles, les trous resteront bien pr\u00e9sents sur le cadre de la fen\u00eatre et ils seront alors beaucoup plus difficiles \u00e0&nbsp;boucher qu\u2019un trou dans une fa\u00e7ade.<\/p>\n      <\/section>\n        <section class=\"component component-gutenberg-paragraph typography my-1\">\n              \n<p>Lorsqu\u2019un lambrequin et son store \u00e0&nbsp;lamelles sont ancr\u00e9s dans une fen\u00eatre, <strong>ils sont toujours install\u00e9s \u00e0&nbsp;l\u2019int\u00e9rieur du tableau<\/strong>. Soyez donc toujours conscient qu\u2019installer un store r\u00e9duira le clair de jour de votre fen\u00eatre d\u2019environ 20 \u00e0&nbsp;30&nbsp;cm depuis le&nbsp;haut.<\/p>\n      <\/section>\n        <section class=\"component component-gutenberg-image typography my-1\">\n              \n<figure class=\"wp-block-image size-large advgb-dyn-da92ca1b\"><img loading=\"lazy\" decoding=\"async\" width=\"1024\" height=\"512\" src=\"https:\/\/www.neva.eu\/wp-content\/uploads\/NEVA-kotveni-venkovnich-zaluzii-do-zatepleni-1024x512.jpg\" alt class=\"wp-image-17978\" srcset=\"https:\/\/www.neva.eu\/wp-content\/uploads\/NEVA-kotveni-venkovnich-zaluzii-do-zatepleni-1024x512.jpg 1024w, https:\/\/www.neva.eu\/wp-content\/uploads\/NEVA-kotveni-venkovnich-zaluzii-do-zatepleni-300x150.jpg 300w, https:\/\/www.neva.eu\/wp-content\/uploads\/NEVA-kotveni-venkovnich-zaluzii-do-zatepleni-768x384.jpg 768w, https:\/\/www.neva.eu\/wp-content\/uploads\/NEVA-kotveni-venkovnich-zaluzii-do-zatepleni-1536x768.jpg 1536w, https:\/\/www.neva.eu\/wp-content\/uploads\/NEVA-kotveni-venkovnich-zaluzii-do-zatepleni.jpg 1920w\" sizes=\"auto, (max-width: 1024px) 100vw, 1024px\" \/><figcaption class=\"wp-element-caption\">Vue sur une coulisse ancr\u00e9e dans le cadre de la fen\u00eatre par le biais de supports.<\/figcaption><\/figure>\n      <\/section>\n        <section class=\"component component-gutenberg-paragraph typography my-1\">\n              \n<p>Si vous souhaitez fixer vos supports dans l\u2019embrasure de votre fen\u00eatre, cela est \u00e9galement possible. Dans un tel cas, des <strong>syst\u00e8mes d\u2019ancrage sp\u00e9ciaux \u00ab&nbsp;TURBOLET&nbsp;\u00bb<\/strong> sont utilis\u00e9s car ils tiennent \u00e9galement dans des mat\u00e9riaux plus souples. Sur les fa\u00e7ades de moins bonne qualit\u00e9, il peut cependant arriver que les supports ne puissent pas \u00eatre assez solidement ancr\u00e9s et dans un tel cas, la fixation dans la fen\u00eatre devra n\u00e9cessairement \u00eatre envisag\u00e9e. <em>\u00ab&nbsp;Dans tous les cas, cela ne nuira aucunement aux propri\u00e9t\u00e9s d\u2019isolation de votre fa\u00e7ade car l\u2019intervention est vraiment minime&nbsp;\u00bb,<\/em> nous explique M.&nbsp;B\u00fdma.<\/p>\n      <\/section>\n        <section class=\"component component-gutenberg-paragraph typography my-1\">\n              \n<p>Une autre possibilit\u00e9 est de placer un store \u00e0&nbsp;lamelles ext\u00e9rieurs au-dessus de l\u2019embrasure (pas dans le tableau de la fen\u00eatre). Cela est particuli\u00e8rement int\u00e9ressant lorsque l\u2019\u00e9paisseur du tableau est faible, c\u2019est-\u00e0-dire de moins de 13&nbsp;cm, et que l\u2019installation des coulisses et du store n\u2019y serait pas possible, ou bien que le store d\u00e9passerait en saillie de la fa\u00e7ade. Dans un tel cas, la t\u00f4le et les supports s\u2019ancrent <strong>sur la fa\u00e7ade.<\/strong><\/p>\n      <\/section>\n        <section class=\"component component-gutenberg-heading typography my-1\">\n              \n<h2 class=\"wp-block-heading\"><strong>Installation en applique sur la fa\u00e7ade<\/strong><\/h2>\n      <\/section>\n        <section class=\"component component-gutenberg-paragraph typography my-1\">\n              \n<p>Dans un tel cas, le caisson ou le lambrequin et les coulisses sont install\u00e9s en applique devant le tableau de la fen\u00eatre et tous les \u00e9l\u00e9ments sont donc ancr\u00e9s dans la fa\u00e7ade. Selon M.B\u00fdma, cela ne pose aucun probl\u00e8me et ne nuit certainement pas aux propri\u00e9t\u00e9s isolantes de la fa\u00e7ade. Il est important que tout tienne parfaitement bien<strong> et il est donc recommand\u00e9 de percer la fa\u00e7ade \u00e0&nbsp;travers l\u2019isolation ext\u00e9rieure<\/strong> jusqu\u2019au mur ou au linteau.<\/p>\n      <\/section>\n        <section class=\"component component-gutenberg-paragraph typography my-1\">\n              \n<p><em>\u00ab&nbsp;Si le client est inquiet \u00e0&nbsp;l\u2019id\u00e9e de percer la fa\u00e7ade, nous pouvons choisir des syst\u00e8mes d\u2019ancrage sp\u00e9ciaux et des chevilles qui ont pour caract\u00e9ristique de rompre les ponts thermiques, par exemple des produits de la marque TherMax&nbsp;\u00bb,<\/em> ajoute encore M.&nbsp;B\u00fdma.<\/p>\n      <\/section>\n        <section class=\"component component-gutenberg-heading typography my-1\">\n              \n<h2 class=\"wp-block-heading\"><strong>Lorsque cela est possible, optez pour un montage encastr\u00e9<\/strong><\/h2>\n      <\/section>\n        <section class=\"component component-gutenberg-paragraph typography my-1\">\n              \n<p>Dans le cas des constructions neuves ou des reconstructions compl\u00e8tes prenant \u00e9galement en compte la fa\u00e7ade, choisissez id\u00e9alement un store \u00e0&nbsp;lamelles ext\u00e9rieurs encastr\u00e9 pour lequel <strong>l\u2019ancrage ne se fera pas du tout dans l\u2019isolation de la fa\u00e7ade<\/strong>. Pour ce type de situation, la soci\u00e9t\u00e9 NEVA propose <a href=\"https:\/\/www.neva.eu\/fr\/options-et-accessoires\/produits\/iso-kastl\/\" title>des caissons en Pur\u00e9nit ISO-KASTL<\/a> qui s\u2019ancrent dans le mur au-dessus de la fen\u00eatre et que les fa\u00e7adiers recouvrent ensuite d\u2019une couche d\u2019enduit d\u2019au moins 2&nbsp;cm. Le Purenit est un mat\u00e9riau tr\u00e8s isolant. De m\u00eame pour les coulisses lat\u00e9rales, nous fabriquons des <a href=\"https:\/\/www.neva.eu\/fr\/options-et-accessoires\/produits\/iso-panel\/\">ISO-PANEL<\/a>, c\u2019est-\u00e0-dire un panneau isolant que nous ancrons dans le mur \u00e0&nbsp;l\u2019aide d\u2019un profil\u00e9 en forme de L, que les fa\u00e7adiers cachent ensuite et qui nous permet d\u2019installer les coulisses par simple pression.<\/p>\n      <\/section>\n        <section class=\"component component-gutenberg-paragraph typography my-1\">\n              \n<p>Quel que soit le mode d\u2019installation choisi, l\u2019ancrage d\u2019un stores \u00e0&nbsp;lamelles ext\u00e9rieurs ne repr\u00e9sente aucun probl\u00e8me pour l\u2019isolation de votre fa\u00e7ade. <strong>Le crit\u00e8re le plus probl\u00e9matique est plut\u00f4t la r\u00e9sistance de la fa\u00e7ade,<\/strong> c\u2019est-\u00e0-dire \u00e0&nbsp;savoir si les ancrages vont bien y&nbsp;tenir. Lorsque vous optez pour un montage apparent, nous vous recommandons donc de tout ancrer dans le cadre de la fen\u00eatre ou bien en saillie sur la fa\u00e7ade mais avec des syst\u00e8mes d\u2019ancrage qui atteignent le mur de la fa\u00e7ade.<\/p>\n      <\/section>\n        <section class=\"component component-gutenberg-paragraph typography my-1\">\n              \n<p>Nos <a href=\"https:\/\/www.neva.eu\/fr\/trouver-un-revendeur\/\">vendeurs et partenaires monteurs<\/a> seront tr\u00e8s heureux de vous donner de plus amples informations sur l\u2019ancrage de nos stores \u00e0&nbsp;lamelles ext\u00e9rieurs.<\/p>\n      <\/section>\n","protected":false},"excerpt":{"rendered":"<p>Lorsque vous installez des stores \u00e0 lamelles ext\u00e9rieurs sur une construction d\u00e9j\u00e0 existante, l\u2019ancrage des supports et des coulisses se fait dans le cadre de la fen\u00eatre ou dans l\u2019isolation. Si tout est correctement r\u00e9alis\u00e9, une telle intervention ne devrait avoir aucune retomb\u00e9e sur les propri\u00e9t\u00e9s isolantes de vos fen\u00eatres ou de votre fa\u00e7ade. Toutefois, pour en \u00eatre totalement certain, vous pouvez aussi vous mettre d\u2019accord avec votre fournisseur en lui demandant d\u2019utiliser des syst\u00e8mes d\u2019ancrage sp\u00e9ciaux qui viennent rompre les ponts thermiques.<\/p>\n","protected":false},"author":10,"featured_media":17988,"comment_status":"closed","ping_status":"closed","sticky":false,"template":"","format":"standard","meta":{"_acf_changed":false,"advgb_blocks_editor_width":"","advgb_blocks_columns_visual_guide":"","_daim_seo_power":"","_daim_enable_ail":"","footnotes":""},"categories":[199],"tags":[],"class_list":["post-21212","post","type-post","status-publish","format-standard","has-post-thumbnail","hentry","category-conseils-et-manuels"],"acf":[],"aioseo_notices":[],"author_meta":{"display_name":"Luk\u00e1\u0161 Musil","author_link":"https:\/\/www.neva.eu\/fr\/author\/musil\/"},"featured_img":"https:\/\/www.neva.eu\/wp-content\/uploads\/NEVA-kotveni-venkovnich-zaluzii-do-zatepleni-1-300x150.jpg","coauthors":[],"tax_additional":{"categories":{"linked":["<a href=\"https:\/\/www.neva.eu\/fr\/actualites\/categorie\/conseils-et-manuels\/\" class=\"advgb-post-tax-term\">Conseils et manuels<\/a>"],"unlinked":["<span class=\"advgb-post-tax-term\">Conseils et manuels<\/span>"]}},"comment_count":"0","relative_dates":{"created":"Publi\u00e9 3 years il y a","modified":"Mis \u00e0 jour 3 years il y a"},"absolute_dates":{"created":"Publi\u00e9 le 12. 12. 2022","modified":"Mise \u00e0 jour le 8. 2. 2023"},"absolute_dates_time":{"created":"Publi\u00e9 le 12. 12. 2022 9:31","modified":"Mise \u00e0 jour le 8. 2. 2023 7:05"},"featured_img_caption":"","series_order":"","_links":{"self":[{"href":"https:\/\/www.neva.eu\/fr\/wp-json\/wp\/v2\/posts\/21212","targetHints":{"allow":["GET"]}}],"collection":[{"href":"https:\/\/www.neva.eu\/fr\/wp-json\/wp\/v2\/posts"}],"about":[{"href":"https:\/\/www.neva.eu\/fr\/wp-json\/wp\/v2\/types\/post"}],"author":[{"embeddable":true,"href":"https:\/\/www.neva.eu\/fr\/wp-json\/wp\/v2\/users\/10"}],"replies":[{"embeddable":true,"href":"https:\/\/www.neva.eu\/fr\/wp-json\/wp\/v2\/comments?post=21212"}],"version-history":[{"count":1,"href":"https:\/\/www.neva.eu\/fr\/wp-json\/wp\/v2\/posts\/21212\/revisions"}],"predecessor-version":[{"id":21213,"href":"https:\/\/www.neva.eu\/fr\/wp-json\/wp\/v2\/posts\/21212\/revisions\/21213"}],"wp:featuredmedia":[{"embeddable":true,"href":"https:\/\/www.neva.eu\/fr\/wp-json\/wp\/v2\/media\/17988"}],"wp:attachment":[{"href":"https:\/\/www.neva.eu\/fr\/wp-json\/wp\/v2\/media?parent=21212"}],"wp:term":[{"taxonomy":"category","embeddable":true,"href":"https:\/\/www.neva.eu\/fr\/wp-json\/wp\/v2\/categories?post=21212"},{"taxonomy":"post_tag","embeddable":true,"href":"https:\/\/www.neva.eu\/fr\/wp-json\/wp\/v2\/tags?post=21212"}],"curies":[{"name":"wp","href":"https:\/\/api.w.org\/{rel}","templated":true}]}}