{"id":21206,"date":"2022-11-30T11:03:58","date_gmt":"2022-11-30T10:03:58","guid":{"rendered":"https:\/\/www.neva.eu\/non-classifiee\/comment-et-pourquoi-ombrager-vos-halls-de-production-et-autres-batiments-industriels\/"},"modified":"2025-07-15T13:50:31","modified_gmt":"2025-07-15T11:50:31","slug":"comment-et-pourquoi-ombrager-vos-halls-de-production-et-autres-batiments-industriels","status":"publish","type":"post","link":"https:\/\/www.neva.eu\/fr\/conseils-et-manuels\/comment-et-pourquoi-ombrager-vos-halls-de-production-et-autres-batiments-industriels\/","title":{"rendered":"Comment et pourquoi ombrager vos halls de production et autres b\u00e2timents industriels"},"content":{"rendered":"        <section class=\"component component-gutenberg-heading typography my-1\">\n              \n<h2 class=\"wp-block-heading\" id=\"proc-stinit-prumyslove-haly-bab6aa86-51d4-4128-9ef0-c975bff470b7\">Pourquoi ombrager les b\u00e2timents industriels<\/h2>\n      <\/section>\n\n\n        <section class=\"component component-gutenberg-paragraph typography my-1\">\n              \n<p>Les employeurs sont dans l\u2019obligation de garantir un environnement de travail respectueux de ses employ\u00e9s, ce qui implique notamment d\u2019assurer <strong>des conditions de luminosit\u00e9 et de temp\u00e9rature adapt\u00e9es sur le lieu de travail<\/strong>. Ces deux \u00e9l\u00e9ments peuvent d\u2019ailleurs \u00eatre facilement r\u00e9gul\u00e9s avec des syst\u00e8mes d\u2019ombrage ext\u00e9rieurs.<\/p>\n      <\/section>\n\n\n        <section class=\"component component-gutenberg-heading typography my-1\">\n              \n<h2 class=\"wp-block-heading\" id=\"svetelne-podminky-na-pracovisti-ad9f2023-aa4c-487c-b5be-9defaf1697d7\">Conditions de luminosit\u00e9 sur le lieu de travail<\/h2>\n      <\/section>\n\n\n        <section class=\"component component-gutenberg-paragraph typography my-1\">\n              \n<p>Un mauvais \u00e9clairage se comprend comme un manque ou comme un exc\u00e8s de lumi\u00e8re. Un <strong>\u00e9clairage tr\u00e8s intense<\/strong>, des reflets trop vifs ou m\u00eame des ombres peuvent en effet nuire \u00e0&nbsp;la s\u00e9curit\u00e9 du travail.<\/p>\n      <\/section>\n\n\n        <section class=\"component component-gutenberg-paragraph typography my-1\">\n              \n<p>Selon le paragraphe <a href=\"https:\/\/www.zakonyprolidi.cz\/cs\/2007-361#:~:text=BLI%C5%BD%C5%A0%C3%8D%20HYGIENICK%C3%89%20PO%C5%BDADAVKY%20NA%20OSV%C4%9ATLEN%C3%8D%20PRACOVI%C5%A0T%C4%9A\" target=\"_blank\" rel=\"noopener\" title>45 du d\u00e9cret gouvernemental n\u00b0 361\/2007 Coll.,<\/a> les ouvertures (fen\u00eatres ou fen\u00eatres de toit) d\u2019un poste de travail <strong>\u00e9clair\u00e9 par la lumi\u00e8re naturelle du jour<\/strong> et pouvant donc \u00eatre l\u2019objet d\u2019une lumi\u00e8re aveuglante ou d\u2019une chaleur accrue, doivent \u00eatre \u00e9quip\u00e9es de syst\u00e8mes d\u2019ombrage permettant la r\u00e9gulation des rayons de soleil directs. De tels \u00e9quipements ne doivent cependant pas emp\u00eacher de voir \u00e0&nbsp;l\u2019ext\u00e9rieur du b\u00e2timent.<\/p>\n      <\/section>\n\n\n        <section class=\"component component-gutenberg-paragraph typography my-1\">\n              \n<p>Un poste de travail \u00e9clair\u00e9 par la lumi\u00e8re du jour devrait avoir un facteur d\u2019\u00e9clairage diurne D<sub>min<\/sub> de 1,5&nbsp;% minimum (conform\u00e9ment au d\u00e9cret cit\u00e9). Celui-ci devrait \u00eatre associ\u00e9 \u00e0&nbsp;un \u00e9clairage artificiel d\u2019une valeur minimale de 200&nbsp;lx\/\u200bm\u00b2.&nbsp;<\/p>\n      <\/section>\n\n\n        <section class=\"component component-gutenberg-heading typography my-1\">\n              \n<h2 class=\"wp-block-heading\" id=\"teplota-na-pracovisti-0db7fc20-2c00-4a17-95b9-2079f45903d5\">Temp\u00e9rature sur le lieu de travail<\/h2>\n      <\/section>\n\n\n        <section class=\"component component-gutenberg-paragraph typography my-1\">\n              \n<p>Pour les professions g\u00e9n\u00e9ralement ex\u00e9cut\u00e9es dans des b\u00e2timents industriels, le <a href=\"https:\/\/www.zakonyprolidi.cz\/cs\/2007-361#castA\" target=\"_blank\" rel=\"noopener\" title>d\u00e9cret gouvernemental n\u00b0 361\/2007 Coll.<\/a> impose les limites suivantes&nbsp;:<\/p>\n      <\/section>\n\n\n        <section class=\"component component-gutenberg-table typography my-1\">\n              \n<figure class=\"wp-block-table\"><table><thead><tr><th><strong>Type de travail<\/strong><\/th><th>Temp\u00e9rature minimale<\/th><th>Temp\u00e9rature maximale<\/th><\/tr><\/thead><tbody><tr><td>IIa \u2013 travail essentiellement en position assise, d\u00e9placement de charges l\u00e9g\u00e8res, montage de pi\u00e8ces l\u00e9g\u00e8res, travail \u00e0&nbsp;l\u2019unit\u00e9 des m\u00e9caniciens et des outilleurs<\/td><td>18\u00b0C<\/td><td>26\u00b0C<\/td><\/tr><tr><td>IIb \u2013 travail essentiellement en position debout en utilisant une main, un bras et une jambe, transport de charges de moins de 10&nbsp;kg, m\u00e9canicien, usinage, montage<\/td><td>14\u00b0C<\/td><td>32\u00b0C<\/td><\/tr><tr><td>IIIa \u2013 travail en position debout, impliquant constamment les deux mains, parfois en position pench\u00e9e ou \u00e0&nbsp;genoux, marche, entretien de machines, b\u00e2timents, magasiniers transportant des charges pouvant atteindre jusqu\u2019\u00e0 15&nbsp;kg<\/td><td>10\u00b0C<\/td><td>30\u00b0C<\/td><\/tr><\/tbody><\/table><\/figure>\n      <\/section>\n\n\n        <section class=\"component component-gutenberg-paragraph typography my-1\">\n              \n<p><\/p>\n      <\/section>\n\n\n        <section class=\"component component-gutenberg-paragraph typography my-1\">\n              \n<p>La loi impose aux employeurs l\u2019obligation d\u2019assurer une temp\u00e9rature adapt\u00e9e, mais elle <strong>ne pr\u00e9cise pas de quelle fa\u00e7on<\/strong>.<\/p>\n      <\/section>\n\n\n        <section class=\"component component-gutenberg-paragraph typography my-1\">\n              \n<p>Les m\u00e9thodes les plus fr\u00e9quemment utilis\u00e9es pour refroidir un espace sont les suivantes&nbsp;:<\/p>\n      <\/section>\n\n\n        <section class=\"component component-gutenberg-list typography my-1\">\n              \n<ul class=\"wp-block-list\">\n<li>climatisation industrielle,&nbsp;<\/li>\n\n\n\n<li>ventilation,<\/li>\n\n\n\n<li>r\u00e9cup\u00e9ration,<\/li>\n\n\n\n<li>a\u00e9ration<\/li>\n\n\n\n<li>ou syst\u00e8mes d\u2019ombrage ext\u00e9rieur.<\/li>\n<\/ul>\n      <\/section>\n\n\n        <section class=\"component component-gutenberg-paragraph typography my-1\">\n              \n<p>Il est conseill\u00e9 <strong>d\u2019associer plusieurs techniques de refroidissement<\/strong>. L\u2019utilisation du seul syst\u00e8me de climatisation n\u2019est pas tr\u00e8s \u00e9conomique, elle peut m\u00eame nuire \u00e0&nbsp;la sant\u00e9 des personnes, par exemple lorsqu\u2019elle est trop&nbsp;forte.<\/p>\n      <\/section>\n\n\n        <section class=\"component component-gutenberg-paragraph typography my-1\">\n              \n<p>L\u2019utilisation de la climatisation sur le lieu de travail est \u00e9galement r\u00e9gul\u00e9e par la loi. La diff\u00e9rence entre la temp\u00e9rature int\u00e9rieure et la temp\u00e9rature ext\u00e9rieure ne doit pas \u00eatre de plus de 7\u00b0C. Il est donc fortement conseill\u00e9 de choisir un mode de r\u00e9gulation thermique moins puissant, comme par exemple un syst\u00e8me d\u2019ombrage ext\u00e9rieur.<\/p>\n      <\/section>\n\n\n        <section class=\"component component-gutenberg-heading typography my-1\">\n              \n<h2 class=\"wp-block-heading\" id=\"venkovni-stineni-splni-legislativu-a-nabizi-pohodli-6b881668-af4f-4d6b-88a1-8a9135886fde\">Un syst\u00e8me d\u2019ombrage ext\u00e9rieur garantit un certain confort tout en \u00e9tant conforme \u00e0&nbsp;la l\u00e9gislation<\/h2>\n      <\/section>\n\n\n        <section class=\"component component-gutenberg-paragraph typography my-1\">\n              \n<p>Pour respecter les mesures d\u2019hygi\u00e8ne et de s\u00e9curit\u00e9 d\u00e9coulant des r\u00e9glementations cit\u00e9es, mais aussi des r\u00e8gles de sant\u00e9 et de s\u00e9curit\u00e9 au travail, nous recommandons d\u2019ombrer les fen\u00eatres des halls de production avec des <strong>syst\u00e8mes d\u2019ombrage ext\u00e9rieurs pouvant \u00eatre r\u00e9gul\u00e9s<\/strong>, c\u2019est-\u00e0-dire&nbsp;:<\/p>\n      <\/section>\n\n\n        <section class=\"component component-gutenberg-list typography my-1\">\n              \n<ul class=\"wp-block-list\">\n<li>des stores \u00e0&nbsp;lamelles ext\u00e9rieurs,<\/li>\n\n\n\n<li>des volets roulants ext\u00e9rieurs en aluminium<\/li>\n\n\n\n<li>ou encore <a href=\"https:\/\/www.neva.eu\/fr\/stores-toiles\/\">des stores toiles ext\u00e9rieurs<\/a>.<\/li>\n<\/ul>\n      <\/section>\n\n\n        <section class=\"component component-gutenberg-paragraph typography my-1\">\n              \n<p>\u00c0 la diff\u00e9rence des volets roulants, les stores \u00e0&nbsp;lamelles ext\u00e9rieurs permettent une meilleure r\u00e9gulation de la lumi\u00e8re car les lamelles peuvent \u00eatre inclin\u00e9es. Au contraire, les volets roulants peuvent cr\u00e9er un noir total. Si vous avez de grandes fen\u00eatres, nous vous conseillons des stores-toiles qui r\u00e9sistent parfaitement au vent et qui peuvent \u00eatre fabriqu\u00e9s dans de tr\u00e8s grandes dimensions.<\/p>\n      <\/section>\n\n\n        <section class=\"component component-gutenberg-paragraph typography my-1\">\n              \n<p>Nous vous recommandons d\u2019\u00e9quiper vos \u00e9quipements d\u2019ombrage de moteurs intelligents ou de les relier \u00e0&nbsp;un syst\u00e8me central et \u00e0&nbsp;des capteurs pour que votre syst\u00e8me d\u2019ombrage descende et remonte automatiquement en fonction de la m\u00e9t\u00e9o, voire m\u00eame par exemple en fonction des horaires de travail.<\/p>\n      <\/section>\n\n\n        <section class=\"component component-gutenberg-heading typography my-1\">\n              \n<h2 class=\"wp-block-heading\" id=\"se-stinenim-svetliku-budte-opatrni-7217e8dc-1c7d-4ec4-9353-5708d2c201a1\">Soyez toujours tr\u00e8s prudent lorsqu\u2019il s\u2019agit de l\u2019ombrage des fen\u00eatres de&nbsp;toit<\/h2>\n      <\/section>\n\n\n        <section class=\"component component-gutenberg-paragraph typography my-1\">\n              \n<p>Les fen\u00eatres de toit laissent passer une grande partie de la lumi\u00e8re du jour (et de la chaleur) dans les halls industriels. Elles peuvent \u00eatre ombrag\u00e9es, mais n\u2019oubliez tout de m\u00eame pas qu\u2019il est important de maintenir <strong>un certain pourcentage de lumi\u00e8re du jour<\/strong> sur le lieu de travail. De fa\u00e7on g\u00e9n\u00e9rale, il est conseill\u00e9 d\u2019ombrager uniquement les fen\u00eatres des parois verticales.<\/p>\n      <\/section>\n\n\n        <section class=\"component component-gutenberg-paragraph typography my-1\">\n              \n<p>Si vous avez besoin d\u2019ombrager une fen\u00eatre de toit, l\u2019id\u00e9al est de choisir une solution temporaire comme des toiles d\u2019ombrage (fabriqu\u00e9es dans une toile similaire aux stores-toiles) ou bien des syst\u00e8mes d\u2019ombrage int\u00e9rieurs motoris\u00e9s. Ceux-l\u00e0 sont en mesure d\u2019agr\u00e9ablement rafra\u00eechir l\u2019int\u00e9rieur, mais aussi de l\u2019ombrager.<\/p>\n      <\/section>\n\n\n        <section class=\"component component-gutenberg-heading typography my-1\">\n              \n<h2 class=\"wp-block-heading\" id=\"podle-ceho-vybrat-venkovni-stineni-pro-prumyslove-haly-71e417cc-8646-46d2-84ce-83c48a507034\">Quels crit\u00e8res pour s\u00e9lectionner les syst\u00e8mes d\u2019ombrage des halls industriels&nbsp;?<\/h2>\n      <\/section>\n\n\n        <section class=\"component component-gutenberg-paragraph typography my-1\">\n              \n<p>Si vous vous appr\u00eatez \u00e0&nbsp;construire un b\u00e2timent industriel, commencez \u00e0&nbsp;planifier votre syst\u00e8me <a href=\"https:\/\/www.neva.eu\/fr\/conseils-et-manuels\/quelle-technique-dombrage-choisir-voici-une-comparaison-de-tous-les-types-existants\/\" title=\"d\u2019ombrage ext\u00e9rieur\">d\u2019ombrage ext\u00e9rieur<\/a> <strong>d\u00e8s la phase du projet<\/strong>. L\u2019avantage est que vous avez encore suffisamment d\u2019espace de manipulation pour cr\u00e9er un syst\u00e8me d\u2019ombrage \u00e0&nbsp;la fois \u00e9l\u00e9gant, fonctionnel et technologique.<\/p>\n      <\/section>\n\n\n        <section class=\"component component-gutenberg-paragraph typography my-1\">\n              \n<p>Si vous souhaitez au contraire ombrager un hall de production d\u00e9j\u00e0 existant, demandez conseil \u00e0&nbsp;un sp\u00e9cialiste. Le type d\u2019ombrage d\u00e9pendra alors en&nbsp;effet<\/p>\n      <\/section>\n\n\n        <section class=\"component component-gutenberg-list typography my-1\">\n              \n<ul class=\"wp-block-list\">\n<li><strong>du type de fa\u00e7ade<\/strong> et des possibilit\u00e9s d\u2019ancrage des diff\u00e9rents \u00e9l\u00e9ments,<\/li>\n\n\n\n<li>des possibilit\u00e9s d\u2019installation \u00e9lectrique,<\/li>\n\n\n\n<li>des exigences en termes de s\u00e9curit\u00e9 (en cas de besoin, il est possible de faire installer des volets de s\u00e9curit\u00e9 que les compagnies d\u2019assurance consid\u00e8rent comme des \u00e9l\u00e9ments de s\u00e9curit\u00e9),<\/li>\n\n\n\n<li>des exigences de r\u00e9gulation de la chaleur et de la lumi\u00e8re,<\/li>\n\n\n\n<li>du type de commande que vous pr\u00e9f\u00e9rez.<\/li>\n<\/ul>\n      <\/section>\n\n\n        <section class=\"component component-gutenberg-paragraph typography my-1\">\n              \n<p><a href=\"https:\/\/www.neva.eu\/fr\/conseils-et-manuels\/resolution-du-montage-des-stores-exterieurs-lors-dune-reconstruction\/\">Si votre hall de production est fait de briques ou de panneaux de b\u00e9ton, vous pouvez suivre nos conseils de choix de syst\u00e8me d\u2019ombrage pour une reconstruction.<\/a><\/p>\n      <\/section>\n\n\n        <section class=\"component component-gutenberg-paragraph typography my-1\">\n              \n<p>L\u2019<strong>aspect visuel <\/strong>est \u00e9galement tr\u00e8s important. C\u2019est un grand changement pour votre b\u00e2timent qui se doit d\u2019\u00eatre \u00e0&nbsp;l\u2019image de votre entreprise. Il est donc toujours mieux de demander conseil \u00e0&nbsp;un architecte. Vous pouvez par exemple choisir des stores de couleurs bien particuli\u00e8res qui repr\u00e9sentent l\u2019identit\u00e9 de votre entreprise.<\/p>\n      <\/section>\n\n\n        <section class=\"component component-gutenberg-heading typography my-1\">\n              \n<h2 class=\"wp-block-heading\" id=\"jak-to-mame-v-neve-0beeece2-7639-4dcb-ae3e-b4a3b37ea64c\">Quel choix avons-nous fait sur les b\u00e2timents de l\u2019entreprise NEVA&nbsp;?<\/h2>\n      <\/section>\n\n\n        <section class=\"component component-gutenberg-paragraph typography my-1\">\n              \n<p>Notre hall de production et nos entrep\u00f4ts de Kralice na Han\u00e9 sont \u00e9quip\u00e9s <strong><a href=\"https:\/\/www.neva.eu\/fr\/stores\/stores-exterieurs\/\" title=\"de stores \u00e0 lamelles ext\u00e9rieurs\">de stores \u00e0&nbsp;lamelles ext\u00e9rieurs<\/a> S90<\/strong>. Ce type est g\u00e9n\u00e9ralement tr\u00e8s appr\u00e9ci\u00e9, autant sur les locaux administratifs que de production, notamment pour leur rapport performance\/\u200bprix car ils sont tr\u00e8s r\u00e9sistants. Dans notre cas, ils convenaient aussi tr\u00e8s bien \u00e0&nbsp;l\u2019aspect de nos fa\u00e7ades.<\/p>\n      <\/section>\n\n\n        <section class=\"component component-gutenberg-paragraph typography my-1\">\n              \n<p>Nos b\u00e2timents sont <strong>rev\u00eatus de t\u00f4les<\/strong>, ce qui r\u00e9duit consid\u00e9rablement les possibilit\u00e9s de fixation des syst\u00e8mes de protection solaire. La seule possibilit\u00e9 dans un tel cas est un montage en saillie sur la fa\u00e7ade.<\/p>\n      <\/section>\n\n\n        <section class=\"component component-gutenberg-image typography my-1\">\n              \n<figure class=\"wp-block-image size-large\"><img loading=\"lazy\" decoding=\"async\" width=\"1024\" height=\"512\" src=\"https:\/\/www.neva.eu\/wp-content\/uploads\/NEVA-jak-zastinit-vyrobni-haly-1-1024x512.jpg\" alt class=\"wp-image-17959\" srcset=\"https:\/\/www.neva.eu\/wp-content\/uploads\/NEVA-jak-zastinit-vyrobni-haly-1-1024x512.jpg 1024w, https:\/\/www.neva.eu\/wp-content\/uploads\/NEVA-jak-zastinit-vyrobni-haly-1-300x150.jpg 300w, https:\/\/www.neva.eu\/wp-content\/uploads\/NEVA-jak-zastinit-vyrobni-haly-1-768x384.jpg 768w, https:\/\/www.neva.eu\/wp-content\/uploads\/NEVA-jak-zastinit-vyrobni-haly-1-1536x768.jpg 1536w, https:\/\/www.neva.eu\/wp-content\/uploads\/NEVA-jak-zastinit-vyrobni-haly-1.jpg 1920w\" sizes=\"auto, (max-width: 1024px) 100vw, 1024px\" \/><figcaption class=\"wp-element-caption\">Un syst\u00e8me de fa\u00e7ade avec montage en saillie est g\u00e9n\u00e9ralement tr\u00e8s remarquable.<\/figcaption><\/figure>\n      <\/section>\n\n\n        <section class=\"component component-gutenberg-paragraph typography my-1\">\n              \n<p>En plus des stores, nous utilisons aussi un syst\u00e8me de climatisation industrielle et nous a\u00e9rons de fa\u00e7on classique.<em>&nbsp;<\/em><\/p>\n      <\/section>\n\n\n        <section class=\"component component-gutenberg-paragraph typography my-1\">\n              \n<p><em>\u00ab&nbsp;Nos collaborateurs et nous sommes habitu\u00e9s \u00e0&nbsp;nous comporter en fonction de la m\u00e9t\u00e9o. S\u2019il fait froid dehors, nous laissons les syst\u00e8mes d\u2019ombrage en position haute pour que le soleil puisse venir chauffer les locaux. Nous veillons aussi \u00e0&nbsp;ne pas laisser entrer l\u2019air froid, par exemple en laissant les portes ouvertes aussi bri\u00e8vement que possible lors des chargements et d\u00e9chargements.<\/em><\/p>\n      <\/section>\n\n\n        <section class=\"component component-gutenberg-paragraph typography my-1\">\n              \n<p><em>Lorsqu\u2019au contraire, il fait tr\u00e8s chaud dehors, nous utilisons les syst\u00e8mes d\u2019ombrage d\u00e8s le matin et nous a\u00e9rons les locaux en fonction de la situation. Lorsque les matins sont frais, nous a\u00e9rons pour rafra\u00eechir les espaces int\u00e9rieurs. Plus tard dans la matin\u00e9e et dans l\u2019apr\u00e8s-midi (au moment le plus chaud de la journ\u00e9e), nous fermons tous les locaux pour ne pas laisser entrer l\u2019air chaud. Lorsque la temp\u00e9rature baisse en fin de journ\u00e9e, nous a\u00e9rons \u00e0&nbsp;nouveau pour rafra\u00eechir un peu les locaux&nbsp;\u00bb,<\/em> nous explique Jan Gajdo\u0161, directeur de production.<\/p>\n      <\/section>\n","protected":false},"excerpt":{"rendered":"<p>Les syst\u00e8mes d\u2019ombrage sont g\u00e9n\u00e9ralement install\u00e9s sur les fen\u00eatres, les parois vitr\u00e9es et les fen\u00eatres de toit des b\u00e2timents industriels afin de mieux les prot\u00e9ger contre une lumi\u00e8re trop vive, mais aussi de r\u00e9guler la temp\u00e9rature sur le lieu de travail. Nous conseillons d\u2019installer des syst\u00e8mes d&#8217;ombrage ext\u00e9rieurs qui sont beaucoup plus efficaces et qui assurent un meilleur respect des conditions d\u2019hygi\u00e8ne sur le lieu de travail.<\/p>\n","protected":false},"author":9,"featured_media":17967,"comment_status":"closed","ping_status":"closed","sticky":false,"template":"","format":"standard","meta":{"_acf_changed":false,"advgb_blocks_editor_width":"","advgb_blocks_columns_visual_guide":"","_daim_seo_power":"1000","_daim_enable_ail":"1","footnotes":""},"categories":[199],"tags":[],"class_list":["post-21206","post","type-post","status-publish","format-standard","has-post-thumbnail","hentry","category-conseils-et-manuels"],"acf":[],"aioseo_notices":[],"author_meta":{"display_name":"Kate\u0159ina Musilov\u00e1","author_link":"https:\/\/www.neva.eu\/fr\/author\/vranova\/"},"featured_img":"https:\/\/www.neva.eu\/wp-content\/uploads\/NEVA-jak-zastinit-vyrobni-haly-300x150.jpg","coauthors":[],"tax_additional":{"categories":{"linked":["<a href=\"https:\/\/www.neva.eu\/fr\/actualites\/categorie\/conseils-et-manuels\/\" class=\"advgb-post-tax-term\">Conseils et manuels<\/a>"],"unlinked":["<span class=\"advgb-post-tax-term\">Conseils et manuels<\/span>"]}},"comment_count":"0","relative_dates":{"created":"Publi\u00e9 3 years il y a","modified":"Mis \u00e0 jour 10 months il y a"},"absolute_dates":{"created":"Publi\u00e9 le 30. 11. 2022","modified":"Mise \u00e0 jour le 15. 7. 2025"},"absolute_dates_time":{"created":"Publi\u00e9 le 30. 11. 2022 11:03","modified":"Mise \u00e0 jour le 15. 7. 2025 13:50"},"featured_img_caption":"","series_order":"","_links":{"self":[{"href":"https:\/\/www.neva.eu\/fr\/wp-json\/wp\/v2\/posts\/21206","targetHints":{"allow":["GET"]}}],"collection":[{"href":"https:\/\/www.neva.eu\/fr\/wp-json\/wp\/v2\/posts"}],"about":[{"href":"https:\/\/www.neva.eu\/fr\/wp-json\/wp\/v2\/types\/post"}],"author":[{"embeddable":true,"href":"https:\/\/www.neva.eu\/fr\/wp-json\/wp\/v2\/users\/9"}],"replies":[{"embeddable":true,"href":"https:\/\/www.neva.eu\/fr\/wp-json\/wp\/v2\/comments?post=21206"}],"version-history":[{"count":5,"href":"https:\/\/www.neva.eu\/fr\/wp-json\/wp\/v2\/posts\/21206\/revisions"}],"predecessor-version":[{"id":29355,"href":"https:\/\/www.neva.eu\/fr\/wp-json\/wp\/v2\/posts\/21206\/revisions\/29355"}],"wp:featuredmedia":[{"embeddable":true,"href":"https:\/\/www.neva.eu\/fr\/wp-json\/wp\/v2\/media\/17967"}],"wp:attachment":[{"href":"https:\/\/www.neva.eu\/fr\/wp-json\/wp\/v2\/media?parent=21206"}],"wp:term":[{"taxonomy":"category","embeddable":true,"href":"https:\/\/www.neva.eu\/fr\/wp-json\/wp\/v2\/categories?post=21206"},{"taxonomy":"post_tag","embeddable":true,"href":"https:\/\/www.neva.eu\/fr\/wp-json\/wp\/v2\/tags?post=21206"}],"curies":[{"name":"wp","href":"https:\/\/api.w.org\/{rel}","templated":true}]}}