{"id":18597,"date":"2022-10-12T12:00:00","date_gmt":"2022-10-12T10:00:00","guid":{"rendered":"https:\/\/www.neva.eu\/non-classifiee\/les-delais-de-livraison-des-stores-a-lamelles-exterieurs-quand-passer-votre-commande-pour-que-les-stores-soient-prets-a-etre-montes-lorsque-vous-le-souhaitez\/"},"modified":"2022-11-21T08:30:48","modified_gmt":"2022-11-21T07:30:48","slug":"les-delais-de-livraison-des-stores-a-lamelles-exterieurs-quand-passer-votre-commande-pour-que-les-stores-soient-prets-a-etre-montes-lorsque-vous-le-souhaitez","status":"publish","type":"post","link":"https:\/\/www.neva.eu\/fr\/conseils-et-manuels\/les-delais-de-livraison-des-stores-a-lamelles-exterieurs-quand-passer-votre-commande-pour-que-les-stores-soient-prets-a-etre-montes-lorsque-vous-le-souhaitez\/","title":{"rendered":"Les d\u00e9lais de livraison des stores \u00e0 lamelles ext\u00e9rieurs : quand passer votre commande pour que les stores soient pr\u00eats \u00e0 \u00eatre mont\u00e9s lorsque vous le souhaitez\u00a0?"},"content":{"rendered":"        <section class=\"component component-gutenberg-heading typography my-1\">\n              \n<h2 class=\"wp-block-heading\">Premier m\u00e9trage : 3&nbsp;jours ou m\u00eame 2&nbsp;semaines<\/h2>\n      <\/section>\n\n\n        <section class=\"component component-gutenberg-paragraph typography my-1\">\n              \n<p>Lorsque vous faites une demande de devis pour des stores \u00e0&nbsp;lamelles ext\u00e9rieurs, vous envoyez des sch\u00e9mas (ou bien au moins les dimensions de vos ouvertures) \u00e0&nbsp;la soci\u00e9t\u00e9 de montage qui \u00e9tablit un <strong>devis approximatif<\/strong> des stores et de leur montage.<\/p>\n      <\/section>\n\n\n        <section class=\"component component-gutenberg-paragraph typography my-1\">\n              \n<p>Apr\u00e8s validation de cette premi\u00e8re offre, la soci\u00e9t\u00e9 se rend sur le chantier pour r\u00e9aliser un <strong>premier m\u00e9trage<\/strong>. Une telle visite peut \u00eatre planifi\u00e9e dans les quelques jours qui suivent et donne lieu \u00e0&nbsp;deux sc\u00e9narios&nbsp;:<\/p>\n      <\/section>\n\n\n        <section class=\"component component-gutenberg-list typography my-1\">\n              \n<ul class=\"wp-block-list\"><li>le chantier est pr\u00eat et l\u2019entreprise effectue les m\u00e9trages en quelques heures (au maximum une demie journ\u00e9e),<\/li><li>ou bien le chantier n\u2019est pas pr\u00eat. Souvent il n\u2019y a&nbsp;pas d\u2019\u00e9chafaudage pour acc\u00e9der aux ouvertures \u00e0&nbsp;l\u2019\u00e9tage ou bien les embrasures ne sont pas droites, voire les fen\u00eatres sont mal install\u00e9es par rapport \u00e0&nbsp;la fa\u00e7ade (cela est souvent le cas des montages encastr\u00e9s).<\/li><\/ul>\n      <\/section>\n\n\n        <section class=\"component component-gutenberg-paragraph typography my-1\">\n              \n<p><em>\u00ab&nbsp;Un m\u00e9trage de qualit\u00e9 est essentiel, mais il est tr\u00e8s fr\u00e9quent que le chantier ne soit pas pr\u00eat pour le permettre. Nous informons alors le client ou le ma\u00eetre d\u2019\u0153uvre des travaux qui doivent encore \u00eatre r\u00e9alis\u00e9s et nous retournons effectuer le premier m\u00e9trage lorsque tout est pr\u00eat&nbsp;\u00bb,<\/em> nous explique Dagmar Sur\u00e1, directrice de la soci\u00e9t\u00e9 <a href=\"https:\/\/www.solartechnik.cz\/\" target=\"_blank\" rel=\"noopener\">SOLAR-TECHNIK<\/a>, qui constate que la <strong>premi\u00e8re date de m\u00e9trage est ainsi souvent d\u00e9cal\u00e9e d\u2019au moins une semaine<\/strong>.<\/p>\n      <\/section>\n\n\n        <section class=\"component component-gutenberg-paragraph typography my-1\">\n              \n<p>Apr\u00e8s le m\u00e9trage, l\u2019entreprise de montage <strong>\u00e9labore un devis final<\/strong> et attend que vous le validiez.<\/p>\n      <\/section>\n\n\n        <section class=\"component component-gutenberg-heading typography my-1\">\n              \n<h2 class=\"wp-block-heading\">Apr\u00e8s l\u2019acceptation du prix, tout part en fabrication et le d\u00e9lai d\u2019attente est alors de 10&nbsp;jours.<\/h2>\n      <\/section>\n\n\n        <section class=\"component component-gutenberg-paragraph typography my-1\">\n              \n<p>D\u00e8s que vous signez votre devis lu et approuv\u00e9, la soci\u00e9t\u00e9 de montage envoie imm\u00e9diatement la commande en fabrication. <strong>Dans le cas d\u2019un montage encastr\u00e9, il est tout d\u2019abord n\u00e9cessaire de commander les composants<\/strong> \u2013 panneaux pour les coulisses (ISO-PANEL), consoles et caissons, alors que pour un montage apparent, le store \u00e0&nbsp;lamelles ext\u00e9rieurs part directement en fabrication. NEVA assure la fabrication de la commande en 10 jours ouvr\u00e9s.<\/p>\n      <\/section>\n\n\n        <section class=\"component component-gutenberg-paragraph typography my-1\">\n              \n<p>Dans l\u2019entre-temps, vous pouvez d\u00e9j\u00e0 convenir d\u2019une date de montage avec l\u2019entreprise de montage. <em>\u00ab&nbsp;D\u00e8s que nous lan\u00e7ons la fabrication des composants ou du syst\u00e8me d\u2019ombrage en lui-m\u00eame, nous nous mettons imm\u00e9diatement d\u2019accord sur la date de montage. Nous ne voulons pas retarder le chantier, ni m\u00eame tenir des pi\u00e8ces en stock inutilement dans nos entrep\u00f4ts. Nous effectuons g\u00e9n\u00e9ralement le montage un ou deux jours apr\u00e8s avoir \u00e9t\u00e9 livr\u00e9s par NEVA&nbsp;\u00bb,<\/em> nous explique Madame Sur\u00e1.<\/p>\n      <\/section>\n\n\n        <section class=\"component component-gutenberg-paragraph typography my-1\">\n              \n<p>Il peut cependant arriver que le chantier <strong>ait pris du retard<\/strong>, ce qui nous oblige alors \u00e0&nbsp;reculer la date de montage.<\/p>\n      <\/section>\n\n\n        <section class=\"component component-gutenberg-image typography my-1\">\n              \n<figure class=\"wp-block-image size-large\"><img loading=\"lazy\" decoding=\"async\" width=\"1024\" height=\"512\" src=\"https:\/\/www.neva.eu\/wp-content\/uploads\/NEVA-dodaci-lhuty-venkovnich-zaluzii-1-1024x512.jpg\" alt class=\"wp-image-17827\" srcset=\"https:\/\/www.neva.eu\/wp-content\/uploads\/NEVA-dodaci-lhuty-venkovnich-zaluzii-1-1024x512.jpg 1024w, https:\/\/www.neva.eu\/wp-content\/uploads\/NEVA-dodaci-lhuty-venkovnich-zaluzii-1-300x150.jpg 300w, https:\/\/www.neva.eu\/wp-content\/uploads\/NEVA-dodaci-lhuty-venkovnich-zaluzii-1-768x384.jpg 768w, https:\/\/www.neva.eu\/wp-content\/uploads\/NEVA-dodaci-lhuty-venkovnich-zaluzii-1-1536x768.jpg 1536w, https:\/\/www.neva.eu\/wp-content\/uploads\/NEVA-dodaci-lhuty-venkovnich-zaluzii-1.jpg 1920w\" sizes=\"auto, (max-width: 1024px) 100vw, 1024px\" \/><figcaption>Le d\u00e9lai de livraison de NEVA est de 10 jours ouvr\u00e9s. Les composants doivent en effet \u00eatre fabriqu\u00e9s, mais \u00e9galement peints.<\/figcaption><\/figure>\n      <\/section>\n\n\n        <section class=\"component component-gutenberg-heading typography my-1\">\n              \n<h2 class=\"wp-block-heading\">Pour un montage encastr\u00e9, 3&nbsp;\u00e0 4&nbsp;semaines suppl\u00e9mentaires sont n\u00e9cessaires<\/h2>\n      <\/section>\n\n\n        <section class=\"component component-gutenberg-paragraph typography my-1\">\n              \n<p>Cette phase ne vous attend que <strong>pour les montages encastr\u00e9s sous enduit<\/strong>. Lorsque les \u00e9l\u00e9ments sont fabriqu\u00e9s, l\u2019entreprise arrive sur le chantier pour installer les panneaux ISO et le caisson en pur\u00e9nit. Une telle installation dure quelques heures, une demie journ\u00e9e au plus en fonction du nombre de fen\u00eatres et de leur accessibilit\u00e9.<br>Vous pouvez alors totalement <strong>terminer la fa\u00e7ade<\/strong>, ce qui prend g\u00e9n\u00e9ralement <strong>une autre semaine<\/strong>. L\u2019entreprise de montage peut alors r\u00e9aliser les m\u00e9trages finaux de votre fa\u00e7ade (environ 2&nbsp;\u00e0 3&nbsp;heures de travail) pour ensuite imm\u00e9diatement commander les stores \u00e0&nbsp;lamelles ext\u00e9rieurs aupr\u00e8s de NEVA. Vous attendrez alors <strong>10 jours ouvr\u00e9s suppl\u00e9mentaires<\/strong>.<\/p>\n      <\/section>\n\n\n        <section class=\"component component-gutenberg-heading typography my-1\">\n              \n<h2 class=\"wp-block-heading\">Le montage final ne prend qu\u2019une journ\u00e9e<\/h2>\n      <\/section>\n\n\n        <section class=\"component component-gutenberg-paragraph typography my-1\">\n              \n<p>Lors de la derni\u00e8re \u00e9tape de travail, l\u2019entreprise de montage vient sur le chantier pour installer les syst\u00e8mes d\u2019ombrage. Une fois de plus, vous pouvez estimer que l\u2019installation ne prendra que quelques heures.<br><em>&nbsp;\u00ab&nbsp;Nous recommandons aux clients de ne pas chercher \u00e0&nbsp;faire des \u00e9conomies sur le montage de leurs stores \u00e0&nbsp;lamelles ext\u00e9rieurs en le faisant eux-m\u00eames ou en le confiant \u00e0&nbsp;des entreprises qui ne sont pas sp\u00e9cialis\u00e9es. J\u2019ai malheureusement d\u00e9j\u00e0 vu de nombreuses constructions sur lesquelles les travaux de pr\u00e9paration n\u2019avaient pas \u00e9t\u00e9 correctement effectu\u00e9s, entra\u00eenant ainsi un mauvais fonctionnement des stores. Les stores sont des \u00e9l\u00e9ments assez co\u00fbteux et je pense r\u00e9ellement qu\u2019il est inutile de vouloir \u00e9conomiser quelques centaines d\u2019euros en l\u00e9sinant sur le m\u00e9trage, la pr\u00e9paration du chantier et le montage&nbsp;\u00bb,<\/em> termine Madame Sur\u00e1.<\/p>\n      <\/section>\n\n\n        <section class=\"component component-gutenberg-heading typography my-1\">\n              \n<h2 class=\"wp-block-heading\"><strong>Harmonogramme indicatif de l\u2019installation de vos stores \u00e0&nbsp;lamelles ext\u00e9rieurs<\/strong><\/h2>\n      <\/section>\n\n\n        <section class=\"component component-gutenberg-table typography my-1\">\n              \n<figure class=\"wp-block-table is-style-stripes\"><table><tbody><tr><td><\/td><td><strong>Montage encastr\u00e9<\/strong><\/td><td><strong>Montage sous&nbsp;capot<\/strong><\/td><td><strong>Montage en saillie sur la fa\u00e7ade<\/strong><\/td><\/tr><tr><td>Premi\u00e8re demande de devis + traitement de la demande et acceptation du&nbsp;devis<\/td><td>2 jours<\/td><td>2 jours<\/td><td>2 jours<\/td><\/tr><tr><td>Premier m\u00e9trage<\/td><td>3 \u00e0&nbsp;7 jours<\/td><td>3 jours<\/td><td>3 jours<\/td><\/tr><tr><td>Acceptation finale du devis par le client<\/td><td>2 jours<\/td><td>2 jours<\/td><td>2 jours<\/td><\/tr><tr><td>Fabrication du store\/\u200bdes composants chez&nbsp;NEVA<\/td><td>10 jours<\/td><td>10 jours<\/td><td>10 jours<\/td><\/tr><tr><td>D\u00e9lai entre la fin de la fabrication et la date de montage<\/td><td>2 jours<\/td><td>2 jours<\/td><td>2 jours<\/td><\/tr><tr><td>Travaux de pr\u00e9paration + 2<sup class=\"ordinal\">e<\/sup> m\u00e9trage<\/td><td>5 \u00e0&nbsp;12 jours<\/td><td>&#8211;<\/td><td>&#8211;<\/td><\/tr><tr><td>Fabrication du store chez&nbsp;NEVA<\/td><td>10 jours<\/td><td>&#8211;<\/td><td>&#8211;<\/td><\/tr><tr><td>Montage final<\/td><td>1 jour<\/td><td>1 jour<\/td><td>1 jour<\/td><\/tr><tr><td><strong>Au total<\/strong><\/td><td><strong>35 \u00e0&nbsp;46 jours<\/strong><\/td><td><strong>20 jours<\/strong><\/td><td><strong>20 jours<\/strong><\/td><\/tr><\/tbody><\/table><\/figure>\n      <\/section>\n\n\n        <section class=\"component component-gutenberg-paragraph typography my-1\">\n              \n<p>Cet harmonogramme pr\u00e9sente un caract\u00e8re indicatif, notamment lors d\u2019un montage encastr\u00e9 o\u00f9 les p\u00e9riodes peuvent beaucoup plus varier en fonction de chaque chantier. <em>\u00ab&nbsp;Sur les maisons neuves o\u00f9 tout est parfaitement pr\u00e9par\u00e9, nous sommes capables d\u2019assurer le montage encastr\u00e9 dans un d\u00e9lai d\u2019environ 6&nbsp;semaines&nbsp;\u00bb,<\/em> pr\u00e9cise enfin Madame Sur\u00e1.<\/p>\n      <\/section>\n\n\n        <section class=\"component component-gutenberg-paragraph typography my-1\">\n              \n<p>Si vous \u00eates int\u00e9ress\u00e9s par nos stores \u00e0&nbsp;lamelles ext\u00e9rieurs, prenez contact avec l\u2019un de <a href=\"https:\/\/www.neva.eu\/fr\/trouver-un-revendeur\/\">nos revendeurs<\/a>.<\/p>\n      <\/section>\n","protected":false},"excerpt":{"rendered":"<p>Chez NEVA, nous fabriquons les stores \u00e0 lamelles ext\u00e9rieurs et tous leurs accessoires dans un d\u00e9lai de 10 jours ouvr\u00e9s \u00e0 compter de leur commande par la soci\u00e9t\u00e9 de montage. En tant que client final, vous devez cependant prendre en compte tous les d\u00e9lais li\u00e9s \u00e0 l\u2019acceptation des devis, aux prises de mesure et au montage. Le d\u00e9lai moyen entre le premier devis de votre syst\u00e8me d\u2019ombrage et son installation finale est donc de 4 \u00e0 9 semaines, en fonction du mode de montage ou de l\u2019\u00e9tat de pr\u00e9paration du chantier.<\/p>\n","protected":false},"author":10,"featured_media":17823,"comment_status":"closed","ping_status":"closed","sticky":false,"template":"","format":"standard","meta":{"_acf_changed":false,"advgb_blocks_editor_width":"","advgb_blocks_columns_visual_guide":"","_daim_seo_power":"1000","_daim_enable_ail":"1","footnotes":""},"categories":[199],"tags":[],"class_list":["post-18597","post","type-post","status-publish","format-standard","has-post-thumbnail","hentry","category-conseils-et-manuels"],"acf":[],"aioseo_notices":[],"author_meta":{"display_name":"Luk\u00e1\u0161 Musil","author_link":"https:\/\/www.neva.eu\/fr\/author\/musil\/"},"featured_img":"https:\/\/www.neva.eu\/wp-content\/uploads\/NEVA-dodaci-lhuty-venkovnich-zaluzii-300x150.jpg","coauthors":[],"tax_additional":{"categories":{"linked":["<a href=\"https:\/\/www.neva.eu\/fr\/actualites\/categorie\/conseils-et-manuels\/\" class=\"advgb-post-tax-term\">Conseils et manuels<\/a>"],"unlinked":["<span class=\"advgb-post-tax-term\">Conseils et manuels<\/span>"]}},"comment_count":"0","relative_dates":{"created":"Publi\u00e9 4 years il y a","modified":"Mis \u00e0 jour 3 years il y a"},"absolute_dates":{"created":"Publi\u00e9 le 12. 10. 2022","modified":"Mise \u00e0 jour le 21. 11. 2022"},"absolute_dates_time":{"created":"Publi\u00e9 le 12. 10. 2022 12:00","modified":"Mise \u00e0 jour le 21. 11. 2022 8:30"},"featured_img_caption":"","series_order":"","_links":{"self":[{"href":"https:\/\/www.neva.eu\/fr\/wp-json\/wp\/v2\/posts\/18597","targetHints":{"allow":["GET"]}}],"collection":[{"href":"https:\/\/www.neva.eu\/fr\/wp-json\/wp\/v2\/posts"}],"about":[{"href":"https:\/\/www.neva.eu\/fr\/wp-json\/wp\/v2\/types\/post"}],"author":[{"embeddable":true,"href":"https:\/\/www.neva.eu\/fr\/wp-json\/wp\/v2\/users\/10"}],"replies":[{"embeddable":true,"href":"https:\/\/www.neva.eu\/fr\/wp-json\/wp\/v2\/comments?post=18597"}],"version-history":[{"count":2,"href":"https:\/\/www.neva.eu\/fr\/wp-json\/wp\/v2\/posts\/18597\/revisions"}],"predecessor-version":[{"id":18622,"href":"https:\/\/www.neva.eu\/fr\/wp-json\/wp\/v2\/posts\/18597\/revisions\/18622"}],"wp:featuredmedia":[{"embeddable":true,"href":"https:\/\/www.neva.eu\/fr\/wp-json\/wp\/v2\/media\/17823"}],"wp:attachment":[{"href":"https:\/\/www.neva.eu\/fr\/wp-json\/wp\/v2\/media?parent=18597"}],"wp:term":[{"taxonomy":"category","embeddable":true,"href":"https:\/\/www.neva.eu\/fr\/wp-json\/wp\/v2\/categories?post=18597"},{"taxonomy":"post_tag","embeddable":true,"href":"https:\/\/www.neva.eu\/fr\/wp-json\/wp\/v2\/tags?post=18597"}],"curies":[{"name":"wp","href":"https:\/\/api.w.org\/{rel}","templated":true}]}}