{"id":17506,"date":"2022-06-06T12:30:00","date_gmt":"2022-06-06T10:30:00","guid":{"rendered":"https:\/\/www.neva.eu\/non-classifiee\/rafraichissement-passif-de-votre-maison-en-quoi-cela-consiste-et-pourquoi-vous-devriez-vous-y-interesser\/"},"modified":"2023-01-27T07:50:08","modified_gmt":"2023-01-27T06:50:08","slug":"rafraichissement-passif-de-votre-maison-en-quoi-cela-consiste-et-pourquoi-vous-devriez-vous-y-interesser","status":"publish","type":"post","link":"https:\/\/www.neva.eu\/fr\/conseils-et-manuels\/rafraichissement-passif-de-votre-maison-en-quoi-cela-consiste-et-pourquoi-vous-devriez-vous-y-interesser\/","title":{"rendered":"Le rafra\u00eechissement passif des maisons : en quoi consiste-t-il et pourquoi vous devriez vous y int\u00e9resser"},"content":{"rendered":"        <section class=\"component component-gutenberg-heading typography my-1\">\n              \n<h2 class=\"wp-block-heading\">Les syst\u00e8mes d\u2019ombrage permettent d\u2019\u00e9viter les d\u00e9penses \u00e9nerg\u00e9tiques n\u00e9cessaires au refroidissement de votre int\u00e9rieur<\/h2>\n      <\/section>\n\n\n        <section class=\"component component-gutenberg-paragraph typography my-1\">\n              \n<p><a href=\"https:\/\/www.ipcc.ch\/\" target=\"_blank\" rel=\"noreferrer noopener\">Le Groupe d\u2019experts intergouvernemental sur l\u2019\u00e9volution du climat (IPCC)<\/a> indique que d\u2019ici 2050 <strong>le nombre moyen de jours dans l\u2019ann\u00e9e au cours desquels les Europ\u00e9ens auront besoin de rafra\u00eechir leur int\u00e9rieur va augmenter d\u2019environ 30&nbsp;%.<\/strong> Du fait du r\u00e9chauffement climatique, les unit\u00e9s de climatisation sont d\u00e9sormais le type d\u2019appareil dont la consommation globale augmente le plus rapidement, ce sont \u00e9galement les appareils les plus \u00e9nergivores des foyers pendant les journ\u00e9es d\u2019\u00e9t\u00e9. Pourtant, cela commence \u00e0&nbsp;constituer un probl\u00e8me croissant, notamment du fait de l\u2019augmentation des prix de l\u2019\u00e9nergie.<\/p>\n      <\/section>\n\n\n        <section class=\"component component-gutenberg-paragraph typography my-1\">\n              \n<p>Vos frais de climatisation peuvent cependant \u00eatre r\u00e9duits en utilisant des syst\u00e8mes de rafra\u00eechissement passif. <a href=\"https:\/\/www.es-so.com\/new\/355-guidehouse-study-on-results-on-adaption-of-buildings-to-climate-change-and-overheating\" target=\"_blank\" rel=\"noopener\" title=\"Selonune \u00e9tude\">Selonune \u00e9tude<\/a> de la soci\u00e9t\u00e9 Guidehouse qui exerce comme conseiller dans le domaine du management, il existe un <strong>facteur cl\u00e9 qui \u00e9vite aux int\u00e9rieurs de monter en temp\u00e9rature<\/strong> et qui r\u00e9duit les charges d\u2019\u00e9nergie&nbsp;: <strong>les syst\u00e8mes d\u2019ombrage ext\u00e9rieurs<\/strong>.<a href=\"https:\/\/www.neva.eu\/fr\/\" title=\" L\u2019installationde syst\u00e8mes d\u2019ombrage ext\u00e9rieur\"> L\u2019installationde syst\u00e8mes d\u2019ombrage ext\u00e9rieur<\/a>, c\u2019est-\u00e0-dire de volets roulants ou de stores \u00e0&nbsp;lamelles ext\u00e9rieurs, permettrait de r\u00e9duire la consommation des climatisations de 60&nbsp;% d\u2019ici 2050 \u00e0&nbsp;l\u2019\u00e9chelle europ\u00e9enne.<\/p>\n      <\/section>\n\n\n        <section class=\"component component-gutenberg-heading typography my-1\">\n              \n<h2 class=\"wp-block-heading\">Une maison dont l\u2019int\u00e9rieur ne se r\u00e9chauffe pas n\u2019a pas besoin d\u2019\u00eatre rafra\u00eechie<\/h2>\n      <\/section>\n\n\n        <section class=\"component component-gutenberg-paragraph typography my-1\">\n              \n<p>Une climatisation a&nbsp;pour r\u00f4le de refroidir et de faire circuler l\u2019air dans les maisons. Pourtant, si votre construction est r\u00e9fl\u00e9chie pour que l\u2019air chaud n\u2019y p\u00e9n\u00e8tre pas du tout, la temp\u00e9rature \u00e0&nbsp;l\u2019int\u00e9rieur pourra y&nbsp;\u00eatre maintenue dans une limite agr\u00e9able sans m\u00eame utiliser d\u2019unit\u00e9 de climatisation.<\/p>\n      <\/section>\n\n\n        <section class=\"component component-gutenberg-paragraph typography my-1\">\n              \n<p>Hormis l\u2019installation de syst\u00e8mes d\u2019ombrage ext\u00e9rieurs, vous pouvez \u00e9galement vous laisser inspirer par <strong>d\u2019autres m\u00e9thodes utilis\u00e9es sur les maisons passives ou basse \u00e9nergie<\/strong>. Leur objectif principal est de minimiser les retomb\u00e9es thermiques des \u00e9changes d\u2019air entre l\u2019espace int\u00e9rieur et l\u2019environnement ext\u00e9rieur.<\/p>\n      <\/section>\n\n\n        <section class=\"component component-gutenberg-list typography my-1\">\n              \n<ol class=\"wp-block-list\">\n<li><strong>Disposition et orientation de la maison<\/strong><\/li>\n<\/ol>\n      <\/section>\n\n\n        <section class=\"component component-gutenberg-paragraph typography my-1\">\n              \n<p>Lorsqu\u2019il con\u00e7oit une maison, l\u2019architecte devrait garder en m\u00e9moire que plus sa forme sera simple et moins les possibilit\u00e9s de p\u00e9n\u00e9tration de la chaleur seront grandes. La forme id\u00e9ale d\u2019une maison est donc le carr\u00e9. Les maisons int\u00e9gr\u00e9es dans une pente sont aussi tr\u00e8s int\u00e9ressantes de ce point de&nbsp;vue.<\/p>\n      <\/section>\n\n\n        <section class=\"component component-gutenberg-paragraph typography my-1\">\n              \n<p>Nous recommandons \u00e9galement de<strong> placer les chambres au nord<\/strong>. Au contraire, les grandes fen\u00eatres de votre salle de s\u00e9jour sont souvent expos\u00e9es au sud pour favoriser la p\u00e9n\u00e9tration de lumi\u00e8re et de chaleur, notamment en hiver. Il est donc ensuite important de les \u00e9quiper de syst\u00e8mes d\u2019ombrage ext\u00e9rieurs. Il vous suffit alors de descendre vos stores \u00e0&nbsp;lamelles ext\u00e9rieurs ou vos volets roulants pour profiter de quelques degr\u00e9s de moins dans votre&nbsp;pi\u00e8ce.<\/p>\n      <\/section>\n\n\n        <section class=\"component component-gutenberg-list typography my-1\">\n              \n<ol class=\"wp-block-list\" start=\"2\">\n<li><strong>L\u2019\u00e9tanch\u00e9it\u00e9 de l\u2019enveloppe de votre maison<\/strong><\/li>\n<\/ol>\n      <\/section>\n\n\n        <section class=\"component component-gutenberg-paragraph typography my-1\">\n              \n<p>Un <strong> test d\u2019infiltrom\u00e9trie<\/strong> permet d\u2019\u00e9valuer le niveau de performance \u00e9nerg\u00e9tique des b\u00e2timents (vous devez par exemple r\u00e9aliser un tel test lorsque vous souhaitez faire homologuer votre maison neuve). L\u2019\u00e9tanch\u00e9it\u00e9 \u00e0&nbsp;l\u2019air peut \u00eatre assur\u00e9e par des murs de qualit\u00e9 et bien isol\u00e9s, par un toit \u00e9galement bien isol\u00e9, par un vitrage isolant de qualit\u00e9 (id\u00e9alement un triple-vitrage) et par des portes de qualit\u00e9.<\/p>\n      <\/section>\n\n\n        <section class=\"component component-gutenberg-list typography my-1\">\n              \n<ol class=\"wp-block-list\" start=\"3\">\n<li><strong>Autres mesures peut-\u00eatre moins signifiantes au premier abord mais qui r\u00e9duisent aussi la mont\u00e9e en temp\u00e9rature de vos pi\u00e8ces<\/strong><\/li>\n<\/ol>\n      <\/section>\n\n\n        <section class=\"component component-gutenberg-list typography my-1\">\n              \n<ul class=\"wp-block-list\">\n<li>La pr\u00e9sence de pelouse et d\u2019arbres autour de votre maison<\/li>\n\n\n\n<li>Des toits verts, \u00e9ventuellement un toit de couleur claire<\/li>\n\n\n\n<li>Une fa\u00e7ade claire<\/li>\n\n\n\n<li>Des zones d\u2019eau \u00e0&nbsp;proximit\u00e9 de la maison qui permettront d\u2019humidifier l\u2019air autour de chez&nbsp;vous<\/li>\n<\/ul>\n      <\/section>\n\n\n        <section class=\"component component-gutenberg-heading typography my-1\">\n              \n<h2 class=\"wp-block-heading\">Une a\u00e9ration de votre maison uniquement pendant la&nbsp;nuit<\/h2>\n      <\/section>\n\n\n        <section class=\"component component-gutenberg-paragraph typography my-1\">\n              \n<p>Pour maintenir des temp\u00e9ratures agr\u00e9ables pendant les chaudes journ\u00e9es d\u2019\u00e9t\u00e9, essayez de mettre en place une technique de ventilation pendant la nuit. Si la temp\u00e9rature est inf\u00e9rieure \u00e0&nbsp;18\u00b0, ouvrez enti\u00e8rement les fen\u00eatres et refroidissez votre maison.<strong> Refermez les fen\u00eatres d\u00e8s le matin<\/strong> en refermant \u00e9galement vos volets ou vos stores \u00e0&nbsp;lamelles. Si vous \u00e9quipez votre maison de capteurs solaires et que vous reliez vos syst\u00e8mes d\u2019ombrage \u00e0&nbsp;votre domotique, vous constaterez rapidement que l\u2019a\u00e9ration de votre maison est beaucoup plus efficace.<\/p>\n      <\/section>\n\n\n        <section class=\"component component-gutenberg-paragraph typography my-1\">\n              \n<p>Si vous souhaitez \u00e9conomiser encore plus, faites le choix d\u2019un syst\u00e8me d\u2019ombrage ext\u00e9rieur avec moteur \u00e0&nbsp;entra\u00eenement solaire.<\/p>\n      <\/section>\n\n\n        <section class=\"component component-gutenberg-paragraph typography my-1\">\n              \n<p><a href=\"https:\/\/www.neva.eu\/fr\/conseils-et-manuels\/comment-choisir-un-dispositif-doccultation-pour-une-maison-passive-ou-basse-energie\/\">Lisez cet article pour savoir comment choisir vos syst\u00e8mes d\u2019ombrage pour une maison passive ou \u00e0&nbsp;basse \u00e9nergie&nbsp;\u00bb<\/a><\/p>\n      <\/section>\n\n\n        <section class=\"component component-gutenberg-heading typography my-1\">\n              \n<h2 class=\"wp-block-heading\">Que disent les lois&nbsp;? \u00c0&nbsp;partir de 2022, les exigences impos\u00e9es aux performances \u00e9nerg\u00e9tiques des maisons sont beaucoup plus strictes<\/h2>\n      <\/section>\n\n\n        <section class=\"component component-gutenberg-paragraph typography my-1\">\n              \n<p><a href=\"https:\/\/www.zakonyprolidi.cz\/cs\/2020-264\" target=\"_blank\" rel=\"noreferrer noopener\">Un amendement de la directive n\u00b0 264\/2020 Coll.<\/a> relative aux maisons neuves exige depuis le 1<sup class=\"ordinal\">er<\/sup> janvier 2022 que des mesures soient prises pour utiliser des <strong> sources d\u2019\u00e9nergie renouvelable, mais aussi des moyens techniques plus performants<\/strong>. L\u2019id\u00e9al est d\u2019avoir des constructions \u00e0&nbsp;consommation \u00e9nerg\u00e9tique presque nulle, appel\u00e9e nZEB (Nearly Zero Energy Buildings). La consommation en \u00e9nergie devrait y&nbsp;\u00eatre d\u2019environ 75 kWh\/\u200bm<sup>2<\/sup> par an, sans pertes thermiques.&nbsp;<\/p>\n      <\/section>\n\n\n        <section class=\"component component-gutenberg-paragraph typography my-1\">\n              \n<p>Cette directive s\u2019appuie sur une approche beaucoup plus complexe de la consommation en \u00e9nergie&nbsp;: des maisons qui ne sont pas intelligemment orient\u00e9es sur le terrain et des dispositions ne r\u00e9pondant pas aux exigences demand\u00e9es devront \u00eatre compens\u00e9es par des <strong>mesures techniques sp\u00e9cifiques<\/strong> afin de remplir la directive. En plus de l\u2019utilisation de syst\u00e8mes d\u2019ombrage ext\u00e9rieurs, il s\u2019agit de la r\u00e9cup\u00e9ration de chaleur, de l\u2019installation de pompes \u00e0&nbsp;chaleur ou de panneaux photovolta\u00efques pour lesquels vous pouvez d\u2019ailleurs b\u00e9n\u00e9ficier de subventions dans le cadre du programme <a href=\"https:\/\/www.neva.eu\/rady-a-navody\/nova-zelena-usporam-navod-jak-ziskate-dotaci-na-venkovni-zaluzie\/\">New Green Savings<\/a>.<\/p>\n      <\/section>\n","protected":false},"excerpt":{"rendered":"<p>Les temp\u00e9ratures moyennes de l\u2019air en Europe ne cessent d\u2019augmenter et les propri\u00e9taires des maisons sont donc de plus en plus souvent confront\u00e9s \u00e0 la n\u00e9cessit\u00e9 de rafra\u00eechir leur int\u00e9rieur. Beaucoup ont recours \u00e0 la climatisation, mais celle-ci consomme beaucoup d\u2019\u00e9nergie \u00e9lectrique dont le prix ne cesse \u00e9galement de cro\u00eetre. Rafra\u00eechir une maison n\u2019est pourtant pas n\u00e9cessairement tr\u00e8s co\u00fbteux si vous faites tout pour \u00e9viter que la chaleur n\u2019y p\u00e9n\u00e8tre.<\/p>\n","protected":false},"author":20,"featured_media":17244,"comment_status":"closed","ping_status":"closed","sticky":false,"template":"","format":"standard","meta":{"_acf_changed":false,"advgb_blocks_editor_width":"","advgb_blocks_columns_visual_guide":"","_daim_seo_power":"1000","_daim_enable_ail":"1","footnotes":""},"categories":[199],"tags":[],"class_list":["post-17506","post","type-post","status-publish","format-standard","has-post-thumbnail","hentry","category-conseils-et-manuels"],"acf":[],"aioseo_notices":[],"author_meta":{"display_name":"Jan Gajdo\u0161","author_link":"https:\/\/www.neva.eu\/fr\/author\/gajdos\/"},"featured_img":"https:\/\/www.neva.eu\/wp-content\/uploads\/NEVA-pasivni-chlazeni-domu-300x150.jpg","coauthors":[],"tax_additional":{"categories":{"linked":["<a href=\"https:\/\/www.neva.eu\/fr\/actualites\/categorie\/conseils-et-manuels\/\" class=\"advgb-post-tax-term\">Conseils et manuels<\/a>"],"unlinked":["<span class=\"advgb-post-tax-term\">Conseils et manuels<\/span>"]}},"comment_count":"0","relative_dates":{"created":"Publi\u00e9 4 years il y a","modified":"Mis \u00e0 jour 3 years il y a"},"absolute_dates":{"created":"Publi\u00e9 le 6. 6. 2022","modified":"Mise \u00e0 jour le 27. 1. 2023"},"absolute_dates_time":{"created":"Publi\u00e9 le 6. 6. 2022 12:30","modified":"Mise \u00e0 jour le 27. 1. 2023 7:50"},"featured_img_caption":"","series_order":"","_links":{"self":[{"href":"https:\/\/www.neva.eu\/fr\/wp-json\/wp\/v2\/posts\/17506","targetHints":{"allow":["GET"]}}],"collection":[{"href":"https:\/\/www.neva.eu\/fr\/wp-json\/wp\/v2\/posts"}],"about":[{"href":"https:\/\/www.neva.eu\/fr\/wp-json\/wp\/v2\/types\/post"}],"author":[{"embeddable":true,"href":"https:\/\/www.neva.eu\/fr\/wp-json\/wp\/v2\/users\/20"}],"replies":[{"embeddable":true,"href":"https:\/\/www.neva.eu\/fr\/wp-json\/wp\/v2\/comments?post=17506"}],"version-history":[{"count":5,"href":"https:\/\/www.neva.eu\/fr\/wp-json\/wp\/v2\/posts\/17506\/revisions"}],"predecessor-version":[{"id":20957,"href":"https:\/\/www.neva.eu\/fr\/wp-json\/wp\/v2\/posts\/17506\/revisions\/20957"}],"wp:featuredmedia":[{"embeddable":true,"href":"https:\/\/www.neva.eu\/fr\/wp-json\/wp\/v2\/media\/17244"}],"wp:attachment":[{"href":"https:\/\/www.neva.eu\/fr\/wp-json\/wp\/v2\/media?parent=17506"}],"wp:term":[{"taxonomy":"category","embeddable":true,"href":"https:\/\/www.neva.eu\/fr\/wp-json\/wp\/v2\/categories?post=17506"},{"taxonomy":"post_tag","embeddable":true,"href":"https:\/\/www.neva.eu\/fr\/wp-json\/wp\/v2\/tags?post=17506"}],"curies":[{"name":"wp","href":"https:\/\/api.w.org\/{rel}","templated":true}]}}