{"id":17201,"date":"2022-02-23T13:00:00","date_gmt":"2022-02-23T12:00:00","guid":{"rendered":"https:\/\/www.neva.eu\/non-classifiee\/garantie-sur-stores-exterieurs-quand-elle-commence-et-qu-est-ce-qu-elle-couvre\/"},"modified":"2025-07-02T09:01:06","modified_gmt":"2025-07-02T07:01:06","slug":"garantie-sur-stores-exterieurs-quand-elle-commence-et-qu-est-ce-qu-elle-couvre","status":"publish","type":"post","link":"https:\/\/www.neva.eu\/fr\/conseils-et-manuels\/garantie-sur-stores-exterieurs-quand-elle-commence-et-qu-est-ce-qu-elle-couvre\/","title":{"rendered":"Garantie sur les syst\u00e8mes d\u2019ombrage ext\u00e9rieurs\u00a0: \u00e0 quel moment commence-t-elle et que prend-elle en charge\u00a0?"},"content":{"rendered":"        <section class=\"component component-gutenberg-heading typography my-1\">\n              \n<h2 class=\"wp-block-heading\">Stores \u00e0&nbsp;lamelles ext\u00e9rieurs et stores toiles&nbsp;: garantie 2&nbsp;+&nbsp;3&nbsp;ans<\/h2>\n      <\/section>\n\n\n        <section class=\"component component-gutenberg-paragraph typography my-1\">\n              \n<p>Nous pr\u00eatons une telle importance \u00e0&nbsp;la qualit\u00e9 de nos stores \u00e0&nbsp;lamelles ext\u00e9rieurs et de nos stores toiles que nous n\u2019h\u00e9sitons pas \u00e0&nbsp;<strong>ajouter 3&nbsp;ann\u00e9es de garantie suppl\u00e9mentaire<\/strong> aux 2&nbsp;ann\u00e9es l\u00e9gales. Au cours <strong>des 2&nbsp;premi\u00e8res ann\u00e9es l\u00e9gales de garantie<\/strong>, vous avez le droit <strong>au remboursement de tous les frais <\/strong>li\u00e9s \u00e0&nbsp;la r\u00e9clamation. <strong>Au cours<\/strong> <strong>des 3&nbsp;ann\u00e9es suivantes<\/strong>, nous vous r\u00e9parons vos stores \u00e0&nbsp;lamelles ext\u00e9rieurs et vos stores toiles sur notre site de Kralice na Han\u00e9 en R\u00e9publique tch\u00e8que et vous n\u2019avez que les frais de transport \u00e0&nbsp;prendre en charge, \u00e9ventuellement nous vous envoyons les pi\u00e8ces de rechange gratuitement. Toutes ces r\u00e8gles sont <strong>valides pour tous nos partenaires poseurs<\/strong>. En tant que client final, vous devez traiter les conditions de r\u00e9clamation avec votre entreprise de&nbsp;pose.<\/p>\n      <\/section>\n\n\n        <section class=\"component component-gutenberg-paragraph typography my-1\">\n              \n<p>La dur\u00e9e de vie r\u00e9elle des stores \u00e0&nbsp;lamelles ext\u00e9rieurs et des stores toiles est bien \u00e9videmment tr\u00e8s sup\u00e9rieure \u00e0&nbsp;5 ans&nbsp;: si vous veillez \u00e0&nbsp;bien manipuler et entretenir vos syst\u00e8mes d\u2019ombrage, ils r\u00e9sisteront pendant des dizaines d\u2019ann\u00e9es.<\/p>\n      <\/section>\n\n\n        <section class=\"component component-gutenberg-paragraph typography my-1\">\n              \n<p>La dur\u00e9e de garantie <strong>commence au moment o\u00f9 la marchandise est remise \u00e0&nbsp;l\u2019acheteur<\/strong>, ce qui dans notre cas est notre partenaire poseur. Si un composant est remplac\u00e9 ou r\u00e9par\u00e9, la dur\u00e9e de garantie continuera \u00e0&nbsp;s\u2019\u00e9couler, elle ne recommencera pas \u00e0&nbsp;z\u00e9ro.<\/p>\n      <\/section>\n\n\n        <section class=\"component component-gutenberg-paragraph typography my-1\">\n              \n<p>En tant que client final, les conditions de garantie doivent faire l\u2019objet d\u2019un contrat avec l\u2019entreprise de&nbsp;pose.<\/p>\n      <\/section>\n\n\n        <section class=\"component component-gutenberg-heading typography my-1\">\n              \n<h2 class=\"wp-block-heading\">La garantie est de 5&nbsp;ans sur les moteurs<\/h2>\n      <\/section>\n\n\n        <section class=\"component component-gutenberg-paragraph typography my-1\">\n              \n<p>Le march\u00e9 propose de nombreuses gammes de moteurs dont les dur\u00e9es de garantie sont tr\u00e8s vari\u00e9es. NEVA collabore depuis longtemps avec la soci\u00e9t\u00e9 fran\u00e7aise <strong>Somfy<\/strong> et les soci\u00e9t\u00e9s allemandes <strong>Geiger et Elero<\/strong>. Nous sommes particuli\u00e8rement satisfaits de leurs produits et nous offrons donc \u00e0&nbsp;nos partenaires poseurs une garantie de 5&nbsp;ans sur tous ces moteurs. En tant que client final, la dur\u00e9e de garantie dont vous b\u00e9n\u00e9ficiez d\u00e9pend de l\u2019accord contractuel que vous avez pass\u00e9 avec l\u2019entreprise de&nbsp;pose.<\/p>\n      <\/section>\n\n\n        <section class=\"component component-gutenberg-paragraph typography my-1\">\n              \n<p>Tous les autres \u00e9quipements <strong>\u00e9lectroniques<\/strong> (commandes, capteurs, interrupteurs) font l\u2019objet d\u2019une garantie standard de 2&nbsp;ans.<\/p>\n      <\/section>\n\n\n        <section class=\"component component-gutenberg-heading typography my-1\">\n              \n<h2 class=\"wp-block-heading\">La plupart des r\u00e9clamations sont caus\u00e9es par une pose non professionnelle<\/h2>\n      <\/section>\n\n\n        <section class=\"component component-gutenberg-paragraph typography my-1\">\n              \n<p>Notre exp\u00e9rience sur le march\u00e9 des syst\u00e8mes d\u2019ombrage ext\u00e9rieurs montre clairement que <strong>la plupart des r\u00e9clamations sont caus\u00e9es par une pose non professionnelle<\/strong>. La prise de mesure et l\u2019installation des stores, quels qu\u2019ils soient, exigent une pr\u00e9cision au millim\u00e8tre. Les poseurs ont souvent \u00e0&nbsp;faire face \u00e0&nbsp;des murs qui ne sont pas droits, parfois m\u00eame \u00e0&nbsp;des fen\u00eatres qui ne sont pas dans l\u2019axe de l\u2019embrasure. C\u2019est pourquoi nos \u00e9quipements d\u2019ombrage sont exclusivement install\u00e9s par des <a href=\"https:\/\/www.neva.eu\/fr\/trouver-un-revendeur\/\">entreprises de pose<\/a>. En tant que client final, vous ne pouvez donc pas acheter nos produits directement et vous devrez n\u00e9cessairement passer par l\u2019un de nos partenaires de&nbsp;pose.<\/p>\n      <\/section>\n\n\n        <section class=\"component component-gutenberg-paragraph typography my-1\">\n              \n<p>L\u2019avantage est que <strong>l\u2019entreprise de pose est ensuite pleinement responsable de son travail<\/strong> et qu\u2019elle garantit toutes les r\u00e9parations n\u00e9cessaires pendant la p\u00e9riode de garantie. Certaines entreprises proposent m\u00eame un service d\u2019entretien des \u00e9quipements d\u2019ombrage et prennent en charge les composants d\u00e9faillants ou en fin de vie pour que vous, client final, n\u2019ayez pas \u00e0&nbsp;le faire.<\/p>\n      <\/section>\n\n\n        <section class=\"component component-gutenberg-image typography my-1\">\n              \n<figure class=\"wp-block-image size-full\"><img loading=\"lazy\" decoding=\"async\" width=\"1920\" height=\"960\" src=\"https:\/\/www.neva.eu\/wp-content\/uploads\/neva-zaruka-na-venkovni-stineni-1.jpg\" alt class=\"wp-image-16131\" srcset=\"https:\/\/www.neva.eu\/wp-content\/uploads\/neva-zaruka-na-venkovni-stineni-1.jpg 1920w, https:\/\/www.neva.eu\/wp-content\/uploads\/neva-zaruka-na-venkovni-stineni-1-1536x768.jpg 1536w, https:\/\/www.neva.eu\/wp-content\/uploads\/neva-zaruka-na-venkovni-stineni-1-1280x640.jpg 1280w, https:\/\/www.neva.eu\/wp-content\/uploads\/neva-zaruka-na-venkovni-stineni-1-940x470.jpg 940w, https:\/\/www.neva.eu\/wp-content\/uploads\/neva-zaruka-na-venkovni-stineni-1-758x379.jpg 758w, https:\/\/www.neva.eu\/wp-content\/uploads\/neva-zaruka-na-venkovni-stineni-1-425x213.jpg 425w\" sizes=\"auto, (max-width: 1920px) 100vw, 1920px\" \/><figcaption class=\"wp-element-caption\">Confiez toujours la pose de votre \u00e9quipement d\u2019ombrage ext\u00e9rieur \u00e0&nbsp;un professionnel pour b\u00e9n\u00e9ficier de la garantie.<\/figcaption><\/figure>\n      <\/section>\n\n\n        <section class=\"component component-gutenberg-heading typography my-1\">\n              \n<h2 class=\"wp-block-heading\">Comment se d\u00e9roule une r\u00e9clamation<\/h2>\n      <\/section>\n\n\n        <section class=\"component component-gutenberg-paragraph typography my-1\">\n              \n<p>Si en tant que client final, vos stores \u00e0&nbsp;lamelles ext\u00e9rieurs ou vos stores toiles sont endommag\u00e9s, appelez imm\u00e9diatement l\u2019entreprise de pose et <strong>n\u2019essayez surtout pas de r\u00e9parer votre \u00e9quipement d\u2019ombrage par vous-m\u00eame<\/strong>. Vous risqueriez de perdre votre droit \u00e0&nbsp;la garantie.<\/p>\n      <\/section>\n\n\n        <section class=\"component component-gutenberg-paragraph typography my-1\">\n              \n<p>En tant que partenaire poseur, prenez contact avec votre repr\u00e9sentant commercial NEVA et d\u00e9cidez ensemble de la marche \u00e0&nbsp;suivre. Nous pouvons vous proposer une consultation, une r\u00e9paration dans nos locaux de Kralice na Han\u00e9 en R\u00e9publique tch\u00e8que, \u00e9ventuellement vous envoyer des pi\u00e8ces de rechange.<\/p>\n      <\/section>\n\n\n        <section class=\"component component-gutenberg-paragraph typography my-1\">\n              \n<p>Si <strong>vous r\u00e9clamez un moteur<\/strong>, apportez ou envoyez-le-nous \u00e0&nbsp;Kralice na Han\u00e9. Nous le testerons avec nos techniciens et nous le renverrons au fabricant qui traitera la r\u00e9clamation, ou bien nous l\u2019\u00e9liminerons s\u2019il est irr\u00e9parable. Pendant ce temps, <strong>le client final b\u00e9n\u00e9ficiera d\u2019un moteur de rechange<\/strong>pour pouvoir continuer \u00e0&nbsp;utiliser son store \u00e0&nbsp;lamelles ext\u00e9rieur ou son store&nbsp;toile.<\/p>\n      <\/section>\n\n\n        <section class=\"component component-gutenberg-paragraph typography my-1\">\n              \n<p><em>\u00ab&nbsp;Les r\u00e9clamations les plus fr\u00e9quentes concernent la pr\u00e9sence d\u2019\u00e9gratignures sur les lamelles ou d\u2019autres dommages caus\u00e9s pendant le transport,&nbsp;\u00bb<\/em> nous explique Luk\u00e1\u0161 Musil, notre manager commercial. <em>\u00ab&nbsp;Parfois, les composants sont ab\u00eem\u00e9s suite \u00e0&nbsp;une pose incorrecte, il s\u2019agit alors le plus souvent des roulements et des coulisses. Ces cas sont cependant tr\u00e8s&nbsp;rares.&nbsp;\u00bb<\/em><\/p>\n      <\/section>\n\n\n        <section class=\"component component-gutenberg-paragraph typography my-1\">\n              \n<p>Nous traitons les r\u00e9parations au plus vite. Dans le cas de <strong>r\u00e9clamations de plus grande ampleur<\/strong> (par exemple pour plusieurs stores \u00e0&nbsp;la fois), nous viendrons personnellement sur place ou bien nous demanderons \u00e0&nbsp;notre partenaire de faire des photos pour que nous puissions voir s\u2019il est n\u00e9cessaire de d\u00e9monter les \u00e9quipements et de nous les renvoyer.<\/p>\n      <\/section>\n\n\n        <section class=\"component component-gutenberg-heading typography my-1\">\n              \n<h2 class=\"wp-block-heading\">Conditions pour qu\u2019une r\u00e9clamation soit reconnue<\/h2>\n      <\/section>\n\n\n        <section class=\"component component-gutenberg-paragraph typography my-1\">\n              \n<p>Pour qu\u2019une r\u00e9clamation puisse \u00eatre reconnue, il&nbsp;faut&nbsp;:<\/p>\n      <\/section>\n\n\n        <section class=\"component component-gutenberg-list typography my-1\">\n              \n<ul class=\"wp-block-list\">\n<li>avoir r\u00e9clam\u00e9 la marchandise pendant la p\u00e9riode de garantie,<\/li>\n\n\n\n<li>avoir respect\u00e9 les conditions \u00e9tablies dans la Fiche technique du produit,<\/li>\n\n\n\n<li>que la d\u00e9faillance constat\u00e9e ne soit pas le r\u00e9sultat d\u2019une manipulation non professionnelle de l\u2019acheteur (donneur d\u2019ordre) ou de l\u2019utilisateur<\/li>\n\n\n\n<li>que la d\u00e9faillance ne soit pas le r\u00e9sultat d\u2019une usure normale,<\/li>\n\n\n\n<li>que le prix d\u2019achat des produits ait \u00e9t\u00e9 d\u00fbment pay\u00e9.<\/li>\n<\/ul>\n      <\/section>\n\n\n        <section class=\"component component-gutenberg-paragraph typography my-1\">\n              \n<p>Malheureusement, les dommages caus\u00e9s ne pourront pas \u00eatre reconnus dans le cadre d\u2019une r\u00e9clamation si par exemple ils sont dus \u00e0&nbsp;la pr\u00e9sence d\u2019un escabeau ou d\u2019une chaise sous le&nbsp;store.<\/p>\n      <\/section>\n\n\n        <section class=\"component component-gutenberg-paragraph typography my-1\">\n              \n<p>Toutes les conditions \u00e0&nbsp;respecter pour qu\u2019une r\u00e9clamation soit reconnue sont indiqu\u00e9es dans le <a href=\"https:\/\/www.neva.eu\/fr\/politique-de-retour\/\">R\u00e8glement de r\u00e9clamation<\/a>. Nous apportons cependant une grande importance au c\u00f4t\u00e9 humain de la communication et nous veillons donc \u00e0&nbsp;ce que <strong>toutes les r\u00e9clamations soient correctement trait\u00e9es \u00e0&nbsp;la satisfaction de tous<\/strong>.<\/p>\n      <\/section>\n\n\n        <section class=\"component component-gutenberg-paragraph typography my-1\">\n              \n<p><em>\u00ab&nbsp;Certaines situations sont extr\u00eames et il peut ainsi arriver qu\u2019un seul store soit d\u00e9faillant au 6<sup class=\"ordinal\">e<\/sup> \u00e9tage d\u2019un immeuble. Dans un tel cas, nous devons nous mettre d\u2019accord sur la prise en charge des frais de plateforme \u00e9l\u00e9vatrice. Notre approche est toujours humaine et nous faisons donc le maximum pour que ces frais soient r\u00e9partis entre nous et notre partenaire,&nbsp;\u00bb<\/em> explique Luk\u00e1\u0161&nbsp;Musil.<\/p>\n      <\/section>\n\n\n        <section class=\"component component-gutenberg-heading typography my-1\">\n              \n<h2 class=\"wp-block-heading\">Le nombre de r\u00e9clamations est minimum<\/h2>\n      <\/section>\n\n\n        <section class=\"component component-gutenberg-paragraph typography my-1\">\n              \n<p>Que vous soyez un partenaire poseur ou un client final, il est fort probable que vous n\u2019aurez jamais \u00e0&nbsp;traiter de r\u00e9clamation de stores \u00e0&nbsp;lamelles ext\u00e9rieur ou de stores toiles avec la soci\u00e9t\u00e9 NEVA. Nos syst\u00e8mes d\u2019ombrage sont fiables \u00e0&nbsp;<strong>98,2&nbsp;%<\/strong> dans la dur\u00e9e, et nous traitons donc un minimum de r\u00e9clamations. D\u00e9couvrez-en plus sur les <a href=\"https:\/\/www.neva.eu\/fr\/nouveautes\/les-defaillances-parfois-constatees-sur-les-stores-a-lamelles-exterieurs-et-ce-que-neva-met-en-place-pour-les-eviter\/\">pannes que nous traitons le plus souvent et sur ce que nous mettons en place pour les \u00e9viter<\/a>.<\/p>\n      <\/section>\n\n\n        <section class=\"component component-gutenberg-paragraph typography my-1\">\n              \n<p>Le type de r\u00e9clamation le plus fr\u00e9quent concerne les pannes de moteur ou de composant \u00e9lectronique, ce que nous sommes g\u00e9n\u00e9ralement capables de traiter tr\u00e8s rapidement. Les constructions de nos stores \u00e0&nbsp;lamelles ext\u00e9rieurs et de nos stores toiles ne font r\u00e9ellement l\u2019objet de r\u00e9clamations que sur une infime partie de nos commandes.<\/p>\n      <\/section>\n","protected":false},"excerpt":{"rendered":"<p>Tous nos partenaires poseurs b\u00e9n\u00e9ficient d\u2019une garantie de cinq ans sur tous nos stores \u00e0 lamelles ext\u00e9rieurs et nos stores toiles. Les moteurs sont garantis 5 ans et tous les autres \u00e9quipements \u00e9lectroniques 2 ans. Lisez cet article pour savoir comment fonctionne la garantie et comment vous pouvez la faire valoir, en tant que poseur et en tant que client final.<\/p>\n","protected":false},"author":20,"featured_media":16127,"comment_status":"closed","ping_status":"closed","sticky":false,"template":"","format":"standard","meta":{"_acf_changed":false,"advgb_blocks_editor_width":"","advgb_blocks_columns_visual_guide":"","_daim_seo_power":"1000","_daim_enable_ail":"1","footnotes":""},"categories":[199],"tags":[],"class_list":["post-17201","post","type-post","status-publish","format-standard","has-post-thumbnail","hentry","category-conseils-et-manuels"],"acf":[],"aioseo_notices":[],"author_meta":{"display_name":"Jan Gajdo\u0161","author_link":"https:\/\/www.neva.eu\/fr\/author\/gajdos\/"},"featured_img":"https:\/\/www.neva.eu\/wp-content\/uploads\/neva-zaruka-na-venkovni-stineni.jpg","coauthors":[],"tax_additional":{"categories":{"linked":["<a href=\"https:\/\/www.neva.eu\/fr\/actualites\/categorie\/conseils-et-manuels\/\" class=\"advgb-post-tax-term\">Conseils et manuels<\/a>"],"unlinked":["<span class=\"advgb-post-tax-term\">Conseils et manuels<\/span>"]}},"comment_count":"0","relative_dates":{"created":"Publi\u00e9 4 years il y a","modified":"Mis \u00e0 jour 10 months il y a"},"absolute_dates":{"created":"Publi\u00e9 le 23. 2. 2022","modified":"Mise \u00e0 jour le 2. 7. 2025"},"absolute_dates_time":{"created":"Publi\u00e9 le 23. 2. 2022 13:00","modified":"Mise \u00e0 jour le 2. 7. 2025 9:01"},"featured_img_caption":"","series_order":"","_links":{"self":[{"href":"https:\/\/www.neva.eu\/fr\/wp-json\/wp\/v2\/posts\/17201","targetHints":{"allow":["GET"]}}],"collection":[{"href":"https:\/\/www.neva.eu\/fr\/wp-json\/wp\/v2\/posts"}],"about":[{"href":"https:\/\/www.neva.eu\/fr\/wp-json\/wp\/v2\/types\/post"}],"author":[{"embeddable":true,"href":"https:\/\/www.neva.eu\/fr\/wp-json\/wp\/v2\/users\/20"}],"replies":[{"embeddable":true,"href":"https:\/\/www.neva.eu\/fr\/wp-json\/wp\/v2\/comments?post=17201"}],"version-history":[{"count":4,"href":"https:\/\/www.neva.eu\/fr\/wp-json\/wp\/v2\/posts\/17201\/revisions"}],"predecessor-version":[{"id":28981,"href":"https:\/\/www.neva.eu\/fr\/wp-json\/wp\/v2\/posts\/17201\/revisions\/28981"}],"wp:featuredmedia":[{"embeddable":true,"href":"https:\/\/www.neva.eu\/fr\/wp-json\/wp\/v2\/media\/16127"}],"wp:attachment":[{"href":"https:\/\/www.neva.eu\/fr\/wp-json\/wp\/v2\/media?parent=17201"}],"wp:term":[{"taxonomy":"category","embeddable":true,"href":"https:\/\/www.neva.eu\/fr\/wp-json\/wp\/v2\/categories?post=17201"},{"taxonomy":"post_tag","embeddable":true,"href":"https:\/\/www.neva.eu\/fr\/wp-json\/wp\/v2\/tags?post=17201"}],"curies":[{"name":"wp","href":"https:\/\/api.w.org\/{rel}","templated":true}]}}