{"id":16305,"date":"2022-03-02T12:00:00","date_gmt":"2022-03-02T11:00:00","guid":{"rendered":"https:\/\/www.neva.eu\/?p=16305"},"modified":"2022-03-01T16:49:50","modified_gmt":"2022-03-01T15:49:50","slug":"nous-vous-presentons-iso-panel-un-nouveau-produit-pour-les-coulisses-des-stores","status":"publish","type":"post","link":"https:\/\/www.neva.eu\/fr\/nouveautes\/nous-vous-presentons-iso-panel-un-nouveau-produit-pour-les-coulisses-des-stores\/","title":{"rendered":"Nous vous pr\u00e9sentons ISO-PANEL\u00a0: un nouveau produit pour les coulisses des stores"},"content":{"rendered":"        <section class=\"component component-gutenberg-heading typography my-1\">\n              \n<h2 class=\"wp-block-heading\"><strong>Pourquoi remplacer les panneaux sandwich&nbsp;?<\/strong><\/h2>\n      <\/section>\n\n\n        <section class=\"component component-gutenberg-paragraph typography my-1\">\n              \n<p class=\"wp-block-paragraph\">La r\u00e9ponse est simple&nbsp;: ISO-PANEL est <strong>beaucoup plus \u00e9cologique<\/strong>. Nous le fabriquons \u00e0&nbsp;partir de <strong>granul\u00e9s de PET recycl\u00e9s, eux-m\u00eames<\/strong> <strong>totalement recyclable<\/strong>s. Vous pouvez ainsi jeter les coupes du chantier directement dans la poubelle jaune des plastiques. De plus, la fabrication d\u2019ISO-PANEL <strong>exige une quantit\u00e9 de colle beaucoup moins importante<\/strong> que celle n\u00e9cessaire \u00e0&nbsp;la fabrication des panneaux sandwich.<\/p>\n      <\/section>\n\n\n        <section class=\"component component-gutenberg-paragraph typography my-1\">\n              \n<p class=\"wp-block-paragraph\">ISO-PANEL est aussi <strong>beaucoup plus facile \u00e0&nbsp;travailler<\/strong>. Cela signifie que nous n\u2019avons pas \u00e0&nbsp;utiliser de lourdes machines d\u2019usinage pendant la fabrication, mais aussi que vous aurez beaucoup plus de facilit\u00e9 \u00e0&nbsp;le couper ou \u00e0&nbsp;l\u2019ajuster, par exemple au niveau du raccord avec l\u2019appui de fen\u00eatre. Un simple cutter vous suffira alors.<\/p>\n      <\/section>\n\n\n        <section class=\"component component-gutenberg-heading typography my-1\">\n              \n<h2 class=\"wp-block-heading\"><strong>Quelles sont les propri\u00e9t\u00e9s d\u2019ISO-PANEL ?<\/strong><\/h2>\n      <\/section>\n\n\n        <section class=\"component component-gutenberg-paragraph typography my-1\">\n              \n<p class=\"wp-block-paragraph\">Bien que nous veillons au respect de l\u2019environnement, la qualit\u00e9 du produit reste pour nous le crit\u00e8re le plus important. ISO-PANEL pr\u00e9sente des propri\u00e9t\u00e9s semblables \u00e0&nbsp;celles des panneaux sandwich. ISO PANEL se caract\u00e9rise ainsi&nbsp;par&nbsp;:<\/p>\n      <\/section>\n\n\n        <section class=\"component component-gutenberg-list typography my-1\">\n              \n<ul class=\"wp-block-list\"><li>une grande r\u00e9sistance \u00e0&nbsp;la pression (malgr\u00e9 son faible poids)&nbsp;;<\/li><li>une grande <strong>r\u00e9sistance aux moisissures<\/strong>, \u00e0&nbsp;la pourriture et aux produits chimiques&nbsp;;<\/li><li>une r\u00e9sistance totale \u00e0&nbsp;l\u2019eau et \u00e0&nbsp;l\u2019humidit\u00e9&nbsp;;<\/li><li><strong>d\u2019excellentes propri\u00e9t\u00e9s d\u2019isolation thermique<\/strong> (nettement meilleures par exemple que&nbsp;XPS).<\/li><\/ul>\n      <\/section>\n\n\n        <section class=\"component component-gutenberg-paragraph typography my-1\">\n              \n<p class=\"wp-block-paragraph\">Le seul inconv\u00e9nient de ce mat\u00e9riau est qu\u2019il pr\u00e9sente une plus faible densit\u00e9 (c\u2019est-\u00e0-dire qu\u2019il est plus souple) et que certaines vis y&nbsp;tiennent donc moins bien. Nous avons cependant r\u00e9solu ce probl\u00e8me en choisissant de fournir <strong>les panneaux ISO-PANEL avec des vis et des chevilles <\/strong>que nous avons nous-m\u00eames test\u00e9es et qui tiennent tr\u00e8s bien dans ce type de panneau.<\/p>\n      <\/section>\n\n\n        <section class=\"component component-gutenberg-paragraph typography my-1\">\n              \n<p class=\"wp-block-paragraph\">ISO-PANEL est peut-\u00eatre aussi un peu moins beau qu\u2019un panneau en Purenit. Il est pourtant toujours enduit dans l\u2019embrasement de la fen\u00eatre et le client ne verra donc aucune diff\u00e9rence.<\/p>\n      <\/section>\n\n\n        <section class=\"component component-gutenberg-image typography my-1\">\n              \n<figure class=\"wp-block-image size-full\"><img loading=\"lazy\" decoding=\"async\" width=\"1920\" height=\"960\" src=\"https:\/\/www.neva.eu\/wp-content\/uploads\/neva-predstavujeme-iso-panel-1.jpg\" alt class=\"wp-image-16280\" srcset=\"https:\/\/www.neva.eu\/wp-content\/uploads\/neva-predstavujeme-iso-panel-1.jpg 1920w, https:\/\/www.neva.eu\/wp-content\/uploads\/neva-predstavujeme-iso-panel-1-1536x768.jpg 1536w, https:\/\/www.neva.eu\/wp-content\/uploads\/neva-predstavujeme-iso-panel-1-1280x640.jpg 1280w, https:\/\/www.neva.eu\/wp-content\/uploads\/neva-predstavujeme-iso-panel-1-940x470.jpg 940w, https:\/\/www.neva.eu\/wp-content\/uploads\/neva-predstavujeme-iso-panel-1-758x379.jpg 758w, https:\/\/www.neva.eu\/wp-content\/uploads\/neva-predstavujeme-iso-panel-1-425x213.jpg 425w\" sizes=\"auto, (max-width: 1920px) 100vw, 1920px\" \/><figcaption>ISO-PANEL en granul\u00e9s PET recycl\u00e9s.<\/figcaption><\/figure>\n      <\/section>\n\n\n        <section class=\"component component-gutenberg-heading typography my-1\">\n              \n<h2 class=\"wp-block-heading\"><strong>En deux dimensions ou sur mesure<\/strong><\/h2>\n      <\/section>\n\n\n        <section class=\"component component-gutenberg-paragraph typography my-1\">\n              \n<p class=\"wp-block-paragraph\">Les panneaux ISO-PANEL vont \u00eatre fabriqu\u00e9s en deux dimensions standards&nbsp;:<\/p>\n      <\/section>\n\n\n        <section class=\"component component-gutenberg-list typography my-1\">\n              \n<ul class=\"wp-block-list\"><li>long (2 440 \u00d7 200&nbsp;mm)<\/li><li>et court (1 820 \u00d7 200&nbsp;mm).<\/li><\/ul>\n      <\/section>\n\n\n        <section class=\"component component-gutenberg-paragraph typography my-1\">\n              \n<p class=\"wp-block-paragraph\">Nous pouvons \u00e9galement fabriquer les panneaux ISO-PANEL <strong>sur mesure<\/strong> pour le cas des fen\u00eatres atypiques. Leur largeur minimale est de 100&nbsp;mm et leurs dimensions maximales sont de 5&nbsp;000 \u00d7 350&nbsp;mm.<\/p>\n      <\/section>\n\n\n        <section class=\"component component-gutenberg-paragraph typography my-1\">\n              \n<p class=\"wp-block-paragraph\">N\u2019h\u00e9sitez surtout pas \u00e0&nbsp;nous <a href=\"https:\/\/www.neva.eu\/fr\/contact\/\">contacter<\/a> si vous d\u00e9sirez avoir de plus amples informations.<\/p>\n      <\/section>\n","protected":false},"excerpt":{"rendered":"<p>Jusqu\u2019\u00e0 pr\u00e9sent, nous vous avons toujours propos\u00e9 d\u2019installer les coulisses lat\u00e9rales de stores \u00e0 lamelles ext\u00e9rieurs dans des panneaux sandwich en Pur\u00e9nit. Cependant, \u00e0 compter du 1er mars, nous allons mettre fin \u00e0 leur fabrication pour les remplacer par les panneaux ISO-PANEL. Ceux-ci sont beaucoup plus \u00e9cologiques et faciles \u00e0 travailler que les panneaux sandwich, ils facilitent donc le travail tant pendant l\u2019\u00e9tape de fabrication que pendant celle de montage.<\/p>\n","protected":false},"author":4,"featured_media":16276,"comment_status":"closed","ping_status":"closed","sticky":false,"template":"","format":"standard","meta":{"_acf_changed":false,"advgb_blocks_editor_width":"","advgb_blocks_columns_visual_guide":"","_daim_seo_power":"1000","_daim_enable_ail":"1","footnotes":""},"categories":[198],"tags":[],"class_list":["post-16305","post","type-post","status-publish","format-standard","has-post-thumbnail","hentry","category-nouveautes"],"acf":[],"aioseo_notices":[],"aioseo_head":"\n\t\t<!-- All in One SEO Pro 5.0.1 - aioseo.com -->\n\t<meta name=\"description\" content=\"Ces plaques sont beaucoup plus respectueuses de l\u2019environnement et faciles \u00e0 travailler que les panneaux sandwichs d\u2019origine, leurs propri\u00e9t\u00e9s sont pourtant comparables.\" \/>\n\t<meta name=\"robots\" content=\"max-image-preview:large\" \/>\n\t<meta name=\"author\" content=\"Miloslav Matou\u0161ek\"\/>\n\t<link rel=\"canonical\" href=\"https:\/\/www.neva.eu\/fr\/nouveautes\/nous-vous-presentons-iso-panel-un-nouveau-produit-pour-les-coulisses-des-stores\/\" \/>\n\t<meta name=\"generator\" content=\"All in One SEO Pro (AIOSEO) 5.0.1\" \/>\n\n\t\t<meta name=\"facebook-domain-verification\" content=\"l52s6ngz14wm1hk29qnhhp9zt0uj98\" \/>\n\t\t<meta property=\"og:locale\" content=\"fr_FR\" \/>\n\t\t<meta property=\"og:site_name\" content=\"\u017daluzie NEVA | Kvalita, kterou pozn\u00e1te i po desetilet\u00edch\" \/>\n\t\t<meta property=\"og:type\" content=\"article\" \/>\n\t\t<meta property=\"og:title\" content=\"Nous vous pr\u00e9sentons les plaques ISO-PANEL pour coulisses lat\u00e9rales de stores | NEVA\" \/>\n\t\t<meta property=\"og:description\" content=\"Ces plaques sont beaucoup plus respectueuses de l\u2019environnement et faciles \u00e0 travailler que les panneaux sandwichs d\u2019origine, leurs propri\u00e9t\u00e9s sont pourtant comparables.\" \/>\n\t\t<meta property=\"og:url\" content=\"https:\/\/www.neva.eu\/fr\/nouveautes\/nous-vous-presentons-iso-panel-un-nouveau-produit-pour-les-coulisses-des-stores\/\" \/>\n\t\t<meta property=\"og:image\" content=\"https:\/\/www.neva.eu\/wp-content\/uploads\/neva-predstavujeme-iso-panel.jpg\" \/>\n\t\t<meta property=\"og:image:secure_url\" content=\"https:\/\/www.neva.eu\/wp-content\/uploads\/neva-predstavujeme-iso-panel.jpg\" \/>\n\t\t<meta property=\"og:image:width\" content=\"1920\" \/>\n\t\t<meta property=\"og:image:height\" content=\"960\" \/>\n\t\t<meta property=\"article:published_time\" content=\"2022-03-02T11:00:00+00:00\" \/>\n\t\t<meta property=\"article:modified_time\" content=\"2022-03-01T15:49:50+00:00\" \/>\n\t\t<meta property=\"article:publisher\" content=\"https:\/\/www.facebook.com\/neva.eu\" \/>\n\t\t<meta name=\"twitter:card\" content=\"summary_large_image\" \/>\n\t\t<meta name=\"twitter:title\" content=\"Nous vous pr\u00e9sentons les plaques ISO-PANEL pour coulisses lat\u00e9rales de stores | NEVA\" \/>\n\t\t<meta name=\"twitter:description\" content=\"Ces plaques sont beaucoup plus respectueuses de l\u2019environnement et faciles \u00e0 travailler que les panneaux sandwichs d\u2019origine, leurs propri\u00e9t\u00e9s sont pourtant comparables.\" \/>\n\t\t<meta name=\"twitter:image\" content=\"https:\/\/www.neva.eu\/wp-content\/uploads\/neva-predstavujeme-iso-panel.jpg\" \/>\n\t\t<script type=\"application\/ld+json\" class=\"aioseo-schema\">\n\t\t\t{\"@context\":\"https:\\\/\\\/schema.org\",\"@graph\":[{\"@type\":\"Article\",\"@id\":\"https:\\\/\\\/www.neva.eu\\\/fr\\\/nouveautes\\\/nous-vous-presentons-iso-panel-un-nouveau-produit-pour-les-coulisses-des-stores\\\/#article\",\"name\":\"Nous vous pr\\u00e9sentons les plaques ISO-PANEL pour coulisses lat\\u00e9rales de stores | NEVA\",\"headline\":\"Nous vous pr\\u00e9sentons ISO-PANEL\\u00a0: un nouveau produit pour les coulisses des stores\",\"author\":{\"@id\":\"https:\\\/\\\/www.neva.eu\\\/fr\\\/author\\\/matousek\\\/#author\"},\"publisher\":{\"@id\":\"https:\\\/\\\/www.neva.eu\\\/fr\\\/#organization\"},\"image\":{\"@type\":\"ImageObject\",\"url\":\"https:\\\/\\\/www.neva.eu\\\/wp-content\\\/uploads\\\/neva-predstavujeme-iso-panel.jpg\",\"width\":1920,\"height\":960},\"datePublished\":\"2022-03-02T12:00:00+01:00\",\"dateModified\":\"2022-03-01T16:49:50+01:00\",\"inLanguage\":\"fr-FR\",\"mainEntityOfPage\":{\"@id\":\"https:\\\/\\\/www.neva.eu\\\/fr\\\/nouveautes\\\/nous-vous-presentons-iso-panel-un-nouveau-produit-pour-les-coulisses-des-stores\\\/#webpage\"},\"isPartOf\":{\"@id\":\"https:\\\/\\\/www.neva.eu\\\/fr\\\/nouveautes\\\/nous-vous-presentons-iso-panel-un-nouveau-produit-pour-les-coulisses-des-stores\\\/#webpage\"},\"articleSection\":\"Nouveaut\\u00e9s, Facultatif\"},{\"@type\":\"BreadcrumbList\",\"@id\":\"https:\\\/\\\/www.neva.eu\\\/fr\\\/nouveautes\\\/nous-vous-presentons-iso-panel-un-nouveau-produit-pour-les-coulisses-des-stores\\\/#breadcrumblist\",\"itemListElement\":[{\"@type\":\"ListItem\",\"@id\":\"https:\\\/\\\/www.neva.eu\\\/fr\\\/#listItem\",\"position\":1,\"name\":\"Home\",\"item\":\"https:\\\/\\\/www.neva.eu\\\/fr\\\/\",\"nextItem\":{\"@type\":\"ListItem\",\"@id\":\"https:\\\/\\\/www.neva.eu\\\/fr\\\/actualites\\\/categorie\\\/nouveautes\\\/#listItem\",\"name\":\"Nouveaut\\u00e9s\"}},{\"@type\":\"ListItem\",\"@id\":\"https:\\\/\\\/www.neva.eu\\\/fr\\\/actualites\\\/categorie\\\/nouveautes\\\/#listItem\",\"position\":2,\"name\":\"Nouveaut\\u00e9s\",\"item\":\"https:\\\/\\\/www.neva.eu\\\/fr\\\/actualites\\\/categorie\\\/nouveautes\\\/\",\"nextItem\":{\"@type\":\"ListItem\",\"@id\":\"https:\\\/\\\/www.neva.eu\\\/fr\\\/nouveautes\\\/nous-vous-presentons-iso-panel-un-nouveau-produit-pour-les-coulisses-des-stores\\\/#listItem\",\"name\":\"Nous vous pr\\u00e9sentons ISO-PANEL\\u00a0: un nouveau produit pour les coulisses des stores\"},\"previousItem\":{\"@type\":\"ListItem\",\"@id\":\"https:\\\/\\\/www.neva.eu\\\/fr\\\/#listItem\",\"name\":\"Home\"}},{\"@type\":\"ListItem\",\"@id\":\"https:\\\/\\\/www.neva.eu\\\/fr\\\/nouveautes\\\/nous-vous-presentons-iso-panel-un-nouveau-produit-pour-les-coulisses-des-stores\\\/#listItem\",\"position\":3,\"name\":\"Nous vous pr\\u00e9sentons ISO-PANEL\\u00a0: un nouveau produit pour les coulisses des stores\",\"previousItem\":{\"@type\":\"ListItem\",\"@id\":\"https:\\\/\\\/www.neva.eu\\\/fr\\\/actualites\\\/categorie\\\/nouveautes\\\/#listItem\",\"name\":\"Nouveaut\\u00e9s\"}}]},{\"@type\":\"Organization\",\"@id\":\"https:\\\/\\\/www.neva.eu\\\/fr\\\/#organization\",\"name\":\"NEVA\",\"description\":\"Kvalita, kterou pozn\\u00e1te i po desetilet\\u00edch\",\"url\":\"https:\\\/\\\/www.neva.eu\\\/fr\\\/\",\"telephone\":\"+420588003550\",\"logo\":{\"@type\":\"ImageObject\",\"url\":\"https:\\\/\\\/www.neva.eu\\\/wp-content\\\/uploads\\\/NEVA_logo_RGB.png\",\"@id\":\"https:\\\/\\\/www.neva.eu\\\/fr\\\/nouveautes\\\/nous-vous-presentons-iso-panel-un-nouveau-produit-pour-les-coulisses-des-stores\\\/#organizationLogo\",\"width\":135,\"height\":23},\"image\":{\"@id\":\"https:\\\/\\\/www.neva.eu\\\/fr\\\/nouveautes\\\/nous-vous-presentons-iso-panel-un-nouveau-produit-pour-les-coulisses-des-stores\\\/#organizationLogo\"},\"sameAs\":[\"https:\\\/\\\/www.instagram.com\\\/neva.eu\\\/\",\"https:\\\/\\\/www.youtube.com\\\/neva-eu\",\"https:\\\/\\\/www.linkedin.com\\\/company\\\/neva-eu\\\/\"]},{\"@type\":\"Person\",\"@id\":\"https:\\\/\\\/www.neva.eu\\\/fr\\\/author\\\/matousek\\\/#author\",\"url\":\"https:\\\/\\\/www.neva.eu\\\/fr\\\/author\\\/matousek\\\/\",\"name\":\"Miloslav Matou\\u0161ek\",\"image\":{\"@type\":\"ImageObject\",\"@id\":\"https:\\\/\\\/www.neva.eu\\\/fr\\\/nouveautes\\\/nous-vous-presentons-iso-panel-un-nouveau-produit-pour-les-coulisses-des-stores\\\/#authorImage\",\"url\":\"https:\\\/\\\/secure.gravatar.com\\\/avatar\\\/ec0cb32feb0bb156427186921a980e36f6c446b55162e151a1dc0fa47ec1cecf?s=96&d=mm&r=g\",\"width\":96,\"height\":96,\"caption\":\"Miloslav Matou\\u0161ek\"}},{\"@type\":\"WebPage\",\"@id\":\"https:\\\/\\\/www.neva.eu\\\/fr\\\/nouveautes\\\/nous-vous-presentons-iso-panel-un-nouveau-produit-pour-les-coulisses-des-stores\\\/#webpage\",\"url\":\"https:\\\/\\\/www.neva.eu\\\/fr\\\/nouveautes\\\/nous-vous-presentons-iso-panel-un-nouveau-produit-pour-les-coulisses-des-stores\\\/\",\"name\":\"Nous vous pr\\u00e9sentons les plaques ISO-PANEL pour coulisses lat\\u00e9rales de stores | NEVA\",\"description\":\"Ces plaques sont beaucoup plus respectueuses de l\\u2019environnement et faciles \\u00e0 travailler que les panneaux sandwichs d\\u2019origine, leurs propri\\u00e9t\\u00e9s sont pourtant comparables.\",\"inLanguage\":\"fr-FR\",\"isPartOf\":{\"@id\":\"https:\\\/\\\/www.neva.eu\\\/fr\\\/#website\"},\"breadcrumb\":{\"@id\":\"https:\\\/\\\/www.neva.eu\\\/fr\\\/nouveautes\\\/nous-vous-presentons-iso-panel-un-nouveau-produit-pour-les-coulisses-des-stores\\\/#breadcrumblist\"},\"author\":{\"@id\":\"https:\\\/\\\/www.neva.eu\\\/fr\\\/author\\\/matousek\\\/#author\"},\"creator\":{\"@id\":\"https:\\\/\\\/www.neva.eu\\\/fr\\\/author\\\/matousek\\\/#author\"},\"image\":{\"@type\":\"ImageObject\",\"url\":\"https:\\\/\\\/www.neva.eu\\\/wp-content\\\/uploads\\\/neva-predstavujeme-iso-panel.jpg\",\"@id\":\"https:\\\/\\\/www.neva.eu\\\/fr\\\/nouveautes\\\/nous-vous-presentons-iso-panel-un-nouveau-produit-pour-les-coulisses-des-stores\\\/#mainImage\",\"width\":1920,\"height\":960},\"primaryImageOfPage\":{\"@id\":\"https:\\\/\\\/www.neva.eu\\\/fr\\\/nouveautes\\\/nous-vous-presentons-iso-panel-un-nouveau-produit-pour-les-coulisses-des-stores\\\/#mainImage\"},\"datePublished\":\"2022-03-02T12:00:00+01:00\",\"dateModified\":\"2022-03-01T16:49:50+01:00\"},{\"@type\":\"WebSite\",\"@id\":\"https:\\\/\\\/www.neva.eu\\\/fr\\\/#website\",\"url\":\"https:\\\/\\\/www.neva.eu\\\/fr\\\/\",\"name\":\"NEVA\",\"description\":\"Kvalita, kterou pozn\\u00e1te i po desetilet\\u00edch\",\"inLanguage\":\"fr-FR\",\"publisher\":{\"@id\":\"https:\\\/\\\/www.neva.eu\\\/fr\\\/#organization\"}}]}\n\t\t<\/script>\n\t\t<!-- All in One SEO Pro -->\r\n\t\t<title>Nous vous pr\u00e9sentons les plaques ISO-PANEL pour coulisses lat\u00e9rales de stores | NEVA<\/title>\n\n","aioseo_head_json":{"title":"Nous vous pr\u00e9sentons les plaques ISO-PANEL pour coulisses lat\u00e9rales de stores | NEVA","description":"Ces plaques sont beaucoup plus respectueuses de l\u2019environnement et faciles \u00e0 travailler que les panneaux sandwichs d\u2019origine, leurs propri\u00e9t\u00e9s sont pourtant comparables.","canonical_url":"https:\/\/www.neva.eu\/fr\/nouveautes\/nous-vous-presentons-iso-panel-un-nouveau-produit-pour-les-coulisses-des-stores\/","robots":"max-image-preview:large","keywords":"","webmasterTools":{"miscellaneous":"&lt;meta name=\"facebook-domain-verification\" content=\"l52s6ngz14wm1hk29qnhhp9zt0uj98\" \/&gt;"},"schema":{"@context":"https:\/\/schema.org","@graph":[{"@type":"Article","@id":"https:\/\/www.neva.eu\/fr\/nouveautes\/nous-vous-presentons-iso-panel-un-nouveau-produit-pour-les-coulisses-des-stores\/#article","name":"Nous vous pr\u00e9sentons les plaques ISO-PANEL pour coulisses lat\u00e9rales de stores | NEVA","headline":"Nous vous pr\u00e9sentons ISO-PANEL\u00a0: un nouveau produit pour les coulisses des stores","author":{"@id":"https:\/\/www.neva.eu\/fr\/author\/matousek\/#author"},"publisher":{"@id":"https:\/\/www.neva.eu\/fr\/#organization"},"image":{"@type":"ImageObject","url":"https:\/\/www.neva.eu\/wp-content\/uploads\/neva-predstavujeme-iso-panel.jpg","width":1920,"height":960},"datePublished":"2022-03-02T12:00:00+01:00","dateModified":"2022-03-01T16:49:50+01:00","inLanguage":"fr-FR","mainEntityOfPage":{"@id":"https:\/\/www.neva.eu\/fr\/nouveautes\/nous-vous-presentons-iso-panel-un-nouveau-produit-pour-les-coulisses-des-stores\/#webpage"},"isPartOf":{"@id":"https:\/\/www.neva.eu\/fr\/nouveautes\/nous-vous-presentons-iso-panel-un-nouveau-produit-pour-les-coulisses-des-stores\/#webpage"},"articleSection":"Nouveaut\u00e9s, Facultatif"},{"@type":"BreadcrumbList","@id":"https:\/\/www.neva.eu\/fr\/nouveautes\/nous-vous-presentons-iso-panel-un-nouveau-produit-pour-les-coulisses-des-stores\/#breadcrumblist","itemListElement":[{"@type":"ListItem","@id":"https:\/\/www.neva.eu\/fr\/#listItem","position":1,"name":"Home","item":"https:\/\/www.neva.eu\/fr\/","nextItem":{"@type":"ListItem","@id":"https:\/\/www.neva.eu\/fr\/actualites\/categorie\/nouveautes\/#listItem","name":"Nouveaut\u00e9s"}},{"@type":"ListItem","@id":"https:\/\/www.neva.eu\/fr\/actualites\/categorie\/nouveautes\/#listItem","position":2,"name":"Nouveaut\u00e9s","item":"https:\/\/www.neva.eu\/fr\/actualites\/categorie\/nouveautes\/","nextItem":{"@type":"ListItem","@id":"https:\/\/www.neva.eu\/fr\/nouveautes\/nous-vous-presentons-iso-panel-un-nouveau-produit-pour-les-coulisses-des-stores\/#listItem","name":"Nous vous pr\u00e9sentons ISO-PANEL\u00a0: un nouveau produit pour les coulisses des stores"},"previousItem":{"@type":"ListItem","@id":"https:\/\/www.neva.eu\/fr\/#listItem","name":"Home"}},{"@type":"ListItem","@id":"https:\/\/www.neva.eu\/fr\/nouveautes\/nous-vous-presentons-iso-panel-un-nouveau-produit-pour-les-coulisses-des-stores\/#listItem","position":3,"name":"Nous vous pr\u00e9sentons ISO-PANEL\u00a0: un nouveau produit pour les coulisses des stores","previousItem":{"@type":"ListItem","@id":"https:\/\/www.neva.eu\/fr\/actualites\/categorie\/nouveautes\/#listItem","name":"Nouveaut\u00e9s"}}]},{"@type":"Organization","@id":"https:\/\/www.neva.eu\/fr\/#organization","name":"NEVA","description":"Kvalita, kterou pozn\u00e1te i po desetilet\u00edch","url":"https:\/\/www.neva.eu\/fr\/","telephone":"+420588003550","logo":{"@type":"ImageObject","url":"https:\/\/www.neva.eu\/wp-content\/uploads\/NEVA_logo_RGB.png","@id":"https:\/\/www.neva.eu\/fr\/nouveautes\/nous-vous-presentons-iso-panel-un-nouveau-produit-pour-les-coulisses-des-stores\/#organizationLogo","width":135,"height":23},"image":{"@id":"https:\/\/www.neva.eu\/fr\/nouveautes\/nous-vous-presentons-iso-panel-un-nouveau-produit-pour-les-coulisses-des-stores\/#organizationLogo"},"sameAs":["https:\/\/www.instagram.com\/neva.eu\/","https:\/\/www.youtube.com\/neva-eu","https:\/\/www.linkedin.com\/company\/neva-eu\/"]},{"@type":"Person","@id":"https:\/\/www.neva.eu\/fr\/author\/matousek\/#author","url":"https:\/\/www.neva.eu\/fr\/author\/matousek\/","name":"Miloslav Matou\u0161ek","image":{"@type":"ImageObject","@id":"https:\/\/www.neva.eu\/fr\/nouveautes\/nous-vous-presentons-iso-panel-un-nouveau-produit-pour-les-coulisses-des-stores\/#authorImage","url":"https:\/\/secure.gravatar.com\/avatar\/ec0cb32feb0bb156427186921a980e36f6c446b55162e151a1dc0fa47ec1cecf?s=96&d=mm&r=g","width":96,"height":96,"caption":"Miloslav Matou\u0161ek"}},{"@type":"WebPage","@id":"https:\/\/www.neva.eu\/fr\/nouveautes\/nous-vous-presentons-iso-panel-un-nouveau-produit-pour-les-coulisses-des-stores\/#webpage","url":"https:\/\/www.neva.eu\/fr\/nouveautes\/nous-vous-presentons-iso-panel-un-nouveau-produit-pour-les-coulisses-des-stores\/","name":"Nous vous pr\u00e9sentons les plaques ISO-PANEL pour coulisses lat\u00e9rales de stores | NEVA","description":"Ces plaques sont beaucoup plus respectueuses de l\u2019environnement et faciles \u00e0 travailler que les panneaux sandwichs d\u2019origine, leurs propri\u00e9t\u00e9s sont pourtant comparables.","inLanguage":"fr-FR","isPartOf":{"@id":"https:\/\/www.neva.eu\/fr\/#website"},"breadcrumb":{"@id":"https:\/\/www.neva.eu\/fr\/nouveautes\/nous-vous-presentons-iso-panel-un-nouveau-produit-pour-les-coulisses-des-stores\/#breadcrumblist"},"author":{"@id":"https:\/\/www.neva.eu\/fr\/author\/matousek\/#author"},"creator":{"@id":"https:\/\/www.neva.eu\/fr\/author\/matousek\/#author"},"image":{"@type":"ImageObject","url":"https:\/\/www.neva.eu\/wp-content\/uploads\/neva-predstavujeme-iso-panel.jpg","@id":"https:\/\/www.neva.eu\/fr\/nouveautes\/nous-vous-presentons-iso-panel-un-nouveau-produit-pour-les-coulisses-des-stores\/#mainImage","width":1920,"height":960},"primaryImageOfPage":{"@id":"https:\/\/www.neva.eu\/fr\/nouveautes\/nous-vous-presentons-iso-panel-un-nouveau-produit-pour-les-coulisses-des-stores\/#mainImage"},"datePublished":"2022-03-02T12:00:00+01:00","dateModified":"2022-03-01T16:49:50+01:00"},{"@type":"WebSite","@id":"https:\/\/www.neva.eu\/fr\/#website","url":"https:\/\/www.neva.eu\/fr\/","name":"NEVA","description":"Kvalita, kterou pozn\u00e1te i po desetilet\u00edch","inLanguage":"fr-FR","publisher":{"@id":"https:\/\/www.neva.eu\/fr\/#organization"}}]},"og:locale":"fr_FR","og:site_name":"\u017daluzie NEVA | Kvalita, kterou pozn\u00e1te i po desetilet\u00edch","og:type":"article","og:title":"Nous vous pr\u00e9sentons les plaques ISO-PANEL pour coulisses lat\u00e9rales de stores | NEVA","og:description":"Ces plaques sont beaucoup plus respectueuses de l\u2019environnement et faciles \u00e0 travailler que les panneaux sandwichs d\u2019origine, leurs propri\u00e9t\u00e9s sont pourtant comparables.","og:url":"https:\/\/www.neva.eu\/fr\/nouveautes\/nous-vous-presentons-iso-panel-un-nouveau-produit-pour-les-coulisses-des-stores\/","og:image":"https:\/\/www.neva.eu\/wp-content\/uploads\/neva-predstavujeme-iso-panel.jpg","og:image:secure_url":"https:\/\/www.neva.eu\/wp-content\/uploads\/neva-predstavujeme-iso-panel.jpg","og:image:width":1920,"og:image:height":960,"article:published_time":"2022-03-02T11:00:00+00:00","article:modified_time":"2022-03-01T15:49:50+00:00","article:publisher":"https:\/\/www.facebook.com\/neva.eu","twitter:card":"summary_large_image","twitter:title":"Nous vous pr\u00e9sentons les plaques ISO-PANEL pour coulisses lat\u00e9rales de stores | NEVA","twitter:description":"Ces plaques sont beaucoup plus respectueuses de l\u2019environnement et faciles \u00e0 travailler que les panneaux sandwichs d\u2019origine, leurs propri\u00e9t\u00e9s sont pourtant comparables.","twitter:image":"https:\/\/www.neva.eu\/wp-content\/uploads\/neva-predstavujeme-iso-panel.jpg"},"aioseo_meta_data":{"post_id":"16305","title":"Nous vous pr\u00e9sentons les plaques ISO-PANEL pour coulisses lat\u00e9rales de stores | #site_title&nbsp;","description":"Ces plaques sont beaucoup plus respectueuses de l\u2019environnement et faciles \u00e0 travailler que les panneaux sandwichs d\u2019origine, leurs propri\u00e9t\u00e9s sont pourtant comparables.","keywords":[],"keyphrases":{"focus":{"keyphrase":"","score":0,"analysis":{"keyphraseInTitle":{"score":0,"maxScore":9,"error":1}}},"additional":[]},"primary_term":null,"canonical_url":null,"og_title":null,"og_description":null,"og_object_type":"default","og_image_type":"default","og_image_url":null,"og_image_width":null,"og_image_height":null,"og_image_custom_url":null,"og_image_custom_fields":null,"og_video":"","og_custom_url":null,"og_article_section":null,"og_article_tags":[],"twitter_use_og":false,"twitter_card":"default","twitter_image_type":"default","twitter_image_url":null,"twitter_image_custom_url":null,"twitter_image_custom_fields":null,"twitter_title":null,"twitter_description":null,"schema":{"blockGraphs":[],"customGraphs":[],"default":{"data":{"Article":[],"Course":[],"Dataset":[],"FAQPage":[],"Movie":[],"Person":[],"Product":[],"ProductReview":[],"Car":[],"Recipe":[],"Service":[],"SoftwareApplication":[],"WebPage":[]},"graphName":"","isEnabled":true},"graphs":[],"defaultGraph":"Article","defaultPostTypeGraph":""},"schema_type":"default","schema_type_options":"{\"article\":{\"articleType\":\"BlogPosting\"},\"course\":{\"name\":\"\",\"description\":\"\",\"provider\":\"\"},\"faq\":{\"pages\":[]},\"product\":{\"reviews\":[]},\"recipe\":{\"ingredients\":[],\"instructions\":[],\"keywords\":[]},\"software\":{\"reviews\":[],\"operatingSystems\":[]},\"webPage\":{\"webPageType\":\"WebPage\"}}","pillar_content":false,"robots_default":true,"robots_noindex":false,"robots_noarchive":false,"robots_nosnippet":false,"robots_nofollow":false,"robots_noimageindex":false,"robots_noodp":false,"robots_notranslate":false,"robots_max_snippet":"-1","robots_max_videopreview":"-1","robots_max_imagepreview":"large","priority":null,"frequency":"default","local_seo":null,"seo_analyzer_scan_date":"2026-05-22 11:36:48","breadcrumb_settings":null,"limit_modified_date":false,"open_ai":null,"ai":null,"created":"2022-03-01 15:11:52","updated":"2026-05-22 11:36:48","focus_keyword":null,"additional_keywords":null,"truseo_locale":null},"aioseo_breadcrumb":"<div class=\"aioseo-breadcrumbs\"><span class=\"aioseo-breadcrumb\">\n\t<a href=\"https:\/\/www.neva.eu\/fr\/\" title=\"Home\">Home<\/a>\n<\/span><span class=\"aioseo-breadcrumb-separator\">&raquo;<\/span><span class=\"aioseo-breadcrumb\">\n\t<a href=\"https:\/\/www.neva.eu\/fr\/actualites\/categorie\/nouveautes\/\" title=\"Nouveaut\u00e9s\">Nouveaut\u00e9s<\/a>\n<\/span><span class=\"aioseo-breadcrumb-separator\">&raquo;<\/span><span class=\"aioseo-breadcrumb\">\n\tNous vous pr\u00e9sentons ISO-PANEL : un nouveau produit pour les coulisses des stores\n<\/span><\/div>","aioseo_breadcrumb_json":[{"label":"Home","link":"https:\/\/www.neva.eu\/fr\/"},{"label":"Nouveaut\u00e9s","link":"https:\/\/www.neva.eu\/fr\/actualites\/categorie\/nouveautes\/"},{"label":"Nous vous pr\u00e9sentons ISO-PANEL\u00a0: un nouveau produit pour les coulisses des stores","link":"https:\/\/www.neva.eu\/fr\/nouveautes\/nous-vous-presentons-iso-panel-un-nouveau-produit-pour-les-coulisses-des-stores\/"}],"author_meta":{"display_name":"Miloslav Matou\u0161ek","author_link":"https:\/\/www.neva.eu\/fr\/author\/matousek\/"},"featured_img":"https:\/\/www.neva.eu\/wp-content\/uploads\/neva-predstavujeme-iso-panel.jpg","coauthors":[],"tax_additional":{"categories":{"linked":["<a href=\"https:\/\/www.neva.eu\/fr\/actualites\/categorie\/nouveautes\/\" class=\"advgb-post-tax-term\">Nouveaut\u00e9s<\/a>"],"unlinked":["<span class=\"advgb-post-tax-term\">Nouveaut\u00e9s<\/span>"]}},"comment_count":"0","relative_dates":{"created":"Publi\u00e9 5 years il y a","modified":"Mis \u00e0 jour 5 years il y a"},"absolute_dates":{"created":"Publi\u00e9 le 2. 3. 2022","modified":"Mise \u00e0 jour le 1. 3. 2022"},"absolute_dates_time":{"created":"Publi\u00e9 le 2. 3. 2022 12:00","modified":"Mise \u00e0 jour le 1. 3. 2022 16:49"},"featured_img_caption":"","series_order":"","_links":{"self":[{"href":"https:\/\/www.neva.eu\/fr\/wp-json\/wp\/v2\/posts\/16305","targetHints":{"allow":["GET"]}}],"collection":[{"href":"https:\/\/www.neva.eu\/fr\/wp-json\/wp\/v2\/posts"}],"about":[{"href":"https:\/\/www.neva.eu\/fr\/wp-json\/wp\/v2\/types\/post"}],"author":[{"embeddable":true,"href":"https:\/\/www.neva.eu\/fr\/wp-json\/wp\/v2\/users\/4"}],"replies":[{"embeddable":true,"href":"https:\/\/www.neva.eu\/fr\/wp-json\/wp\/v2\/comments?post=16305"}],"version-history":[{"count":0,"href":"https:\/\/www.neva.eu\/fr\/wp-json\/wp\/v2\/posts\/16305\/revisions"}],"wp:featuredmedia":[{"embeddable":true,"href":"https:\/\/www.neva.eu\/fr\/wp-json\/wp\/v2\/media\/16276"}],"wp:attachment":[{"href":"https:\/\/www.neva.eu\/fr\/wp-json\/wp\/v2\/media?parent=16305"}],"wp:term":[{"taxonomy":"category","embeddable":true,"href":"https:\/\/www.neva.eu\/fr\/wp-json\/wp\/v2\/categories?post=16305"},{"taxonomy":"post_tag","embeddable":true,"href":"https:\/\/www.neva.eu\/fr\/wp-json\/wp\/v2\/tags?post=16305"}],"curies":[{"name":"wp","href":"https:\/\/api.w.org\/{rel}","templated":true}]}}