{"id":16000,"date":"2022-01-26T14:38:44","date_gmt":"2022-01-26T13:38:44","guid":{"rendered":"https:\/\/www.neva.eu\/non-classifiee\/les-stores-a-lamelles-exterieurs-me-permettent-de-reduire-la-temperature-dans-la-piece-de-4-degres-affirme-m-tomas-minarik-dolomouc\/"},"modified":"2025-07-15T15:24:13","modified_gmt":"2025-07-15T13:24:13","slug":"les-stores-a-lamelles-exterieurs-me-permettent-de-reduire-la-temperature-dans-la-piece-de-4-degres-affirme-m-tomas-minarik-dolomouc","status":"publish","type":"post","link":"https:\/\/www.neva.eu\/fr\/etudes-de-cas\/les-stores-a-lamelles-exterieurs-me-permettent-de-reduire-la-temperature-dans-la-piece-de-4-degres-affirme-m-tomas-minarik-dolomouc\/","title":{"rendered":"Les stores \u00e0 lamelles ext\u00e9rieurs me permettent de r\u00e9duire la temp\u00e9rature dans la pi\u00e8ce de 4 degr\u00e9s, affirme M. Tom\u00e1\u0161 Mina\u0159\u00edk d\u2019Olomouc"},"content":{"rendered":"        <section class=\"component component-gutenberg-paragraph typography my-1\">\n              \n<p>Lorsqu\u2019il a&nbsp;achet\u00e9 son nouvel appartement, M. Tom\u00e1\u0161 Mina\u0159\u00edk avait la possibilit\u00e9 de choisir le syst\u00e8me d\u2019ombrage de son choix car le b\u00e2timent avait \u00e9t\u00e9 <strong>pr\u00e9par\u00e9 pour l\u2019installation de stores \u00e0&nbsp;lamelles ext\u00e9rieurs<\/strong>. <em>\u00ab&nbsp;La soci\u00e9t\u00e9 Diamond Design avait install\u00e9 des caissons encastr\u00e9s et je souhaitais en profiter. J\u2019ai donc demand\u00e9 des devis \u00e0&nbsp;plusieurs soci\u00e9t\u00e9s qui installent des stores \u00e0&nbsp;lamelles ext\u00e9rieurs, mais les conditions \u00e9taient partout semblables. J\u2019ai \u00e0&nbsp;nouveau choisi la soci\u00e9t\u00e9 Diamond Design car elle avait pr\u00e9par\u00e9 le chantier et elle le connaissait donc mieux que les autres&nbsp;\u00bb<\/em>, se souvient Tom\u00e1\u0161 Mina\u0159\u00edk.<\/p>\n      <\/section>\n        <section class=\"component component-gutenberg-heading typography my-1\">\n              \n<h2 class=\"wp-block-heading\"><strong>Une installation sans probl\u00e8me<\/strong><\/h2>\n      <\/section>\n        <section class=\"component component-gutenberg-paragraph typography my-1\">\n              \n<p>M. Tom\u00e1\u0161 Mina\u0159\u00edk a&nbsp;\u00e9t\u00e9 heureux de constater qu\u2019il n\u2019a <strong>rien eu \u00e0&nbsp;solutionner<\/strong>pendant les phases de mesures et de pose des stores \u00e0&nbsp;lamelles ext\u00e9rieurs. <em>\u00ab&nbsp;Lors du montage du syst\u00e8me d\u2019ombrage, l\u2019appartement n\u2019\u00e9tait pas encore fini et nous n\u2019y habitions donc pas encore. Les employ\u00e9s de <a href=\"https:\/\/www.diamonddesign.eu\/\" target=\"_blank\" rel=\"noreferrer noopener\" title=\"https:\/\/www.diamonddesign.eu\/\">Diamond Designs<\/a> sont venus prendre les mesures et deux semaines plus tard seulement ils installaient les stores. <\/em><strong><em>Je n\u2019\u00e9tais m\u00eame pas l\u00e0 le jour du montage<\/em><\/strong><em>, je leur avais tout simplement laiss\u00e9 les cl\u00e9s qu\u2019ils ont ensuite mises dans la bo\u00eete aux lettres&nbsp;\u00bb<\/em>, nous explique-t-il.<\/p>\n      <\/section>\n        <section class=\"component component-gutenberg-paragraph typography my-1\">\n              \n<p>M. Mina\u0159\u00edk a&nbsp;emm\u00e9nag\u00e9 quelques mois plus tard dans son nouvel appartement et il est depuis tr\u00e8s heureux de son choix de stores.<em>\u00ab&nbsp;J\u2019habitais avant dans un autre appartement avec des stores v\u00e9nitiens. C\u2019est vrai que de tels stores prot\u00e8gent un peu, mais ce n\u2019est vraiment pas comparable avec les stores ext\u00e9rieurs. En plus, leur fiabilit\u00e9 n\u2019\u00e9tait pas des meilleures et leurs cordons se sont m\u00eame arrach\u00e9s \u00e0&nbsp;plusieurs reprises. <\/em><strong><em>Les stores \u00e0&nbsp;lamelles ext\u00e9rieurs, c\u2019est vraiment autre chose.&nbsp;\u00bb<\/em><\/strong><em>,<\/em> se f\u00e9licite-t-il.<\/p>\n      <\/section>\n        <section class=\"component component-gutenberg-image typography my-1\">\n              \n<figure class=\"wp-block-image size-full is-style-default\"><img loading=\"lazy\" decoding=\"async\" width=\"1920\" height=\"960\" src=\"https:\/\/www.neva.eu\/wp-content\/uploads\/neva-pripadova-studie-venkovni-zaluzie-vilapark-olomouc-1.jpg\" alt class=\"wp-image-15548\" srcset=\"https:\/\/www.neva.eu\/wp-content\/uploads\/neva-pripadova-studie-venkovni-zaluzie-vilapark-olomouc-1.jpg 1920w, https:\/\/www.neva.eu\/wp-content\/uploads\/neva-pripadova-studie-venkovni-zaluzie-vilapark-olomouc-1-1536x768.jpg 1536w, https:\/\/www.neva.eu\/wp-content\/uploads\/neva-pripadova-studie-venkovni-zaluzie-vilapark-olomouc-1-1280x640.jpg 1280w, https:\/\/www.neva.eu\/wp-content\/uploads\/neva-pripadova-studie-venkovni-zaluzie-vilapark-olomouc-1-940x470.jpg 940w, https:\/\/www.neva.eu\/wp-content\/uploads\/neva-pripadova-studie-venkovni-zaluzie-vilapark-olomouc-1-758x379.jpg 758w, https:\/\/www.neva.eu\/wp-content\/uploads\/neva-pripadova-studie-venkovni-zaluzie-vilapark-olomouc-1-425x213.jpg 425w\" sizes=\"auto, (max-width: 1920px) 100vw, 1920px\" \/><figcaption>Les stores \u00e0&nbsp;lamelles ext\u00e9rieurs s\u2019int\u00e8grent parfaitement au design de la terrasse en&nbsp;bois.<\/figcaption><\/figure>      <\/section>\n        <section class=\"component component-gutenberg-heading typography my-1\">\n              \n<h2 class=\"wp-block-heading\"><strong>Les stores \u00e0&nbsp;lamelles ext\u00e9rieures temp\u00e8rent votre int\u00e9rieur et vous prot\u00e8gent du regard des curieux<\/strong><\/h2>\n      <\/section>\n        <section class=\"component component-gutenberg-paragraph typography my-1\">\n              \n<p>Tom\u00e1\u0161 Mina\u0159\u00edk appr\u00e9cie d\u2019autant plus ses stores \u00e0&nbsp;lamelles ext\u00e9rieurs que son appartement est situ\u00e9 au rez-de-chauss\u00e9e. Ses stores <strong>le prot\u00e8gent du regard des curieux et il se sent plus en s\u00e9curit\u00e9<\/strong>. <em>\u00ab&nbsp;M\u00eame si nos fen\u00eatres sont assez loin du trottoir, nos grandes baies vitr\u00e9es permettent de voir \u00e0&nbsp;l\u2019int\u00e9rieur. Les stores \u00e0&nbsp;lamelles ext\u00e9rieurs prot\u00e8gent notre intimit\u00e9 et nous apportent une sensation de s\u00e9curit\u00e9.&nbsp;\u00bb<\/em><\/p>\n      <\/section>\n        <section class=\"component component-gutenberg-paragraph typography my-1\">\n              \n<p>Et pendant l\u2019\u00e9t\u00e9, les stores \u00e0&nbsp;lamelles ext\u00e9rieurs r\u00e9duisent<strong> sensiblement la temp\u00e9rature dans la pi\u00e8ce<\/strong>. <em>\u00ab&nbsp;J\u2019avais moi-m\u00eame des difficult\u00e9s \u00e0&nbsp;le croire, mais la temp\u00e9rature est r\u00e9ellement moins \u00e9lev\u00e9e gr\u00e2ce aux stores. J\u2019ai vraiment voulu comparer par moi-m\u00eame : avec le store remont\u00e9, la temp\u00e9rature dans le s\u00e9jour \u00e9tait de 30\u00b0C alors que lorsque j\u2019ai descendu le store, elle a&nbsp;baiss\u00e9 \u00e0&nbsp;26\u00b0C. C\u2019est vraiment une diff\u00e9rence importante en \u00e9t\u00e9.<\/em><strong><em> Les stores \u00e0&nbsp;lamelles ext\u00e9rieurs sont r\u00e9ellement tr\u00e8s surprenants&nbsp;\u00bb<\/em><\/strong><em>,<\/em> ajoute-t-il.<\/p>\n      <\/section>\n        <section class=\"component component-gutenberg-image typography my-1\">\n              \n<figure class=\"wp-block-image size-full is-style-default\"><img loading=\"lazy\" decoding=\"async\" width=\"1920\" height=\"960\" src=\"https:\/\/www.neva.eu\/wp-content\/uploads\/neva-pripadova-studie-venkovni-zaluzie-vilapark-olomouc-2.jpg\" alt class=\"wp-image-15554\" srcset=\"https:\/\/www.neva.eu\/wp-content\/uploads\/neva-pripadova-studie-venkovni-zaluzie-vilapark-olomouc-2.jpg 1920w, https:\/\/www.neva.eu\/wp-content\/uploads\/neva-pripadova-studie-venkovni-zaluzie-vilapark-olomouc-2-1536x768.jpg 1536w, https:\/\/www.neva.eu\/wp-content\/uploads\/neva-pripadova-studie-venkovni-zaluzie-vilapark-olomouc-2-1280x640.jpg 1280w, https:\/\/www.neva.eu\/wp-content\/uploads\/neva-pripadova-studie-venkovni-zaluzie-vilapark-olomouc-2-940x470.jpg 940w, https:\/\/www.neva.eu\/wp-content\/uploads\/neva-pripadova-studie-venkovni-zaluzie-vilapark-olomouc-2-758x379.jpg 758w, https:\/\/www.neva.eu\/wp-content\/uploads\/neva-pripadova-studie-venkovni-zaluzie-vilapark-olomouc-2-425x213.jpg 425w\" sizes=\"auto, (max-width: 1920px) 100vw, 1920px\" \/><figcaption>M. Tom\u00e1\u0161 Mina\u0159\u00edk recommande les stores \u00e0&nbsp;lamelles ext\u00e9rieurs.<\/figcaption><\/figure>      <\/section>\n        <section class=\"component component-gutenberg-paragraph typography my-1\">\n              \n<p><strong>Je n\u2019arr\u00eate pas de recommander les stores \u00e0&nbsp;lamelles ext\u00e9rieurs<\/strong><\/p>\n      <\/section>\n        <section class=\"component component-gutenberg-paragraph typography my-1\">\n              \n<p>Tom\u00e1\u0161 Mina\u0159\u00edk est aussi heureux de tous les compliments que lui valent ses stores \u00e0&nbsp;lamelles ext\u00e9rieurs. <em>\u00ab&nbsp;Les stores \u00e0&nbsp;lamelles ext\u00e9rieurs sont bien visibles sur les fen\u00eatres et tous les visiteurs les remarquent donc. Et les r\u00e9actions sont toujours positives.&nbsp;\u00bb<\/em><\/p>\n      <\/section>\n        <section class=\"component component-gutenberg-paragraph typography my-1\">\n              \n<p><em>\u00ab&nbsp;Je n\u2019ai aucun pourcentage sur les ventes, mais je recommande les stores \u00e0&nbsp;lamelles ext\u00e9rieurs \u00e0&nbsp;tout le monde ! Le seul petit inconv\u00e9nient est qu\u2019il faut un peu de temps pour les descendre et les remonter. Mais bon, ce n\u2019est pas trop grave parce qu\u2019on ne le fait g\u00e9n\u00e9ralement que 2&nbsp;fois par jour. Si un jour, j\u2019emm\u00e9nage dans une maison, <\/em><strong><em>je ferai sans h\u00e9sitation installer des stores \u00e0&nbsp;lamelles ext\u00e9rieurs<\/em><\/strong><em>. Et je contacterai probablement la soci\u00e9t\u00e9 Diamond Design en leur demandant des stores de marque NEVA&nbsp;\u00bb,<\/em> conclut Tom\u00e1\u0161 Mina\u0159\u00edk.<\/p>\n      <\/section>\n        <section class=\"component component-gutenberg-paragraph typography my-1\">\n              \n<p>Si les stores \u00e0&nbsp;lamelles ext\u00e9rieurs vous plaisent, contactez l\u2019un de nos <a href=\"https:\/\/www.neva.eu\/fr\/trouver-un-revendeur\/\">partenaires de pose<\/a>. Ils seront heureux de consulter vos besoins et de vous pr\u00e9parer un&nbsp;devis.<\/p>\n      <\/section>\n","protected":false},"excerpt":{"rendered":"<p>Tom\u00e1\u0161 Mina\u0159\u00edk de Vilapark dans le quartier Tabulov\u00fd Vrch \u00e0 Olomouc a une salle de s\u00e9jour avec une baie vitr\u00e9e \u00e9quip\u00e9e de stores \u00e0 lamelles ext\u00e9rieurs C80 de la soci\u00e9t\u00e9 NEVA. Ceux-ci prot\u00e8gent son intimit\u00e9 et lui permettent aussi de sensiblement r\u00e9duire la temp\u00e9rature \u00e0 l\u2019int\u00e9rieur de la pi\u00e8ce. Lorsque les stores \u00e0 lamelles ext\u00e9rieurs sont remont\u00e9s, la temp\u00e9rature dans sa salle monte jusqu&#8217;\u00e0 30\u00b0C. Par contre, lorsqu\u2019il les descend, la temp\u00e9rature descend \u00e0 26\u00b0C en quelques heures.<\/p>\n","protected":false},"author":4,"featured_media":15544,"comment_status":"closed","ping_status":"closed","sticky":false,"template":"","format":"standard","meta":{"_acf_changed":false,"advgb_blocks_editor_width":"","advgb_blocks_columns_visual_guide":"","_daim_seo_power":"","_daim_enable_ail":"","footnotes":""},"categories":[200],"tags":[],"class_list":["post-16000","post","type-post","status-publish","format-standard","has-post-thumbnail","hentry","category-etudes-de-cas"],"acf":[],"aioseo_notices":[],"author_meta":{"display_name":"Miloslav Matou\u0161ek","author_link":"https:\/\/www.neva.eu\/fr\/author\/matousek\/"},"featured_img":"https:\/\/www.neva.eu\/wp-content\/uploads\/neva-pripadova-studie-venkovni-zaluzie-vilapark-olomouc.jpg","coauthors":[],"tax_additional":{"categories":{"linked":["<a href=\"https:\/\/www.neva.eu\/fr\/actualites\/categorie\/etudes-de-cas\/\" class=\"advgb-post-tax-term\">\u00c9tudes de cas<\/a>"],"unlinked":["<span class=\"advgb-post-tax-term\">\u00c9tudes de cas<\/span>"]}},"comment_count":"0","relative_dates":{"created":"Publi\u00e9 4 years il y a","modified":"Mis \u00e0 jour 10 months il y a"},"absolute_dates":{"created":"Publi\u00e9 le 26. 1. 2022","modified":"Mise \u00e0 jour le 15. 7. 2025"},"absolute_dates_time":{"created":"Publi\u00e9 le 26. 1. 2022 14:38","modified":"Mise \u00e0 jour le 15. 7. 2025 15:24"},"featured_img_caption":"","series_order":"","_links":{"self":[{"href":"https:\/\/www.neva.eu\/fr\/wp-json\/wp\/v2\/posts\/16000","targetHints":{"allow":["GET"]}}],"collection":[{"href":"https:\/\/www.neva.eu\/fr\/wp-json\/wp\/v2\/posts"}],"about":[{"href":"https:\/\/www.neva.eu\/fr\/wp-json\/wp\/v2\/types\/post"}],"author":[{"embeddable":true,"href":"https:\/\/www.neva.eu\/fr\/wp-json\/wp\/v2\/users\/4"}],"replies":[{"embeddable":true,"href":"https:\/\/www.neva.eu\/fr\/wp-json\/wp\/v2\/comments?post=16000"}],"version-history":[{"count":1,"href":"https:\/\/www.neva.eu\/fr\/wp-json\/wp\/v2\/posts\/16000\/revisions"}],"predecessor-version":[{"id":29403,"href":"https:\/\/www.neva.eu\/fr\/wp-json\/wp\/v2\/posts\/16000\/revisions\/29403"}],"wp:featuredmedia":[{"embeddable":true,"href":"https:\/\/www.neva.eu\/fr\/wp-json\/wp\/v2\/media\/15544"}],"wp:attachment":[{"href":"https:\/\/www.neva.eu\/fr\/wp-json\/wp\/v2\/media?parent=16000"}],"wp:term":[{"taxonomy":"category","embeddable":true,"href":"https:\/\/www.neva.eu\/fr\/wp-json\/wp\/v2\/categories?post=16000"},{"taxonomy":"post_tag","embeddable":true,"href":"https:\/\/www.neva.eu\/fr\/wp-json\/wp\/v2\/tags?post=16000"}],"curies":[{"name":"wp","href":"https:\/\/api.w.org\/{rel}","templated":true}]}}