{"id":12724,"date":"2021-03-11T10:12:00","date_gmt":"2021-03-11T09:12:00","guid":{"rendered":"https:\/\/www.neva.eu\/non-classifiee\/comment-proteger-une-veranda-contre-le-soleil-pour-y-creer-un-environnement-chaleureux-lumineux-et-agreable\/"},"modified":"2023-01-23T12:04:43","modified_gmt":"2023-01-23T11:04:43","slug":"comment-proteger-une-veranda-contre-le-soleil-pour-y-creer-un-environnement-chaleureux-lumineux-et-agreable","status":"publish","type":"post","link":"https:\/\/www.neva.eu\/fr\/conseils-et-manuels\/comment-proteger-une-veranda-contre-le-soleil-pour-y-creer-un-environnement-chaleureux-lumineux-et-agreable\/","title":{"rendered":"Comment prot\u00e9ger une v\u00e9randa contre le soleil pour y cr\u00e9er un environnement chaleureux, lumineux et agr\u00e9able"},"content":{"rendered":"        <section class=\"component component-gutenberg-heading typography my-1\">\n              \n<h2 class=\"wp-block-heading\">L\u2019exposition est un facteur essentiel \u00e0&nbsp;prendre en compte lors de la planification d\u2019une v\u00e9randa<\/h2>\n      <\/section>\n\n\n        <section class=\"component component-gutenberg-paragraph typography my-1\">\n              \n<p>Si vous avez opt\u00e9 pour une v\u00e9randa orient\u00e9e vers le <strong>nord<\/strong>, vous n\u2019avez pas \u00e0&nbsp;vous soucier de la protection contre le soleil. Comme le soleil ne brille pas beaucoup du c\u00f4t\u00e9 nord, un store int\u00e9rieur pliss\u00e9 en tissu, qui tamise et disperse la lumi\u00e8re, sera suffisant. Mais pensez \u00e0&nbsp;investir dans des <strong>radiateurs<\/strong>, car une v\u00e9randa expos\u00e9e au nord reste froide la plupart du temps, \u00e0&nbsp;l\u2019exception des mois d\u2019\u00e9t\u00e9.<\/p>\n      <\/section>\n\n\n        <section class=\"component component-gutenberg-paragraph typography my-1\">\n              \n<p>En cas d\u2019orientation <strong>ouest<\/strong>, vous avez besoin d\u2019une bonne protection contre le soleil, surtout dans les apr\u00e8s-midis, lorsque le soleil est le plus fort. Des stores \u00e0&nbsp;lamelles ext\u00e9rieurs ou des volets roulants, qui refroidissent l\u2019int\u00e9rieur de la v\u00e9randa et l\u2019emp\u00eachent de devenir irrespirable, sont la bonne solution.<\/p>\n      <\/section>\n\n\n        <section class=\"component component-gutenberg-paragraph typography my-1\">\n              \n<p>Si la construction est expos\u00e9e plein <strong>sud<\/strong>, faire de l\u2019ombre est encore plus important et vous ne pourrez pas vous passer de la climatisation en \u00e9t\u00e9. La situation est plus favorable c\u00f4t\u00e9 <strong>est<\/strong>, puisque le soleil matinal n\u2019est pas tr\u00e8s fort. En revanche, le soir, il peut faire un peu froid \u00e0&nbsp;l\u2019int\u00e9rieur.<\/p>\n      <\/section>\n\n\n        <section class=\"component component-gutenberg-paragraph typography my-1\">\n              \n<p>Pour prot\u00e9ger du soleil, rafra\u00eechir et chauffer votre v\u00e9randa en toute s\u00e9r\u00e9nit\u00e9, nous vous recommandons de la construire du <strong>c\u00f4t\u00e9 sud-est<\/strong>, car c\u2019est ainsi que vous b\u00e9n\u00e9ficierez d\u2019une combinaison id\u00e9ale de lumi\u00e8re, de chaleur et d\u2019ombre.<\/p>\n      <\/section>\n\n\n        <section class=\"component component-gutenberg-image typography my-1\">\n              \n<figure class=\"wp-block-image size-large is-style-default advgb-dyn-0ba25f51\"><img loading=\"lazy\" decoding=\"async\" width=\"1920\" height=\"960\" src=\"https:\/\/www.neva.eu\/wp-content\/uploads\/neva-jak-zastinit-zimni-zahradu-1.jpg\" alt class=\"wp-image-12344\" srcset=\"https:\/\/www.neva.eu\/wp-content\/uploads\/neva-jak-zastinit-zimni-zahradu-1.jpg 1920w, https:\/\/www.neva.eu\/wp-content\/uploads\/neva-jak-zastinit-zimni-zahradu-1-1536x768.jpg 1536w, https:\/\/www.neva.eu\/wp-content\/uploads\/neva-jak-zastinit-zimni-zahradu-1-1280x640.jpg 1280w, https:\/\/www.neva.eu\/wp-content\/uploads\/neva-jak-zastinit-zimni-zahradu-1-940x470.jpg 940w, https:\/\/www.neva.eu\/wp-content\/uploads\/neva-jak-zastinit-zimni-zahradu-1-758x379.jpg 758w, https:\/\/www.neva.eu\/wp-content\/uploads\/neva-jak-zastinit-zimni-zahradu-1-425x213.jpg 425w\" sizes=\"auto, (max-width: 1920px) 100vw, 1920px\" \/><figcaption class=\"wp-element-caption\">L\u2019orientation joue donc un r\u00f4le important dans le choix des protections contre le soleil.<\/figcaption><\/figure>\n      <\/section>\n\n\n        <section class=\"component component-gutenberg-heading typography my-1\">\n              \n<h2 class=\"wp-block-heading\">Les protections ext\u00e9rieures sont le meilleur choix pour la plupart des v\u00e9randas<\/h2>\n      <\/section>\n\n\n        <section class=\"component component-gutenberg-paragraph typography my-1\">\n              \n<p>La v\u00e9randa est principalement constitu\u00e9e de panneaux de verre ou de plastique, \u00e0&nbsp;travers lesquels l\u2019espace se r\u00e9chauffe et se refroidit rapidement. S\u2019il est assez difficile de maintenir une temp\u00e9rature constante dans une v\u00e9randa, des protections solaires ext\u00e9rieures vous aideront beaucoup dans cette&nbsp;t\u00e2che.&nbsp;<\/p>\n      <\/section>\n\n\n        <section class=\"component component-gutenberg-paragraph typography my-1\">\n              \n<p>Commencez par vous occuper du <strong>toit<\/strong>. Vous pouvez le prot\u00e9ger avec les installations suivantes:<\/p>\n      <\/section>\n\n\n        <section class=\"component component-gutenberg-list typography my-1\">\n              \n<ul class=\"wp-block-list\">\n<li>un toit&nbsp;plein,<\/li>\n\n\n\n<li>un store-banne<\/li>\n\n\n\n<li>ou un brise-soleil.<\/li>\n<\/ul>\n      <\/section>\n\n\n        <section class=\"component component-gutenberg-paragraph typography my-1\">\n              \n<p>Continuez en ombrageant les parois lat\u00e9rales. Les stores \u00e0&nbsp;lamelles ext\u00e9rieurs, id\u00e9alement dans leur version avec capteur solaire, sont une excellente solution. Lorsqu\u2019ils sont expos\u00e9s au rayonnement solaire, les stores se referment, repoussant une grande partie de la chaleur et <strong>r\u00e9duisant la temp\u00e9rature de votre int\u00e9rieur de quelques degr\u00e9s Celsius<\/strong>. En hiver, ils fonctionnent comme une isolation thermique partielle.<\/p>\n      <\/section>\n\n\n        <section class=\"component component-gutenberg-paragraph typography my-1\">\n              \n<p>Si les stores \u00e0&nbsp;lamelles ext\u00e9rieurs en aluminium vous laissent une impression trop froide, optez pour des <a href=\"https:\/\/www.neva.eu\/fr\/stores-toiles\/\" title>stores toiles<\/a> qui refroidissent \u00e9galement tr\u00e8s bien, mais ont une apparence plus chaleureuse. Si vous continuez \u00e0&nbsp;avoir l\u2019impression que la v\u00e9randa n\u2019est pas confortable, compl\u00e9tez vos protections ext\u00e9rieures avec des <strong>stores pliss\u00e9s int\u00e9rieurs.<\/strong><\/p>\n      <\/section>\n\n\n        <section class=\"component component-gutenberg-heading typography my-1\">\n              \n<h2 class=\"wp-block-heading\">N\u2019oubliez pas la climatisation et le chauffage<\/h2>\n      <\/section>\n\n\n        <section class=\"component component-gutenberg-paragraph typography my-1\">\n              \n<p>En plus des protections contre le soleil, pensez aussi \u00e0&nbsp;la <strong>climatisation<\/strong> de votre v\u00e9randa d\u00e8s sa conception. Vous l\u2019appr\u00e9cierez surtout en \u00e9t\u00e9, lorsque les v\u00e9randas ont tendance \u00e0&nbsp;surchauffer malgr\u00e9 les protections solaires ext\u00e9rieures. Si vous int\u00e9grez la climatisation d\u00e8s la phase de conception, vous \u00e9viterez des probl\u00e8mes ult\u00e9rieurs avec son installation.<\/p>\n      <\/section>\n\n\n        <section class=\"component component-gutenberg-paragraph typography my-1\">\n              \n<p>Les <strong>radiateurs<\/strong> sont aussi indispensables dans votre v\u00e9randa. Choisissez-les en fonction de la taille de la v\u00e9randa ou de la fr\u00e9quence \u00e0&nbsp;laquelle vous pr\u00e9voyez de l\u2019utiliser. Si vous ne pouvez pas installer de radiateur, utilisez la climatisation comme chauffage.<\/p>\n      <\/section>\n\n\n        <section class=\"component component-gutenberg-paragraph typography my-1\">\n              \n<p>Si vous souhaitez \u00eatre accompagn\u00e9 dans vos r\u00e9flexions sur la protection solaire de votre v\u00e9randa, contactez nos <a href=\"https:\/\/www.neva.eu\/fr\/trouver-un-revendeur\/\" title>partenaires<\/a> qui se feront un plaisir de vous aider dans votre&nbsp;choix.<\/p>\n      <\/section>\n","protected":false},"excerpt":{"rendered":"<p>Pour pouvoir profiter de votre v\u00e9randa toute l\u2019ann\u00e9e, vous devez bien la concevoir et la prot\u00e9ger contre le soleil. Le chauffage et la climatisation seront \u00e9galement utiles au fil des saisons. D\u00e9couvrez quelle orientation convient le mieux \u00e0 une v\u00e9randa et comment la prot\u00e9ger au mieux contre le soleil.<\/p>\n","protected":false},"author":4,"featured_media":12340,"comment_status":"closed","ping_status":"closed","sticky":false,"template":"","format":"standard","meta":{"_acf_changed":false,"advgb_blocks_editor_width":"","advgb_blocks_columns_visual_guide":"","_daim_seo_power":"1000","_daim_enable_ail":"1","footnotes":""},"categories":[199],"tags":[],"class_list":["post-12724","post","type-post","status-publish","format-standard","has-post-thumbnail","hentry","category-conseils-et-manuels"],"acf":[],"aioseo_notices":[],"author_meta":{"display_name":"Miloslav Matou\u0161ek","author_link":"https:\/\/www.neva.eu\/fr\/author\/matousek\/"},"featured_img":"https:\/\/www.neva.eu\/wp-content\/uploads\/neva-jak-zastinit-zimni-zahradu.jpg","coauthors":[],"tax_additional":{"categories":{"linked":["<a href=\"https:\/\/www.neva.eu\/fr\/actualites\/categorie\/conseils-et-manuels\/\" class=\"advgb-post-tax-term\">Conseils et manuels<\/a>"],"unlinked":["<span class=\"advgb-post-tax-term\">Conseils et manuels<\/span>"]}},"comment_count":"0","relative_dates":{"created":"Publi\u00e9 5 years il y a","modified":"Mis \u00e0 jour 3 years il y a"},"absolute_dates":{"created":"Publi\u00e9 le 11. 3. 2021","modified":"Mise \u00e0 jour le 23. 1. 2023"},"absolute_dates_time":{"created":"Publi\u00e9 le 11. 3. 2021 10:12","modified":"Mise \u00e0 jour le 23. 1. 2023 12:04"},"featured_img_caption":"","series_order":"","_links":{"self":[{"href":"https:\/\/www.neva.eu\/fr\/wp-json\/wp\/v2\/posts\/12724","targetHints":{"allow":["GET"]}}],"collection":[{"href":"https:\/\/www.neva.eu\/fr\/wp-json\/wp\/v2\/posts"}],"about":[{"href":"https:\/\/www.neva.eu\/fr\/wp-json\/wp\/v2\/types\/post"}],"author":[{"embeddable":true,"href":"https:\/\/www.neva.eu\/fr\/wp-json\/wp\/v2\/users\/4"}],"replies":[{"embeddable":true,"href":"https:\/\/www.neva.eu\/fr\/wp-json\/wp\/v2\/comments?post=12724"}],"version-history":[{"count":1,"href":"https:\/\/www.neva.eu\/fr\/wp-json\/wp\/v2\/posts\/12724\/revisions"}],"predecessor-version":[{"id":20800,"href":"https:\/\/www.neva.eu\/fr\/wp-json\/wp\/v2\/posts\/12724\/revisions\/20800"}],"wp:featuredmedia":[{"embeddable":true,"href":"https:\/\/www.neva.eu\/fr\/wp-json\/wp\/v2\/media\/12340"}],"wp:attachment":[{"href":"https:\/\/www.neva.eu\/fr\/wp-json\/wp\/v2\/media?parent=12724"}],"wp:term":[{"taxonomy":"category","embeddable":true,"href":"https:\/\/www.neva.eu\/fr\/wp-json\/wp\/v2\/categories?post=12724"},{"taxonomy":"post_tag","embeddable":true,"href":"https:\/\/www.neva.eu\/fr\/wp-json\/wp\/v2\/tags?post=12724"}],"curies":[{"name":"wp","href":"https:\/\/api.w.org\/{rel}","templated":true}]}}