{"id":12461,"date":"2021-02-09T08:57:00","date_gmt":"2021-02-09T07:57:00","guid":{"rendered":"https:\/\/www.neva.eu\/non-classifiee\/quelle-est-la-meilleure-solution-pour-ombrager-un-balcon-ou-une-loggia-les-stores-toiles-sont-ideaux\/"},"modified":"2023-01-23T12:13:13","modified_gmt":"2023-01-23T11:13:13","slug":"quelle-est-la-meilleure-solution-pour-ombrager-un-balcon-ou-une-loggia-les-stores-toiles-sont-ideaux","status":"publish","type":"post","link":"https:\/\/www.neva.eu\/fr\/conseils-et-manuels\/quelle-est-la-meilleure-solution-pour-ombrager-un-balcon-ou-une-loggia-les-stores-toiles-sont-ideaux\/","title":{"rendered":"Quelle est la meilleure solution pour ombrager un balcon ou une loggia ? Les stores toiles sont id\u00e9aux"},"content":{"rendered":"        <section class=\"component component-gutenberg-heading typography my-1\">\n              \n<h2 class=\"wp-block-heading\">Les stores toiles ext\u00e9rieurs : une protection solaire id\u00e9ale pour les balcons et les loggias<\/h2>\n      <\/section>\n\n\n        <section class=\"component component-gutenberg-paragraph typography my-1\">\n              \n<p>Les <a href=\"https:\/\/www.neva.eu\/fr\/stores-toiles\/\" title>stores toiles <\/a>sont r\u00e9ellement la meilleure fa\u00e7on d\u2019ombrager vos balcons et loggias, notamment lorsqu\u2019ils ne sont pas vitr\u00e9s.<\/p>\n      <\/section>\n\n\n        <section class=\"component component-gutenberg-paragraph typography my-1\">\n              \n<p>Les <a href=\"https:\/\/www.neva.eu\/fr\/stores-toiles\/zipscreen\/\">zipscreens<\/a> tr\u00e8s appr\u00e9ci\u00e9s de NEVA sont par exemple propos\u00e9s jusqu\u2019\u00e0 une largeur de 6&nbsp;m\u00e8tres. Un seul store suffit donc souvent \u00e0&nbsp;<strong>prot\u00e9ger l\u2019ensemble de votre loggia du soleil<\/strong>.<\/p>\n      <\/section>\n\n\n        <section class=\"component component-gutenberg-paragraph typography my-1\">\n              \n<p>Les stores toiles sont aussi parfaits pour les balcons ou les loggias en verre o\u00f9 ils vous prot\u00e8gent des rayons du soleil tout <strong>en \u00e9vitant \u00e0&nbsp;votre int\u00e9rieur de se surchauffer<\/strong>. Cependant, \u00e0&nbsp;la diff\u00e9rence des stores \u00e0&nbsp;lamelles ext\u00e9rieurs, vous pouvez uniquement les mettre en position haute ou basse, ce qui offre un contr\u00f4le r\u00e9duit de l\u2019intensit\u00e9 de la lumi\u00e8re.<\/p>\n      <\/section>\n\n\n        <section class=\"component component-gutenberg-paragraph typography my-1\">\n              \n<p>Les stores toiles ext\u00e9rieurs peuvent \u00eatre fix\u00e9s \u00e0&nbsp;la construction de la loggia ou \u00e0&nbsp;l\u2019embrasure. Le grand choix de couleurs dans lesquelles ils sont propos\u00e9s vous garantissent une harmonie parfaite avec votre fa\u00e7ade et ils r\u00e9sistent tr\u00e8s bien au vent, ce qui vous permet aussi de les utiliser plus en hauteur.<\/p>\n      <\/section>\n\n\n        <section class=\"component component-gutenberg-paragraph typography my-1\">\n              \n<p><em>\u00ab&nbsp;Il est recommand\u00e9 de monter les stores toiles en version avec coulisses lat\u00e9rales fixes qui les rendent beaucoup plus r\u00e9sistants au vent&nbsp;\u00bb<\/em>, nous explique Martin Hejzlar, sp\u00e9cialiste protections solaires de la<a href=\"https:\/\/www.neva.eu\/fr\/trouver-un-revendeur\/\" target=\"_blank\" rel=\"noreferrer noopener\">soci\u00e9t\u00e9 MH<\/a> et l\u2019un<a href=\"https:\/\/www.neva.eu\/fr\/trouver-un-revendeur\/\" title>des nombreux partenaires de NEVA<\/a>.<\/p>\n      <\/section>\n\n\n        <section class=\"component component-gutenberg-image typography my-1\">\n              \n<figure class=\"wp-block-image size-large is-style-default advgb-dyn-abe6915b\"><img loading=\"lazy\" decoding=\"async\" width=\"1920\" height=\"960\" src=\"https:\/\/www.neva.eu\/wp-content\/uploads\/neva-jak-zastinit-balkon-nebo-lodzii-idealni-jsou-latkove-rolety-1.jpg\" alt class=\"wp-image-12183\" srcset=\"https:\/\/www.neva.eu\/wp-content\/uploads\/neva-jak-zastinit-balkon-nebo-lodzii-idealni-jsou-latkove-rolety-1.jpg 1920w, https:\/\/www.neva.eu\/wp-content\/uploads\/neva-jak-zastinit-balkon-nebo-lodzii-idealni-jsou-latkove-rolety-1-1536x768.jpg 1536w, https:\/\/www.neva.eu\/wp-content\/uploads\/neva-jak-zastinit-balkon-nebo-lodzii-idealni-jsou-latkove-rolety-1-1280x640.jpg 1280w, https:\/\/www.neva.eu\/wp-content\/uploads\/neva-jak-zastinit-balkon-nebo-lodzii-idealni-jsou-latkove-rolety-1-940x470.jpg 940w, https:\/\/www.neva.eu\/wp-content\/uploads\/neva-jak-zastinit-balkon-nebo-lodzii-idealni-jsou-latkove-rolety-1-758x379.jpg 758w, https:\/\/www.neva.eu\/wp-content\/uploads\/neva-jak-zastinit-balkon-nebo-lodzii-idealni-jsou-latkove-rolety-1-425x213.jpg 425w\" sizes=\"auto, (max-width: 1920px) 100vw, 1920px\" \/><figcaption class=\"wp-element-caption\">De par leur conception, les stores toiles ne prennent pas beaucoup de place au niveau de l\u2019\u00e9brasement et leur aspect est donc toujours d\u2019une grande \u00e9l\u00e9gance.<\/figcaption><\/figure>\n      <\/section>\n\n\n        <section class=\"component component-gutenberg-heading typography my-1\">\n              \n<h2 class=\"wp-block-heading\">Les stores \u00e0&nbsp;lamelles ext\u00e9rieurs<\/h2>\n      <\/section>\n\n\n        <section class=\"component component-gutenberg-paragraph typography my-1\">\n              \n<p>Les stores \u00e0&nbsp;lamelles ext\u00e9rieurs <strong>ne sont recommand\u00e9s que pour les balcons et loggias vitr\u00e9s<\/strong>, et uniquement dans les cas o\u00f9 il est possible de parfaitement les ancrer. En th\u00e9orie, vous pouvez \u00e9galement les installer sur un balcon non vitr\u00e9, mais vous devez savoir qu\u2019ils seront alors beaucoup plus facilement sujets \u00e0&nbsp;des dommages.<\/p>\n      <\/section>\n\n\n        <section class=\"component component-gutenberg-paragraph typography my-1\">\n              \n<p>Ombrager des grands balcons et loggias est particuli\u00e8rement difficile car la surface maximale d\u2019un store ext\u00e9rieur est de 20&nbsp;m\u00b2, c\u2019est-\u00e0-dire par exemple 5&#215;4 m\u00e8tres.<em> \u00ab&nbsp;Si un client souhaite installer des stores sur une plus grande surface, il doit \u00eatre conscient que l\u2019installation d\u2019une coulisse ou d\u2019une corde de guidage suppl\u00e9mentaire sera n\u00e9cessaire, ce qui sera visuellement moins \u00e9l\u00e9gant&nbsp;\u00bb,<\/em> compl\u00e8te encore Martin Hejzlar.<\/p>\n      <\/section>\n\n\n        <section class=\"component component-gutenberg-image typography my-1\">\n              \n<figure class=\"wp-block-image size-large is-style-default advgb-dyn-c4066568\"><img loading=\"lazy\" decoding=\"async\" width=\"1920\" height=\"960\" src=\"https:\/\/www.neva.eu\/wp-content\/uploads\/neva-jak-zastinit-balkon-nebo-lodzii-idealni-jsou-latkove-rolety-2.jpg\" alt class=\"wp-image-12189\" srcset=\"https:\/\/www.neva.eu\/wp-content\/uploads\/neva-jak-zastinit-balkon-nebo-lodzii-idealni-jsou-latkove-rolety-2.jpg 1920w, https:\/\/www.neva.eu\/wp-content\/uploads\/neva-jak-zastinit-balkon-nebo-lodzii-idealni-jsou-latkove-rolety-2-1536x768.jpg 1536w, https:\/\/www.neva.eu\/wp-content\/uploads\/neva-jak-zastinit-balkon-nebo-lodzii-idealni-jsou-latkove-rolety-2-1280x640.jpg 1280w, https:\/\/www.neva.eu\/wp-content\/uploads\/neva-jak-zastinit-balkon-nebo-lodzii-idealni-jsou-latkove-rolety-2-940x470.jpg 940w, https:\/\/www.neva.eu\/wp-content\/uploads\/neva-jak-zastinit-balkon-nebo-lodzii-idealni-jsou-latkove-rolety-2-758x379.jpg 758w, https:\/\/www.neva.eu\/wp-content\/uploads\/neva-jak-zastinit-balkon-nebo-lodzii-idealni-jsou-latkove-rolety-2-425x213.jpg 425w\" sizes=\"auto, (max-width: 1920px) 100vw, 1920px\" \/><figcaption class=\"wp-element-caption\">Le quartier r\u00e9sidentiel Vilapark d\u2019Olomouc n\u00e9cessite de par sa situation l\u2019installation de protections solaires sur les balcons.<\/figcaption><\/figure>\n      <\/section>\n\n\n        <section class=\"component component-gutenberg-heading typography my-1\">\n              \n<h2 class=\"wp-block-heading\">Le store-banne : une solution judicieuse pour les balcons non vitr\u00e9s<\/h2>\n      <\/section>\n\n\n        <section class=\"component component-gutenberg-paragraph typography my-1\">\n              \n<p>Le montage des stores ext\u00e9rieurs dont nous venons de parler est parfois tr\u00e8s compliqu\u00e9, voire impossible dans certaines situations : par exemple lorsque le balcon est trop grand ou que la conception ne permet pas l\u2019installation de syst\u00e8mes d\u2019ancrage.<\/p>\n      <\/section>\n\n\n        <section class=\"component component-gutenberg-paragraph typography my-1\">\n              \n<p>Si vous \u00eates dans un tel cas et que l\u2019installation d\u2019un store ext\u00e9rieur vous est fortement d\u00e9conseill\u00e9e, ou m\u00eame que le prix d\u2019un tel syst\u00e8me vous est difficilement abordable, vous pouvez aussi envisager l\u2019installation d\u2019un <strong>store-banne<\/strong>. Il ne sera pas aussi efficace que les stores toiles ou les stores \u00e0&nbsp;lamelles ext\u00e9rieurs, mais il vous permettra cependant d\u2019ombrager votre espace. Gardez pourtant \u00e0&nbsp;l\u2019esprit que vous ne pourrez pas le garder ouvert en cas de vents&nbsp;forts.<\/p>\n      <\/section>\n\n\n        <section class=\"component component-gutenberg-paragraph typography my-1\">\n              \n<p>Un store banne r\u00e9tractable est id\u00e9al, surtout <strong>pour les balcons totalement d\u00e9couverts<\/strong>. Il s\u2019installe le plus souvent directement sur la fa\u00e7ade. C\u2019est un tr\u00e8s bon protecteur solaire, surtout si vous choisissez une toile avec <strong>protection UV et faible facteur de transmission lumineuse<\/strong>.<\/p>\n      <\/section>\n\n\n        <section class=\"component component-gutenberg-image typography my-1\">\n              \n<figure class=\"wp-block-image size-large is-style-default advgb-dyn-b0f5002f\"><img loading=\"lazy\" decoding=\"async\" width=\"1920\" height=\"960\" src=\"https:\/\/www.neva.eu\/wp-content\/uploads\/neva-jak-zastinit-balkon-nebo-lodzii-idealni-jsou-latkove-rolety-3.jpg\" alt class=\"wp-image-12195\" srcset=\"https:\/\/www.neva.eu\/wp-content\/uploads\/neva-jak-zastinit-balkon-nebo-lodzii-idealni-jsou-latkove-rolety-3.jpg 1920w, https:\/\/www.neva.eu\/wp-content\/uploads\/neva-jak-zastinit-balkon-nebo-lodzii-idealni-jsou-latkove-rolety-3-1536x768.jpg 1536w, https:\/\/www.neva.eu\/wp-content\/uploads\/neva-jak-zastinit-balkon-nebo-lodzii-idealni-jsou-latkove-rolety-3-1280x640.jpg 1280w, https:\/\/www.neva.eu\/wp-content\/uploads\/neva-jak-zastinit-balkon-nebo-lodzii-idealni-jsou-latkove-rolety-3-940x470.jpg 940w, https:\/\/www.neva.eu\/wp-content\/uploads\/neva-jak-zastinit-balkon-nebo-lodzii-idealni-jsou-latkove-rolety-3-758x379.jpg 758w, https:\/\/www.neva.eu\/wp-content\/uploads\/neva-jak-zastinit-balkon-nebo-lodzii-idealni-jsou-latkove-rolety-3-425x213.jpg 425w\" sizes=\"auto, (max-width: 1920px) 100vw, 1920px\" \/><figcaption class=\"wp-element-caption\">Les stores bannes sont parfaits aussi pour ombrager une terrasse ou un balcon d\u00e9couvert sans vitrage.<\/figcaption><\/figure>\n      <\/section>\n\n\n        <section class=\"component component-gutenberg-heading typography my-1\">\n              \n<h2 class=\"wp-block-heading\">La protection solaire int\u00e9rieure : moins co\u00fbteuse, mais beaucoup moins protectrice contre la chaleur<\/h2>\n      <\/section>\n\n\n        <section class=\"component component-gutenberg-paragraph typography my-1\">\n              \n<p>Une autre fa\u00e7on de prot\u00e9ger vos balcons et loggias vitr\u00e9s est l\u2019installation d\u2019une protection solaire int\u00e9rieure classique qui vous permettra d\u2019<strong>ombrager votre int\u00e9rieur<\/strong>. La plupart des rayons du soleil continueront cependant de p\u00e9n\u00e9trer et il fera donc toujours chaud dans votre loggia. Alors, choisissez un syst\u00e8me d\u2019ombrage int\u00e9rieur lorsque vous n\u2019avez r\u00e9ellement aucun autre&nbsp;choix.<\/p>\n      <\/section>\n\n\n        <section class=\"component component-gutenberg-paragraph typography my-1\">\n              \n<p><em>\u00ab&nbsp;Dans un tel cas, nous conseillons g\u00e9n\u00e9ralement \u00e0&nbsp;nos clients d\u2019opter pour des stores d\u2019int\u00e9rieur \u00e0&nbsp;toile occultante qui freinent au maximum les rayons du soleil et donc la chaleur&nbsp;\u00bb, <\/em>conclut Martin Hejzlar.<\/p>\n      <\/section>\n\n\n        <section class=\"component component-gutenberg-paragraph typography my-1\">\n              \n<p>Les autres types de protections solaires int\u00e9rieures, comme les stores v\u00e9nitiens, les stores verticaux, les rideaux et les stores pliss\u00e9s, ne sont pas r\u00e9ellement conseill\u00e9s.<\/p>\n      <\/section>\n\n\n        <section class=\"component component-gutenberg-paragraph typography my-1\">\n              \n<p>M\u00eame si correctement ombrager un balcon ou une loggia peut s\u2019av\u00e9rer compliqu\u00e9, l\u2019atmosph\u00e8re que vous y&nbsp;cr\u00e9erez en vaut r\u00e9ellement la peine. Si vous souhaitez constater les r\u00e9sultats d\u2019un tel ombrage, n\u2019h\u00e9sitez pas \u00e0&nbsp;contacter l\u2019un de <a href=\"https:\/\/www.neva.eu\/fr\/trouver-un-revendeur\/\" title>nos partenaires<\/a> qui se fera un plaisir de vous le montrer.<\/p>\n      <\/section>\n","protected":false},"excerpt":{"rendered":"<p>Pendant la p\u00e9riode estivale, les balcons et loggias ont souvent tendance \u00e0 se transformer en sauna. Lisez cet article pour d\u00e9couvrir pourquoi les protections solaires ext\u00e9rieures sont les mieux adapt\u00e9es pour les balcons et les loggias, quelles sont les situations o\u00f9 il est bon d\u2019envisager l\u2019installation d&#8217;un store-banne et quand des stores int\u00e9rieurs totalement occultants sont ce qu\u2019il y a de mieux.<\/p>\n","protected":false},"author":10,"featured_media":12179,"comment_status":"closed","ping_status":"closed","sticky":false,"template":"","format":"standard","meta":{"_acf_changed":false,"advgb_blocks_editor_width":"","advgb_blocks_columns_visual_guide":"","_daim_seo_power":"1000","_daim_enable_ail":"1","footnotes":""},"categories":[199],"tags":[],"class_list":["post-12461","post","type-post","status-publish","format-standard","has-post-thumbnail","hentry","category-conseils-et-manuels"],"acf":[],"aioseo_notices":[],"author_meta":{"display_name":"Luk\u00e1\u0161 Musil","author_link":"https:\/\/www.neva.eu\/fr\/author\/musil\/"},"featured_img":"https:\/\/www.neva.eu\/wp-content\/uploads\/neva-jak-zastinit-balkon-nebo-lodzii-idealni-jsou-latkove-rolety.jpg","coauthors":[],"tax_additional":{"categories":{"linked":["<a href=\"https:\/\/www.neva.eu\/fr\/actualites\/categorie\/conseils-et-manuels\/\" class=\"advgb-post-tax-term\">Conseils et manuels<\/a>"],"unlinked":["<span class=\"advgb-post-tax-term\">Conseils et manuels<\/span>"]}},"comment_count":"0","relative_dates":{"created":"Publi\u00e9 5 years il y a","modified":"Mis \u00e0 jour 3 years il y a"},"absolute_dates":{"created":"Publi\u00e9 le 9. 2. 2021","modified":"Mise \u00e0 jour le 23. 1. 2023"},"absolute_dates_time":{"created":"Publi\u00e9 le 9. 2. 2021 8:57","modified":"Mise \u00e0 jour le 23. 1. 2023 12:13"},"featured_img_caption":"","series_order":"","_links":{"self":[{"href":"https:\/\/www.neva.eu\/fr\/wp-json\/wp\/v2\/posts\/12461","targetHints":{"allow":["GET"]}}],"collection":[{"href":"https:\/\/www.neva.eu\/fr\/wp-json\/wp\/v2\/posts"}],"about":[{"href":"https:\/\/www.neva.eu\/fr\/wp-json\/wp\/v2\/types\/post"}],"author":[{"embeddable":true,"href":"https:\/\/www.neva.eu\/fr\/wp-json\/wp\/v2\/users\/10"}],"replies":[{"embeddable":true,"href":"https:\/\/www.neva.eu\/fr\/wp-json\/wp\/v2\/comments?post=12461"}],"version-history":[{"count":1,"href":"https:\/\/www.neva.eu\/fr\/wp-json\/wp\/v2\/posts\/12461\/revisions"}],"predecessor-version":[{"id":20804,"href":"https:\/\/www.neva.eu\/fr\/wp-json\/wp\/v2\/posts\/12461\/revisions\/20804"}],"wp:featuredmedia":[{"embeddable":true,"href":"https:\/\/www.neva.eu\/fr\/wp-json\/wp\/v2\/media\/12179"}],"wp:attachment":[{"href":"https:\/\/www.neva.eu\/fr\/wp-json\/wp\/v2\/media?parent=12461"}],"wp:term":[{"taxonomy":"category","embeddable":true,"href":"https:\/\/www.neva.eu\/fr\/wp-json\/wp\/v2\/categories?post=12461"},{"taxonomy":"post_tag","embeddable":true,"href":"https:\/\/www.neva.eu\/fr\/wp-json\/wp\/v2\/tags?post=12461"}],"curies":[{"name":"wp","href":"https:\/\/api.w.org\/{rel}","templated":true}]}}