{"id":12447,"date":"2020-11-27T08:12:00","date_gmt":"2020-11-27T07:12:00","guid":{"rendered":"https:\/\/www.neva.eu\/non-classifiee\/neva-sagrandit-nous-venons-de-commencer-la-construction-dun-nouveau-batiment-de-production\/"},"modified":"2021-03-09T14:47:50","modified_gmt":"2021-03-09T13:47:50","slug":"neva-sagrandit-nous-venons-de-commencer-la-construction-dun-nouveau-batiment-de-production","status":"publish","type":"post","link":"https:\/\/www.neva.eu\/fr\/nouveautes\/neva-sagrandit-nous-venons-de-commencer-la-construction-dun-nouveau-batiment-de-production\/","title":{"rendered":"NEVA s\u2019agrandit\u00a0: nous venons de commencer la construction d\u2019un nouveau b\u00e2timent de production"},"content":{"rendered":"        <section class=\"component component-gutenberg-heading typography my-1\">\n              \n<h2 class=\"wp-block-heading\">Nouveau b\u00e2timent de production : nous avons \u00e0&nbsp;nouveau fait de nouvelles d\u00e9couvertes arch\u00e9ologiques<\/h2>\n      <\/section>\n        <section class=\"component component-gutenberg-paragraph typography my-1\">\n              \n<p>Ce nouveau b\u00e2timent de production se trouve juste \u00e0&nbsp;c\u00f4t\u00e9 de <strong>notre atelier de peinture<\/strong> auquel il sera d\u2019ailleurs reli\u00e9. Il accueillera certains processus de production actuellement existants ainsi que la production de notre tout nouveau produit. Il sera <strong>totalement diff\u00e9rent <\/strong> de tous nos autres b\u00e2timents car il s\u2019\u00e9tendra sur une surface de 2&nbsp;300&nbsp;m\u00b2 et n\u2019aura <strong>aucune colonne<\/strong> de support : l\u2019espace int\u00e9rieur y&nbsp;sera totalement optimis\u00e9.&nbsp;<\/p>\n      <\/section>\n        <section class=\"component component-gutenberg-paragraph typography my-1\">\n              \n<p>Des arch\u00e9ologues sont intervenus sur le lieu de construction avant le d\u00e9but des travaux. Ils ont \u00e0&nbsp;nouveau d\u00e9couvert de nouvelles preuves de l\u2019existence du hameau<strong> Rakouska<\/strong>, ce qui n\u2019a fait que confirmer les d\u00e9couvertes d\u00e9j\u00e0 faites auparavant sur notre site. Le chantier a&nbsp;\u00e9t\u00e9 dirig\u00e9 par l\u2019arch\u00e9ologue Pavel Fojt\u00edk qui est d\u00e9j\u00e0 riche d\u2019une tr\u00e8s grande exp\u00e9rience dans les fouilles arch\u00e9ologiques de la zone industrielle de Prost\u011bjov.<\/p>\n      <\/section>\n        <section class=\"component component-gutenberg-paragraph typography my-1\">\n              \n<p>\u00ab&nbsp;<em>Les analyses effectu\u00e9es avec le d\u00e9tecteur de m\u00e9taux ont apport\u00e9 des r\u00e9sultats tr\u00e8s int\u00e9ressants, nous avons ainsi trouv\u00e9  <\/em><strong><em>une aiguille en bronze<\/em><\/strong><em> datant de la fin de l\u2019\u00e2ge de bronze. C\u2019est la premi\u00e8re d\u00e9couverte ainsi dat\u00e9e dans la r\u00e9gion de Kralicky h\u00e1j&nbsp;\u00bb,<\/em> nous a&nbsp;expliqu\u00e9 Monsieur Fojt\u00edk.<\/p>\n      <\/section>\n        <section class=\"component component-gutenberg-paragraph typography my-1\">\n              \n<p>Les travaux de construction ont maintenant pu commencer et si tout se d\u00e9roule comme pr\u00e9vu, nous devrions pouvoir ouvrir notre b\u00e2timent de production en mai&nbsp;2021.<\/p>\n      <\/section>\n        <section class=\"component component-gutenberg-heading typography my-1\">\n              \n<h2 class=\"wp-block-heading\">Les fondations du centre de formation sont termin\u00e9es<\/h2>\n      <\/section>\n        <section class=\"component component-gutenberg-paragraph typography my-1\">\n              \n<p>La construction du centre de formation progresse rapidement. Vous pouvez d\u2019ailleurs suivre son \u00e9volution gr\u00e2ce \u00e0&nbsp;notre vid\u00e9o qui illustre presque cinq mois de travail.<\/p>\n      <\/section>\n\n<div class=\"wp-block-advgb-video advgb-video-block full-width advgb-video-lightbox\" data-video=\"https:\/\/www.youtube.com\/embed\/tmARK9WMHeU?rel=0&amp;wmode=transparent\" data-source=\"youtube\" data-video-attr=\"controls,playsinline\" data-video-preload=\"metadata\"><div class=\"advgb-video-wrapper full-width\" style=\"background-color:#EEEEEE\"><div class=\"advgb-video-poster\" style=\"background-image:url(https:\/\/www.neva.eu\/wp-content\/uploads\/neva-stavba-nove-vyrobni-haly-video.jpg)\"><\/div><div class=\"advgb-button-wrapper\" style=\"height:450px\"><div class=\"advgb-play-button\" style=\"color:#fff\"><svg xmlns=\"http:\/\/www.w3.org\/2000\/svg\" width=\"80\" height=\"80\" viewbox=\"0 0 24 24\"><path d=\"M8 5v14l11-7z\"><\/path><path d=\"M0 0h24v24H0z\" fill=\"none\"><\/path><\/svg><\/div><\/div><\/div><\/div>\n        <section class=\"component component-gutenberg-paragraph typography my-1\">\n              \n<p><\/p>\n      <\/section>\n        <section class=\"component component-gutenberg-paragraph typography my-1\">\n              \n<p>Nous vous montrerons bient\u00f4t comment \u00e9voluent les travaux de notre nouveau b\u00e2timent de production et nous vous ferons aussi d\u00e9couvrir l\u2019int\u00e9rieur de notre centre de formation.<\/p>\n      <\/section>\n","protected":false},"excerpt":{"rendered":"<p>La soci\u00e9t\u00e9 NEVA est toujours en action. Nous avons r\u00e9cemment lanc\u00e9 la construction d&#8217;un centre de formation dans lequel nous installerons notre nouveau hall d\u2019exposition. Et nous d\u00e9marrons d\u00e9sormais un projet encore plus grand : la construction d&#8217;un nouveau b\u00e2timent de production. Lisez notre article pour suivre l\u2019\u00e9volution des travaux et d\u00e9couvrir ce que les arch\u00e9ologues ont d\u00e9couvert.<\/p>\n","protected":false},"author":9,"featured_media":10885,"comment_status":"closed","ping_status":"closed","sticky":false,"template":"","format":"standard","meta":{"_acf_changed":false,"advgb_blocks_editor_width":"","advgb_blocks_columns_visual_guide":"","_daim_seo_power":"","_daim_enable_ail":"","footnotes":""},"categories":[198,202],"tags":[],"class_list":["post-12447","post","type-post","status-publish","format-standard","has-post-thumbnail","hentry","category-nouveautes","category-la-vie-de-neva"],"acf":[],"aioseo_notices":[],"author_meta":{"display_name":"Kate\u0159ina Musilov\u00e1","author_link":"https:\/\/www.neva.eu\/fr\/author\/vranova\/"},"featured_img":"https:\/\/www.neva.eu\/wp-content\/uploads\/neva-stavba-nove-vyrobni-haly.jpg","coauthors":[],"tax_additional":{"categories":{"linked":["<a href=\"https:\/\/www.neva.eu\/fr\/actualites\/categorie\/nouveautes\/\" class=\"advgb-post-tax-term\">Nouveaut\u00e9s<\/a>","<a href=\"https:\/\/www.neva.eu\/fr\/actualites\/categorie\/la-vie-de-neva\/\" class=\"advgb-post-tax-term\">La vie de NEVA<\/a>"],"unlinked":["<span class=\"advgb-post-tax-term\">Nouveaut\u00e9s<\/span>","<span class=\"advgb-post-tax-term\">La vie de NEVA<\/span>"]}},"comment_count":"0","relative_dates":{"created":"Publi\u00e9 5 years il y a","modified":"Mis \u00e0 jour 5 years il y a"},"absolute_dates":{"created":"Publi\u00e9 le 27. 11. 2020","modified":"Mise \u00e0 jour le 9. 3. 2021"},"absolute_dates_time":{"created":"Publi\u00e9 le 27. 11. 2020 8:12","modified":"Mise \u00e0 jour le 9. 3. 2021 14:47"},"featured_img_caption":"","series_order":"","_links":{"self":[{"href":"https:\/\/www.neva.eu\/fr\/wp-json\/wp\/v2\/posts\/12447","targetHints":{"allow":["GET"]}}],"collection":[{"href":"https:\/\/www.neva.eu\/fr\/wp-json\/wp\/v2\/posts"}],"about":[{"href":"https:\/\/www.neva.eu\/fr\/wp-json\/wp\/v2\/types\/post"}],"author":[{"embeddable":true,"href":"https:\/\/www.neva.eu\/fr\/wp-json\/wp\/v2\/users\/9"}],"replies":[{"embeddable":true,"href":"https:\/\/www.neva.eu\/fr\/wp-json\/wp\/v2\/comments?post=12447"}],"version-history":[{"count":0,"href":"https:\/\/www.neva.eu\/fr\/wp-json\/wp\/v2\/posts\/12447\/revisions"}],"wp:featuredmedia":[{"embeddable":true,"href":"https:\/\/www.neva.eu\/fr\/wp-json\/wp\/v2\/media\/10885"}],"wp:attachment":[{"href":"https:\/\/www.neva.eu\/fr\/wp-json\/wp\/v2\/media?parent=12447"}],"wp:term":[{"taxonomy":"category","embeddable":true,"href":"https:\/\/www.neva.eu\/fr\/wp-json\/wp\/v2\/categories?post=12447"},{"taxonomy":"post_tag","embeddable":true,"href":"https:\/\/www.neva.eu\/fr\/wp-json\/wp\/v2\/tags?post=12447"}],"curies":[{"name":"wp","href":"https:\/\/api.w.org\/{rel}","templated":true}]}}