{"id":4313,"date":"2018-06-06T13:28:35","date_gmt":"2018-06-06T11:28:35","guid":{"rendered":"https:\/\/www.neva.eu\/uncategorized\/we-make-a-custom-case-for-each-product\/"},"modified":"2019-09-20T17:01:25","modified_gmt":"2019-09-20T15:01:25","slug":"we-make-a-custom-case-for-each-product","status":"publish","type":"post","link":"https:\/\/www.neva.eu\/en\/product-news\/we-make-a-custom-case-for-each-product\/","title":{"rendered":"We make a custom case for each product"},"content":{"rendered":"<p>They were accompanied through production by Director Ji\u0159\u00ed Nesvadb\u00edk and Ji\u0159\u00ed Hlavka of Packung, which is the supplier of our Compack Evo 2.5 formatting machine.<\/p>\n<p>If you would like to know more about how we custom make the case for each product, read the <a href=\"https:\/\/www.neva.eu\/wp-content\/uploads\/neva-packaging-4-2018.pdf\">whole article in the Packaging Magazine<\/a>.<\/p>\n<p><img loading=\"lazy\" decoding=\"async\" width=\"1920\" height=\"1280\" class=\"alignleft wp-image-717 size-full\" src=\"https:\/\/www.neva.eu\/wp-content\/uploads\/neva-krabice-na-miru-2-e1559822307300.jpg\" alt=\"\" \/><\/p>\n<p><img loading=\"lazy\" decoding=\"async\" width=\"1920\" height=\"1280\" class=\"alignleft wp-image-718 size-full\" src=\"https:\/\/www.neva.eu\/wp-content\/uploads\/neva-krabice-na-miru-4-e1559822346576.jpg\" alt=\"\" \/><\/p>\n","protected":false},"excerpt":{"rendered":"<p>We devote thorough care to our products not only in production, but also during packaging. The editors of the Packaging professional magazine came to see for themselves.<\/p>\n","protected":false},"author":4,"featured_media":2333,"comment_status":"open","ping_status":"closed","sticky":false,"template":"","format":"standard","meta":{"_acf_changed":false,"advgb_blocks_editor_width":"","advgb_blocks_columns_visual_guide":"","_daim_seo_power":"","_daim_enable_ail":"","footnotes":""},"categories":[122],"tags":[],"class_list":["post-4313","post","type-post","status-publish","format-standard","has-post-thumbnail","hentry","category-product-news"],"acf":[],"aioseo_notices":[],"author_meta":{"display_name":"Miloslav Matou\u0161ek","author_link":"https:\/\/www.neva.eu\/en\/author\/matousek\/"},"featured_img":"https:\/\/www.neva.eu\/wp-content\/uploads\/neva-balici-linka-krabice-na-miru.jpg","coauthors":[],"tax_additional":{"categories":{"linked":["<a href=\"https:\/\/www.neva.eu\/en\/news\/category\/product-news\/\" class=\"advgb-post-tax-term\">Product news<\/a>"],"unlinked":["<span class=\"advgb-post-tax-term\">Product news<\/span>"]}},"comment_count":"0","relative_dates":{"created":"Posted 8 years ago","modified":"Updated 7 years ago"},"absolute_dates":{"created":"Posted on 6. 6. 2018","modified":"Updated on 20. 9. 2019"},"absolute_dates_time":{"created":"Posted on 6. 6. 2018 13:28","modified":"Updated on 20. 9. 2019 17:01"},"featured_img_caption":"","series_order":"","_links":{"self":[{"href":"https:\/\/www.neva.eu\/en\/wp-json\/wp\/v2\/posts\/4313","targetHints":{"allow":["GET"]}}],"collection":[{"href":"https:\/\/www.neva.eu\/en\/wp-json\/wp\/v2\/posts"}],"about":[{"href":"https:\/\/www.neva.eu\/en\/wp-json\/wp\/v2\/types\/post"}],"author":[{"embeddable":true,"href":"https:\/\/www.neva.eu\/en\/wp-json\/wp\/v2\/users\/4"}],"replies":[{"embeddable":true,"href":"https:\/\/www.neva.eu\/en\/wp-json\/wp\/v2\/comments?post=4313"}],"version-history":[{"count":0,"href":"https:\/\/www.neva.eu\/en\/wp-json\/wp\/v2\/posts\/4313\/revisions"}],"wp:featuredmedia":[{"embeddable":true,"href":"https:\/\/www.neva.eu\/en\/wp-json\/wp\/v2\/media\/2333"}],"wp:attachment":[{"href":"https:\/\/www.neva.eu\/en\/wp-json\/wp\/v2\/media?parent=4313"}],"wp:term":[{"taxonomy":"category","embeddable":true,"href":"https:\/\/www.neva.eu\/en\/wp-json\/wp\/v2\/categories?post=4313"},{"taxonomy":"post_tag","embeddable":true,"href":"https:\/\/www.neva.eu\/en\/wp-json\/wp\/v2\/tags?post=4313"}],"curies":[{"name":"wp","href":"https:\/\/api.w.org\/{rel}","templated":true}]}}