{"id":4068,"date":"2018-04-06T14:13:54","date_gmt":"2018-04-06T12:13:54","guid":{"rendered":"https:\/\/www.neva.eu\/uncategorized\/we-were-successful-at-the-rt-2018-trade-fair-in-stuttgart\/"},"modified":"2019-09-20T17:01:25","modified_gmt":"2019-09-20T15:01:25","slug":"we-were-successful-at-the-rt-2018-trade-fair-in-stuttgart","status":"publish","type":"post","link":"https:\/\/www.neva.eu\/en\/product-news\/we-were-successful-at-the-rt-2018-trade-fair-in-stuttgart\/","title":{"rendered":"We were successful at the R+T 2018 trade fair in Stuttgart"},"content":{"rendered":"<p>At this year\u2019s exhibition, we presented the current product portfolio and a large number of new products, particularly:<\/p>\n<ul>\n<li>the integrated rolling net,<\/li>\n<li>fa\u00e7ade system in angular design,<\/li>\n<li>new order system allowing automatic calculation,<\/li>\n<li>smart phone application for technical support,<\/li>\n<li>new motors and control systems,<\/li>\n<li>solutions to increase the strength of the self-bearing systems<\/li>\n<li>and new technical manuals in 4 language versions.<\/li>\n<\/ul>\n<p>We extend our thanks to all who visited us at our booth in Stuttgart. This year, the number of visitors was so large that our retailers stood in queues.<\/p>\n<p><strong>The trade fair was visited by more than 65,500 people from 140 countries from February 27th to March 3rd, 2018. The number of exhibitors increased from 888 in 2015 to this year\u2019s 1,027. Their boots spread over an exhibition area of 120,000 square metres.<\/strong><\/p>\n<p>We would like to meet you again in three years\u2019 time. Till then, we look forward to working together.<\/p>\n<p><img loading=\"lazy\" decoding=\"async\" width=\"1920\" height=\"1272\" class=\"alignleft size-full wp-image-829\" src=\"https:\/\/www.neva.eu\/wp-content\/uploads\/dsc-0089-upraveno.jpg\" alt=\"\" srcset=\"https:\/\/www.neva.eu\/wp-content\/uploads\/dsc-0089-upraveno.jpg 1920w, https:\/\/www.neva.eu\/wp-content\/uploads\/dsc-0089-upraveno-1280x848.jpg 1280w, https:\/\/www.neva.eu\/wp-content\/uploads\/dsc-0089-upraveno-940x623.jpg 940w, https:\/\/www.neva.eu\/wp-content\/uploads\/dsc-0089-upraveno-758x502.jpg 758w, https:\/\/www.neva.eu\/wp-content\/uploads\/dsc-0089-upraveno-425x282.jpg 425w\" sizes=\"auto, (max-width: 1920px) 100vw, 1920px\" \/><br \/>\n<img loading=\"lazy\" decoding=\"async\" width=\"1920\" height=\"1272\" class=\"alignleft size-full wp-image-830\" src=\"https:\/\/www.neva.eu\/wp-content\/uploads\/dsc-0103-upraveno.jpg\" alt=\"\" srcset=\"https:\/\/www.neva.eu\/wp-content\/uploads\/dsc-0103-upraveno.jpg 1920w, https:\/\/www.neva.eu\/wp-content\/uploads\/dsc-0103-upraveno-1280x848.jpg 1280w, https:\/\/www.neva.eu\/wp-content\/uploads\/dsc-0103-upraveno-940x623.jpg 940w, https:\/\/www.neva.eu\/wp-content\/uploads\/dsc-0103-upraveno-758x502.jpg 758w, https:\/\/www.neva.eu\/wp-content\/uploads\/dsc-0103-upraveno-425x282.jpg 425w\" sizes=\"auto, (max-width: 1920px) 100vw, 1920px\" \/><br \/>\n<img loading=\"lazy\" decoding=\"async\" width=\"1920\" height=\"1272\" class=\"alignleft size-full wp-image-831\" src=\"https:\/\/www.neva.eu\/wp-content\/uploads\/dsc-0112-upraveno.jpg\" alt=\"\" srcset=\"https:\/\/www.neva.eu\/wp-content\/uploads\/dsc-0112-upraveno.jpg 1920w, https:\/\/www.neva.eu\/wp-content\/uploads\/dsc-0112-upraveno-1280x848.jpg 1280w, https:\/\/www.neva.eu\/wp-content\/uploads\/dsc-0112-upraveno-940x623.jpg 940w, https:\/\/www.neva.eu\/wp-content\/uploads\/dsc-0112-upraveno-758x502.jpg 758w, https:\/\/www.neva.eu\/wp-content\/uploads\/dsc-0112-upraveno-425x282.jpg 425w\" sizes=\"auto, (max-width: 1920px) 100vw, 1920px\" \/><br \/>\n<img loading=\"lazy\" decoding=\"async\" width=\"1920\" height=\"1272\" class=\"alignleft size-full wp-image-832\" src=\"https:\/\/www.neva.eu\/wp-content\/uploads\/dsc-0115-upraveno.jpg\" alt=\"\" srcset=\"https:\/\/www.neva.eu\/wp-content\/uploads\/dsc-0115-upraveno.jpg 1920w, https:\/\/www.neva.eu\/wp-content\/uploads\/dsc-0115-upraveno-1280x848.jpg 1280w, https:\/\/www.neva.eu\/wp-content\/uploads\/dsc-0115-upraveno-940x623.jpg 940w, https:\/\/www.neva.eu\/wp-content\/uploads\/dsc-0115-upraveno-758x502.jpg 758w, https:\/\/www.neva.eu\/wp-content\/uploads\/dsc-0115-upraveno-425x282.jpg 425w\" sizes=\"auto, (max-width: 1920px) 100vw, 1920px\" \/><br \/>\n<img loading=\"lazy\" decoding=\"async\" width=\"1920\" height=\"1272\" class=\"alignleft size-full wp-image-833\" src=\"https:\/\/www.neva.eu\/wp-content\/uploads\/dsc-0138-upraveno.jpg\" alt=\"\" srcset=\"https:\/\/www.neva.eu\/wp-content\/uploads\/dsc-0138-upraveno.jpg 1920w, https:\/\/www.neva.eu\/wp-content\/uploads\/dsc-0138-upraveno-1280x848.jpg 1280w, https:\/\/www.neva.eu\/wp-content\/uploads\/dsc-0138-upraveno-940x623.jpg 940w, https:\/\/www.neva.eu\/wp-content\/uploads\/dsc-0138-upraveno-758x502.jpg 758w, https:\/\/www.neva.eu\/wp-content\/uploads\/dsc-0138-upraveno-425x282.jpg 425w\" sizes=\"auto, (max-width: 1920px) 100vw, 1920px\" \/><br \/>\n<img loading=\"lazy\" decoding=\"async\" width=\"1920\" height=\"1272\" class=\"alignleft size-full wp-image-834\" src=\"https:\/\/www.neva.eu\/wp-content\/uploads\/dsc-0142-upraveno.jpg\" alt=\"\" srcset=\"https:\/\/www.neva.eu\/wp-content\/uploads\/dsc-0142-upraveno.jpg 1920w, https:\/\/www.neva.eu\/wp-content\/uploads\/dsc-0142-upraveno-1280x848.jpg 1280w, https:\/\/www.neva.eu\/wp-content\/uploads\/dsc-0142-upraveno-940x623.jpg 940w, https:\/\/www.neva.eu\/wp-content\/uploads\/dsc-0142-upraveno-758x502.jpg 758w, https:\/\/www.neva.eu\/wp-content\/uploads\/dsc-0142-upraveno-425x282.jpg 425w\" sizes=\"auto, (max-width: 1920px) 100vw, 1920px\" \/><\/p>\n","protected":false},"excerpt":{"rendered":"<p>R+T in Stuttgart is the leading world trade fair for sun protection systems. Every three years, the companies that manufacture and sell blinds, garage doors, gates or interior and external sun protection systems meet here. It is the best-known and most visited trade fair in its field, and for this reason, we had to be on hand.<\/p>\n","protected":false},"author":4,"featured_media":2353,"comment_status":"open","ping_status":"closed","sticky":false,"template":"","format":"standard","meta":{"_acf_changed":false,"advgb_blocks_editor_width":"","advgb_blocks_columns_visual_guide":"","_daim_seo_power":"","_daim_enable_ail":"","footnotes":""},"categories":[122],"tags":[],"class_list":["post-4068","post","type-post","status-publish","format-standard","has-post-thumbnail","hentry","category-product-news"],"acf":[],"aioseo_notices":[],"aioseo_head":"\n\t\t<!-- All in One SEO Pro 5.0.1 - aioseo.com -->\n\t<meta name=\"description\" content=\"At this year\u2019s exhibition, we presented the current product portfolio and a large number of new products, particularly: the integrated rolling net, fa\u00e7ade system in angular design, new order system allowing automatic calculation, smart phone application for technical support, new motors and control systems, solutions to increase the strength of the self-bearing systems and new\" \/>\n\t<meta name=\"robots\" content=\"max-image-preview:large\" \/>\n\t<meta name=\"author\" content=\"Miloslav Matou\u0161ek\"\/>\n\t<link rel=\"canonical\" href=\"https:\/\/www.neva.eu\/en\/product-news\/we-were-successful-at-the-rt-2018-trade-fair-in-stuttgart\/\" \/>\n\t<meta name=\"generator\" content=\"All in One SEO Pro (AIOSEO) 5.0.1\" \/>\n\n\t\t<meta name=\"facebook-domain-verification\" content=\"l52s6ngz14wm1hk29qnhhp9zt0uj98\" \/>\n\t\t<meta property=\"og:locale\" content=\"en_US\" \/>\n\t\t<meta property=\"og:site_name\" content=\"\u017daluzie NEVA | Kvalita, kterou pozn\u00e1te i po desetilet\u00edch\" \/>\n\t\t<meta property=\"og:type\" content=\"article\" \/>\n\t\t<meta property=\"og:title\" content=\"We were successful at the R+T 2018 trade fair in Stuttgart | NEVA\" \/>\n\t\t<meta property=\"og:description\" content=\"At this year\u2019s exhibition, we presented the current product portfolio and a large number of new products, particularly: the integrated rolling net, fa\u00e7ade system in angular design, new order system allowing automatic calculation, smart phone application for technical support, new motors and control systems, solutions to increase the strength of the self-bearing systems and new\" \/>\n\t\t<meta property=\"og:url\" content=\"https:\/\/www.neva.eu\/en\/product-news\/we-were-successful-at-the-rt-2018-trade-fair-in-stuttgart\/\" \/>\n\t\t<meta property=\"og:image\" content=\"https:\/\/www.neva.eu\/wp-content\/uploads\/neva-r-t-stuttgart-2018.jpg\" \/>\n\t\t<meta property=\"og:image:secure_url\" content=\"https:\/\/www.neva.eu\/wp-content\/uploads\/neva-r-t-stuttgart-2018.jpg\" \/>\n\t\t<meta property=\"og:image:width\" content=\"1920\" \/>\n\t\t<meta property=\"og:image:height\" content=\"1280\" \/>\n\t\t<meta property=\"article:published_time\" content=\"2018-04-06T12:13:54+00:00\" \/>\n\t\t<meta property=\"article:modified_time\" content=\"2019-09-20T15:01:25+00:00\" \/>\n\t\t<meta property=\"article:publisher\" content=\"https:\/\/www.facebook.com\/neva.eu\" \/>\n\t\t<meta name=\"twitter:card\" content=\"summary_large_image\" \/>\n\t\t<meta name=\"twitter:title\" content=\"We were successful at the R+T 2018 trade fair in Stuttgart | NEVA\" \/>\n\t\t<meta name=\"twitter:description\" content=\"At this year\u2019s exhibition, we presented the current product portfolio and a large number of new products, particularly: the integrated rolling net, fa\u00e7ade system in angular design, new order system allowing automatic calculation, smart phone application for technical support, new motors and control systems, solutions to increase the strength of the self-bearing systems and new\" \/>\n\t\t<meta name=\"twitter:image\" content=\"https:\/\/www.neva.eu\/wp-content\/uploads\/neva-r-t-stuttgart-2018.jpg\" \/>\n\t\t<script type=\"application\/ld+json\" class=\"aioseo-schema\">\n\t\t\t{\"@context\":\"https:\\\/\\\/schema.org\",\"@graph\":[{\"@type\":\"Article\",\"@id\":\"https:\\\/\\\/www.neva.eu\\\/en\\\/product-news\\\/we-were-successful-at-the-rt-2018-trade-fair-in-stuttgart\\\/#article\",\"name\":\"We were successful at the R+T 2018 trade fair in Stuttgart | NEVA\",\"headline\":\"We were successful at the R+T 2018 trade fair in Stuttgart\",\"author\":{\"@id\":\"https:\\\/\\\/www.neva.eu\\\/en\\\/author\\\/matousek\\\/#author\"},\"publisher\":{\"@id\":\"https:\\\/\\\/www.neva.eu\\\/en\\\/#organization\"},\"image\":{\"@type\":\"ImageObject\",\"url\":\"https:\\\/\\\/www.neva.eu\\\/wp-content\\\/uploads\\\/neva-r-t-stuttgart-2018.jpg\",\"width\":1920,\"height\":1280},\"datePublished\":\"2018-04-06T14:13:54+02:00\",\"dateModified\":\"2019-09-20T17:01:25+02:00\",\"inLanguage\":\"en-US\",\"mainEntityOfPage\":{\"@id\":\"https:\\\/\\\/www.neva.eu\\\/en\\\/product-news\\\/we-were-successful-at-the-rt-2018-trade-fair-in-stuttgart\\\/#webpage\"},\"isPartOf\":{\"@id\":\"https:\\\/\\\/www.neva.eu\\\/en\\\/product-news\\\/we-were-successful-at-the-rt-2018-trade-fair-in-stuttgart\\\/#webpage\"},\"articleSection\":\"Product news, Optional\"},{\"@type\":\"BreadcrumbList\",\"@id\":\"https:\\\/\\\/www.neva.eu\\\/en\\\/product-news\\\/we-were-successful-at-the-rt-2018-trade-fair-in-stuttgart\\\/#breadcrumblist\",\"itemListElement\":[{\"@type\":\"ListItem\",\"@id\":\"https:\\\/\\\/www.neva.eu\\\/en\\\/#listItem\",\"position\":1,\"name\":\"Home\",\"item\":\"https:\\\/\\\/www.neva.eu\\\/en\\\/\",\"nextItem\":{\"@type\":\"ListItem\",\"@id\":\"https:\\\/\\\/www.neva.eu\\\/en\\\/news\\\/category\\\/product-news\\\/#listItem\",\"name\":\"Product news\"}},{\"@type\":\"ListItem\",\"@id\":\"https:\\\/\\\/www.neva.eu\\\/en\\\/news\\\/category\\\/product-news\\\/#listItem\",\"position\":2,\"name\":\"Product news\",\"item\":\"https:\\\/\\\/www.neva.eu\\\/en\\\/news\\\/category\\\/product-news\\\/\",\"nextItem\":{\"@type\":\"ListItem\",\"@id\":\"https:\\\/\\\/www.neva.eu\\\/en\\\/product-news\\\/we-were-successful-at-the-rt-2018-trade-fair-in-stuttgart\\\/#listItem\",\"name\":\"We were successful at the R+T 2018 trade fair in Stuttgart\"},\"previousItem\":{\"@type\":\"ListItem\",\"@id\":\"https:\\\/\\\/www.neva.eu\\\/en\\\/#listItem\",\"name\":\"Home\"}},{\"@type\":\"ListItem\",\"@id\":\"https:\\\/\\\/www.neva.eu\\\/en\\\/product-news\\\/we-were-successful-at-the-rt-2018-trade-fair-in-stuttgart\\\/#listItem\",\"position\":3,\"name\":\"We were successful at the R+T 2018 trade fair in Stuttgart\",\"previousItem\":{\"@type\":\"ListItem\",\"@id\":\"https:\\\/\\\/www.neva.eu\\\/en\\\/news\\\/category\\\/product-news\\\/#listItem\",\"name\":\"Product news\"}}]},{\"@type\":\"Organization\",\"@id\":\"https:\\\/\\\/www.neva.eu\\\/en\\\/#organization\",\"name\":\"NEVA\",\"description\":\"Kvalita, kterou pozn\\u00e1te i po desetilet\\u00edch\",\"url\":\"https:\\\/\\\/www.neva.eu\\\/en\\\/\",\"telephone\":\"+420588003550\",\"logo\":{\"@type\":\"ImageObject\",\"url\":\"https:\\\/\\\/www.neva.eu\\\/wp-content\\\/uploads\\\/NEVA_logo_RGB.png\",\"@id\":\"https:\\\/\\\/www.neva.eu\\\/en\\\/product-news\\\/we-were-successful-at-the-rt-2018-trade-fair-in-stuttgart\\\/#organizationLogo\",\"width\":135,\"height\":23},\"image\":{\"@id\":\"https:\\\/\\\/www.neva.eu\\\/en\\\/product-news\\\/we-were-successful-at-the-rt-2018-trade-fair-in-stuttgart\\\/#organizationLogo\"},\"sameAs\":[\"https:\\\/\\\/www.instagram.com\\\/neva.eu\\\/\",\"https:\\\/\\\/www.youtube.com\\\/neva-eu\",\"https:\\\/\\\/www.linkedin.com\\\/company\\\/neva-eu\\\/\"]},{\"@type\":\"Person\",\"@id\":\"https:\\\/\\\/www.neva.eu\\\/en\\\/author\\\/matousek\\\/#author\",\"url\":\"https:\\\/\\\/www.neva.eu\\\/en\\\/author\\\/matousek\\\/\",\"name\":\"Miloslav Matou\\u0161ek\",\"image\":{\"@type\":\"ImageObject\",\"@id\":\"https:\\\/\\\/www.neva.eu\\\/en\\\/product-news\\\/we-were-successful-at-the-rt-2018-trade-fair-in-stuttgart\\\/#authorImage\",\"url\":\"https:\\\/\\\/secure.gravatar.com\\\/avatar\\\/ec0cb32feb0bb156427186921a980e36f6c446b55162e151a1dc0fa47ec1cecf?s=96&d=mm&r=g\",\"width\":96,\"height\":96,\"caption\":\"Miloslav Matou\\u0161ek\"}},{\"@type\":\"WebPage\",\"@id\":\"https:\\\/\\\/www.neva.eu\\\/en\\\/product-news\\\/we-were-successful-at-the-rt-2018-trade-fair-in-stuttgart\\\/#webpage\",\"url\":\"https:\\\/\\\/www.neva.eu\\\/en\\\/product-news\\\/we-were-successful-at-the-rt-2018-trade-fair-in-stuttgart\\\/\",\"name\":\"We were successful at the R+T 2018 trade fair in Stuttgart | NEVA\",\"description\":\"At this year\\u2019s exhibition, we presented the current product portfolio and a large number of new products, particularly: the integrated rolling net, fa\\u00e7ade system in angular design, new order system allowing automatic calculation, smart phone application for technical support, new motors and control systems, solutions to increase the strength of the self-bearing systems and new\",\"inLanguage\":\"en-US\",\"isPartOf\":{\"@id\":\"https:\\\/\\\/www.neva.eu\\\/en\\\/#website\"},\"breadcrumb\":{\"@id\":\"https:\\\/\\\/www.neva.eu\\\/en\\\/product-news\\\/we-were-successful-at-the-rt-2018-trade-fair-in-stuttgart\\\/#breadcrumblist\"},\"author\":{\"@id\":\"https:\\\/\\\/www.neva.eu\\\/en\\\/author\\\/matousek\\\/#author\"},\"creator\":{\"@id\":\"https:\\\/\\\/www.neva.eu\\\/en\\\/author\\\/matousek\\\/#author\"},\"image\":{\"@type\":\"ImageObject\",\"url\":\"https:\\\/\\\/www.neva.eu\\\/wp-content\\\/uploads\\\/neva-r-t-stuttgart-2018.jpg\",\"@id\":\"https:\\\/\\\/www.neva.eu\\\/en\\\/product-news\\\/we-were-successful-at-the-rt-2018-trade-fair-in-stuttgart\\\/#mainImage\",\"width\":1920,\"height\":1280},\"primaryImageOfPage\":{\"@id\":\"https:\\\/\\\/www.neva.eu\\\/en\\\/product-news\\\/we-were-successful-at-the-rt-2018-trade-fair-in-stuttgart\\\/#mainImage\"},\"datePublished\":\"2018-04-06T14:13:54+02:00\",\"dateModified\":\"2019-09-20T17:01:25+02:00\"},{\"@type\":\"WebSite\",\"@id\":\"https:\\\/\\\/www.neva.eu\\\/en\\\/#website\",\"url\":\"https:\\\/\\\/www.neva.eu\\\/en\\\/\",\"name\":\"NEVA\",\"description\":\"Kvalita, kterou pozn\\u00e1te i po desetilet\\u00edch\",\"inLanguage\":\"en-US\",\"publisher\":{\"@id\":\"https:\\\/\\\/www.neva.eu\\\/en\\\/#organization\"}}]}\n\t\t<\/script>\n\t\t<!-- All in One SEO Pro -->\r\n\t\t<title>We were successful at the R+T 2018 trade fair in Stuttgart | NEVA<\/title>\n\n","aioseo_head_json":{"title":"We were successful at the R+T 2018 trade fair in Stuttgart | NEVA","description":"At this year\u2019s exhibition, we presented the current product portfolio and a large number of new products, particularly: the integrated rolling net, fa\u00e7ade system in angular design, new order system allowing automatic calculation, smart phone application for technical support, new motors and control systems, solutions to increase the strength of the self-bearing systems and new","canonical_url":"https:\/\/www.neva.eu\/en\/product-news\/we-were-successful-at-the-rt-2018-trade-fair-in-stuttgart\/","robots":"max-image-preview:large","keywords":"","webmasterTools":{"miscellaneous":"&lt;meta name=\"facebook-domain-verification\" content=\"l52s6ngz14wm1hk29qnhhp9zt0uj98\" \/&gt;"},"schema":{"@context":"https:\/\/schema.org","@graph":[{"@type":"Article","@id":"https:\/\/www.neva.eu\/en\/product-news\/we-were-successful-at-the-rt-2018-trade-fair-in-stuttgart\/#article","name":"We were successful at the R+T 2018 trade fair in Stuttgart | NEVA","headline":"We were successful at the R+T 2018 trade fair in Stuttgart","author":{"@id":"https:\/\/www.neva.eu\/en\/author\/matousek\/#author"},"publisher":{"@id":"https:\/\/www.neva.eu\/en\/#organization"},"image":{"@type":"ImageObject","url":"https:\/\/www.neva.eu\/wp-content\/uploads\/neva-r-t-stuttgart-2018.jpg","width":1920,"height":1280},"datePublished":"2018-04-06T14:13:54+02:00","dateModified":"2019-09-20T17:01:25+02:00","inLanguage":"en-US","mainEntityOfPage":{"@id":"https:\/\/www.neva.eu\/en\/product-news\/we-were-successful-at-the-rt-2018-trade-fair-in-stuttgart\/#webpage"},"isPartOf":{"@id":"https:\/\/www.neva.eu\/en\/product-news\/we-were-successful-at-the-rt-2018-trade-fair-in-stuttgart\/#webpage"},"articleSection":"Product news, Optional"},{"@type":"BreadcrumbList","@id":"https:\/\/www.neva.eu\/en\/product-news\/we-were-successful-at-the-rt-2018-trade-fair-in-stuttgart\/#breadcrumblist","itemListElement":[{"@type":"ListItem","@id":"https:\/\/www.neva.eu\/en\/#listItem","position":1,"name":"Home","item":"https:\/\/www.neva.eu\/en\/","nextItem":{"@type":"ListItem","@id":"https:\/\/www.neva.eu\/en\/news\/category\/product-news\/#listItem","name":"Product news"}},{"@type":"ListItem","@id":"https:\/\/www.neva.eu\/en\/news\/category\/product-news\/#listItem","position":2,"name":"Product news","item":"https:\/\/www.neva.eu\/en\/news\/category\/product-news\/","nextItem":{"@type":"ListItem","@id":"https:\/\/www.neva.eu\/en\/product-news\/we-were-successful-at-the-rt-2018-trade-fair-in-stuttgart\/#listItem","name":"We were successful at the R+T 2018 trade fair in Stuttgart"},"previousItem":{"@type":"ListItem","@id":"https:\/\/www.neva.eu\/en\/#listItem","name":"Home"}},{"@type":"ListItem","@id":"https:\/\/www.neva.eu\/en\/product-news\/we-were-successful-at-the-rt-2018-trade-fair-in-stuttgart\/#listItem","position":3,"name":"We were successful at the R+T 2018 trade fair in Stuttgart","previousItem":{"@type":"ListItem","@id":"https:\/\/www.neva.eu\/en\/news\/category\/product-news\/#listItem","name":"Product news"}}]},{"@type":"Organization","@id":"https:\/\/www.neva.eu\/en\/#organization","name":"NEVA","description":"Kvalita, kterou pozn\u00e1te i po desetilet\u00edch","url":"https:\/\/www.neva.eu\/en\/","telephone":"+420588003550","logo":{"@type":"ImageObject","url":"https:\/\/www.neva.eu\/wp-content\/uploads\/NEVA_logo_RGB.png","@id":"https:\/\/www.neva.eu\/en\/product-news\/we-were-successful-at-the-rt-2018-trade-fair-in-stuttgart\/#organizationLogo","width":135,"height":23},"image":{"@id":"https:\/\/www.neva.eu\/en\/product-news\/we-were-successful-at-the-rt-2018-trade-fair-in-stuttgart\/#organizationLogo"},"sameAs":["https:\/\/www.instagram.com\/neva.eu\/","https:\/\/www.youtube.com\/neva-eu","https:\/\/www.linkedin.com\/company\/neva-eu\/"]},{"@type":"Person","@id":"https:\/\/www.neva.eu\/en\/author\/matousek\/#author","url":"https:\/\/www.neva.eu\/en\/author\/matousek\/","name":"Miloslav Matou\u0161ek","image":{"@type":"ImageObject","@id":"https:\/\/www.neva.eu\/en\/product-news\/we-were-successful-at-the-rt-2018-trade-fair-in-stuttgart\/#authorImage","url":"https:\/\/secure.gravatar.com\/avatar\/ec0cb32feb0bb156427186921a980e36f6c446b55162e151a1dc0fa47ec1cecf?s=96&d=mm&r=g","width":96,"height":96,"caption":"Miloslav Matou\u0161ek"}},{"@type":"WebPage","@id":"https:\/\/www.neva.eu\/en\/product-news\/we-were-successful-at-the-rt-2018-trade-fair-in-stuttgart\/#webpage","url":"https:\/\/www.neva.eu\/en\/product-news\/we-were-successful-at-the-rt-2018-trade-fair-in-stuttgart\/","name":"We were successful at the R+T 2018 trade fair in Stuttgart | NEVA","description":"At this year\u2019s exhibition, we presented the current product portfolio and a large number of new products, particularly: the integrated rolling net, fa\u00e7ade system in angular design, new order system allowing automatic calculation, smart phone application for technical support, new motors and control systems, solutions to increase the strength of the self-bearing systems and new","inLanguage":"en-US","isPartOf":{"@id":"https:\/\/www.neva.eu\/en\/#website"},"breadcrumb":{"@id":"https:\/\/www.neva.eu\/en\/product-news\/we-were-successful-at-the-rt-2018-trade-fair-in-stuttgart\/#breadcrumblist"},"author":{"@id":"https:\/\/www.neva.eu\/en\/author\/matousek\/#author"},"creator":{"@id":"https:\/\/www.neva.eu\/en\/author\/matousek\/#author"},"image":{"@type":"ImageObject","url":"https:\/\/www.neva.eu\/wp-content\/uploads\/neva-r-t-stuttgart-2018.jpg","@id":"https:\/\/www.neva.eu\/en\/product-news\/we-were-successful-at-the-rt-2018-trade-fair-in-stuttgart\/#mainImage","width":1920,"height":1280},"primaryImageOfPage":{"@id":"https:\/\/www.neva.eu\/en\/product-news\/we-were-successful-at-the-rt-2018-trade-fair-in-stuttgart\/#mainImage"},"datePublished":"2018-04-06T14:13:54+02:00","dateModified":"2019-09-20T17:01:25+02:00"},{"@type":"WebSite","@id":"https:\/\/www.neva.eu\/en\/#website","url":"https:\/\/www.neva.eu\/en\/","name":"NEVA","description":"Kvalita, kterou pozn\u00e1te i po desetilet\u00edch","inLanguage":"en-US","publisher":{"@id":"https:\/\/www.neva.eu\/en\/#organization"}}]},"og:locale":"en_US","og:site_name":"\u017daluzie NEVA | Kvalita, kterou pozn\u00e1te i po desetilet\u00edch","og:type":"article","og:title":"We were successful at the R+T 2018 trade fair in Stuttgart | NEVA","og:description":"At this year\u2019s exhibition, we presented the current product portfolio and a large number of new products, particularly: the integrated rolling net, fa\u00e7ade system in angular design, new order system allowing automatic calculation, smart phone application for technical support, new motors and control systems, solutions to increase the strength of the self-bearing systems and new","og:url":"https:\/\/www.neva.eu\/en\/product-news\/we-were-successful-at-the-rt-2018-trade-fair-in-stuttgart\/","og:image":"https:\/\/www.neva.eu\/wp-content\/uploads\/neva-r-t-stuttgart-2018.jpg","og:image:secure_url":"https:\/\/www.neva.eu\/wp-content\/uploads\/neva-r-t-stuttgart-2018.jpg","og:image:width":1920,"og:image:height":1280,"article:published_time":"2018-04-06T12:13:54+00:00","article:modified_time":"2019-09-20T15:01:25+00:00","article:publisher":"https:\/\/www.facebook.com\/neva.eu","twitter:card":"summary_large_image","twitter:title":"We were successful at the R+T 2018 trade fair in Stuttgart | NEVA","twitter:description":"At this year\u2019s exhibition, we presented the current product portfolio and a large number of new products, particularly: the integrated rolling net, fa\u00e7ade system in angular design, new order system allowing automatic calculation, smart phone application for technical support, new motors and control systems, solutions to increase the strength of the self-bearing systems and new","twitter:image":"https:\/\/www.neva.eu\/wp-content\/uploads\/neva-r-t-stuttgart-2018.jpg"},"aioseo_meta_data":{"post_id":"4068","title":null,"description":null,"keywords":null,"keyphrases":null,"primary_term":null,"canonical_url":null,"og_title":null,"og_description":null,"og_object_type":"default","og_image_type":"default","og_image_url":null,"og_image_width":null,"og_image_height":null,"og_image_custom_url":null,"og_image_custom_fields":null,"og_video":null,"og_custom_url":null,"og_article_section":null,"og_article_tags":null,"twitter_use_og":false,"twitter_card":"default","twitter_image_type":"default","twitter_image_url":null,"twitter_image_custom_url":null,"twitter_image_custom_fields":null,"twitter_title":null,"twitter_description":null,"schema":{"blockGraphs":[],"customGraphs":[],"default":{"data":{"Article":[],"Course":[],"Dataset":[],"FAQPage":[],"Movie":[],"Person":[],"Product":[],"ProductReview":[],"Car":[],"Recipe":[],"Service":[],"SoftwareApplication":[],"WebPage":[]},"graphName":"","isEnabled":true},"graphs":[]},"schema_type":null,"schema_type_options":null,"pillar_content":false,"robots_default":true,"robots_noindex":false,"robots_noarchive":false,"robots_nosnippet":false,"robots_nofollow":false,"robots_noimageindex":false,"robots_noodp":false,"robots_notranslate":false,"robots_max_snippet":null,"robots_max_videopreview":null,"robots_max_imagepreview":"large","priority":null,"frequency":null,"local_seo":null,"seo_analyzer_scan_date":"2026-05-22 09:33:50","breadcrumb_settings":null,"limit_modified_date":false,"open_ai":null,"ai":null,"created":"2021-01-11 08:46:11","updated":"2026-05-22 09:33:50","focus_keyword":null,"additional_keywords":null,"truseo_locale":null},"aioseo_breadcrumb":"<div class=\"aioseo-breadcrumbs\"><span class=\"aioseo-breadcrumb\">\n\t<a href=\"https:\/\/www.neva.eu\/en\/\" title=\"Home\">Home<\/a>\n<\/span><span class=\"aioseo-breadcrumb-separator\">&raquo;<\/span><span class=\"aioseo-breadcrumb\">\n\t<a href=\"https:\/\/www.neva.eu\/en\/news\/category\/product-news\/\" title=\"Product news\">Product news<\/a>\n<\/span><span class=\"aioseo-breadcrumb-separator\">&raquo;<\/span><span class=\"aioseo-breadcrumb\">\n\tWe were successful at the R+T 2018 trade fair in Stuttgart\n<\/span><\/div>","aioseo_breadcrumb_json":[{"label":"Home","link":"https:\/\/www.neva.eu\/en\/"},{"label":"Product news","link":"https:\/\/www.neva.eu\/en\/news\/category\/product-news\/"},{"label":"We were successful at the R+T 2018 trade fair in Stuttgart","link":"https:\/\/www.neva.eu\/en\/product-news\/we-were-successful-at-the-rt-2018-trade-fair-in-stuttgart\/"}],"author_meta":{"display_name":"Miloslav Matou\u0161ek","author_link":"https:\/\/www.neva.eu\/en\/author\/matousek\/"},"featured_img":"https:\/\/www.neva.eu\/wp-content\/uploads\/neva-r-t-stuttgart-2018.jpg","coauthors":[],"tax_additional":{"categories":{"linked":["<a href=\"https:\/\/www.neva.eu\/en\/news\/category\/product-news\/\" class=\"advgb-post-tax-term\">Product news<\/a>"],"unlinked":["<span class=\"advgb-post-tax-term\">Product news<\/span>"]}},"comment_count":"0","relative_dates":{"created":"Posted 8 years ago","modified":"Updated 7 years ago"},"absolute_dates":{"created":"Posted on 6. 4. 2018","modified":"Updated on 20. 9. 2019"},"absolute_dates_time":{"created":"Posted on 6. 4. 2018 14:13","modified":"Updated on 20. 9. 2019 17:01"},"featured_img_caption":"","series_order":"","_links":{"self":[{"href":"https:\/\/www.neva.eu\/en\/wp-json\/wp\/v2\/posts\/4068","targetHints":{"allow":["GET"]}}],"collection":[{"href":"https:\/\/www.neva.eu\/en\/wp-json\/wp\/v2\/posts"}],"about":[{"href":"https:\/\/www.neva.eu\/en\/wp-json\/wp\/v2\/types\/post"}],"author":[{"embeddable":true,"href":"https:\/\/www.neva.eu\/en\/wp-json\/wp\/v2\/users\/4"}],"replies":[{"embeddable":true,"href":"https:\/\/www.neva.eu\/en\/wp-json\/wp\/v2\/comments?post=4068"}],"version-history":[{"count":0,"href":"https:\/\/www.neva.eu\/en\/wp-json\/wp\/v2\/posts\/4068\/revisions"}],"wp:featuredmedia":[{"embeddable":true,"href":"https:\/\/www.neva.eu\/en\/wp-json\/wp\/v2\/media\/2353"}],"wp:attachment":[{"href":"https:\/\/www.neva.eu\/en\/wp-json\/wp\/v2\/media?parent=4068"}],"wp:term":[{"taxonomy":"category","embeddable":true,"href":"https:\/\/www.neva.eu\/en\/wp-json\/wp\/v2\/categories?post=4068"},{"taxonomy":"post_tag","embeddable":true,"href":"https:\/\/www.neva.eu\/en\/wp-json\/wp\/v2\/tags?post=4068"}],"curies":[{"name":"wp","href":"https:\/\/api.w.org\/{rel}","templated":true}]}}