{"id":32910,"date":"2026-09-03T11:07:14","date_gmt":"2026-09-03T09:07:14","guid":{"rendered":"https:\/\/www.neva.eu\/?p=32910"},"modified":"2026-09-03T11:08:56","modified_gmt":"2026-09-03T09:08:56","slug":"new-fabric-collection-for-textile-screens","status":"publish","type":"post","link":"https:\/\/www.neva.eu\/en\/product-news\/new-fabric-collection-for-textile-screens\/","title":{"rendered":"New fabric collection for textile screens"},"content":{"rendered":"        <section class=\"component component-gutenberg-paragraph typography my-1\">\n              \n<p class=\"wp-block-paragraph\">The new collection therefore offers a&nbsp;wider choice of fabrics that can be better adapted to the required level of light transmission, the appearance of the interior and the overall architectural design. The new standard collection will be available from 1&nbsp;October 2026.<\/p>\n      <\/section>\n        <section class=\"component component-gutenberg-heading typography my-1\">\n              \n<h2 class=\"wp-block-heading\"><span class=\"NormalTextRun SpellingErrorV2Themed SCXW50050299 BCX8\" data-ccp-parastyle=\"Norm\u00e1ln\u00ed1\" data-ccp-parastyle-defn=\"{&quot;ObjectId&quot;:&quot;bf18b4f6-4243-555d-976a-7ec7b4e6f748|1&quot;,&quot;ClassId&quot;:1073872969,&quot;Properties&quot;:[201342446,&quot;1&quot;,201342447,&quot;5&quot;,201342448,&quot;1&quot;,201342449,&quot;1&quot;,469777841,&quot;Aptos&quot;,469777842,&quot;Times New Roman&quot;,469777843,&quot;Aptos&quot;,469777844,&quot;Aptos&quot;,201341986,&quot;1&quot;,469769226,&quot;Aptos,Times New Roman&quot;,268442635,&quot;22&quot;,469775450,&quot;Norm\u00e1ln\u00ed1&quot;,201340122,&quot;2&quot;,134233614,&quot;true&quot;,469778129,&quot;Normln1&quot;,335572020,&quot;1&quot;,335559705,&quot;1029&quot;,335559740,&quot;256&quot;,201341983,&quot;0&quot;,469778324,&quot;Normal&quot;]}\">Key<\/span> <span class=\"NormalTextRun SpellingErrorV2Themed SCXW50050299 BCX8\" data-ccp-parastyle=\"Norm\u00e1ln\u00ed1\">Changes<\/span><span class=\"NormalTextRun SCXW50050299 BCX8\" data-ccp-parastyle=\"Norm\u00e1ln\u00ed1\"> to <\/span><span class=\"NormalTextRun SpellingErrorV2Themed SCXW50050299 BCX8\" data-ccp-parastyle=\"Norm\u00e1ln\u00ed1\">the<\/span> <span class=\"NormalTextRun SpellingErrorV2Themed SCXW50050299 BCX8\" data-ccp-parastyle=\"Norm\u00e1ln\u00ed1\">Collection<\/span><\/h2>\n      <\/section>\n        <section class=\"component component-gutenberg-list typography my-1\">\n              \n<ul class=\"wp-block-list\">\n<li>Serg\u00e9 3&nbsp;% fabrics are being replaced by fabrics from the Serg\u00e9 600 collection with a&nbsp;5&nbsp;% openness factor. The new fabrics let in more daylight while also offering a&nbsp;better view outside.&nbsp;<\/li>\n\n\n\n<li>The Serg\u00e9 600 5&nbsp;% collection will now be available in 11 designs.&nbsp;<\/li>\n\n\n\n<li>XINIX 0&nbsp;% fabric is being replaced by the blackout fabric Serg\u00e9 600 Blockout Lunar 0&nbsp;%, which is suitable for projects requiring maximum limitation of light penetration.&nbsp;<\/li>\n\n\n\n<li>Soltis fabrics remain in the standard collection, now in 4&nbsp;selected designs.&nbsp;<\/li>\n\n\n\n<li>The total number of fabrics in the standard range is being expanded from the original 21 to 30. The new collection therefore offers more options when choosing the shade, structure and functional properties of the fabric.<\/li>\n<\/ul>\n      <\/section>\n        <section class=\"component component-gutenberg-heading typography my-1\">\n              \n<h2 class=\"wp-block-heading\"><span class=\"NormalTextRun SCXW176976066 BCX8\" data-ccp-parastyle=\"Norm\u00e1ln\u00ed1\" data-ccp-parastyle-defn=\"{&quot;ObjectId&quot;:&quot;bf18b4f6-4243-555d-976a-7ec7b4e6f748|1&quot;,&quot;ClassId&quot;:1073872969,&quot;Properties&quot;:[201342446,&quot;1&quot;,201342447,&quot;5&quot;,201342448,&quot;1&quot;,201342449,&quot;1&quot;,469777841,&quot;Aptos&quot;,469777842,&quot;Times New Roman&quot;,469777843,&quot;Aptos&quot;,469777844,&quot;Aptos&quot;,201341986,&quot;1&quot;,469769226,&quot;Aptos,Times New Roman&quot;,268442635,&quot;22&quot;,469775450,&quot;Norm\u00e1ln\u00ed1&quot;,201340122,&quot;2&quot;,134233614,&quot;true&quot;,469778129,&quot;Normln1&quot;,335572020,&quot;1&quot;,335559705,&quot;1029&quot;,335559740,&quot;256&quot;,201341983,&quot;0&quot;,469778324,&quot;Normal&quot;]}\">New <\/span><span class=\"NormalTextRun SpellingErrorV2Themed SCXW176976066 BCX8\" data-ccp-parastyle=\"Norm\u00e1ln\u00ed1\">Colour<\/span> <span class=\"NormalTextRun SpellingErrorV2Themed SCXW176976066 BCX8\" data-ccp-parastyle=\"Norm\u00e1ln\u00ed1\">Samples<\/span> <span class=\"NormalTextRun SCXW176976066 BCX8\" data-ccp-parastyle=\"Norm\u00e1ln\u00ed1\">in <\/span><span class=\"NormalTextRun SpellingErrorV2Themed SCXW176976066 BCX8\" data-ccp-parastyle=\"Norm\u00e1ln\u00ed1\">Preparation<\/span><\/h2>\n      <\/section>\n        <section class=\"component component-gutenberg-paragraph typography my-1\">\n              \n<p class=\"wp-block-paragraph\">Together with the new collection, we are also preparing new colour samples in two formats \u2013 a&nbsp;compact smaller fan deck and a&nbsp;larger format that will make it easier to assess the fabric structure and its&nbsp;shade.<\/p>\n      <\/section>\n","protected":false},"excerpt":{"rendered":"<p>We have expanded our standard fabric collection and prepared it in a new form. Following the discontinuation of Serg\u00e9 3 % fabrics by our supplier, we have replaced the existing materials with new ones and have also added 9 new colour variants to the range.<\/p>\n","protected":false},"author":33,"featured_media":32970,"comment_status":"closed","ping_status":"closed","sticky":false,"template":"","format":"standard","meta":{"_acf_changed":false,"advgb_blocks_editor_width":"","advgb_blocks_columns_visual_guide":"","_daim_seo_power":"","_daim_enable_ail":"","footnotes":""},"categories":[122],"tags":[],"class_list":["post-32910","post","type-post","status-publish","format-standard","has-post-thumbnail","hentry","category-product-news"],"acf":[],"aioseo_notices":[],"aioseo_head":"\n\t\t<!-- All in One SEO Pro 5.0.1 - aioseo.com -->\n\t<meta name=\"description\" content=\"The new collection therefore offers a wider choice of fabrics that can be better adapted to the required level of light transmission, the appearance of the interior and the overall architectural design. The new standard collection will be available from 1 October 2026. Key Changes to the Collection Serg\u00e9 3 % fabrics are being replaced by fabrics from\" \/>\n\t<meta name=\"robots\" content=\"max-image-preview:large\" \/>\n\t<meta name=\"author\" content=\"Hana Posp\u00ed\u0161ilov\u00e1\"\/>\n\t<link rel=\"canonical\" href=\"https:\/\/www.neva.eu\/en\/product-news\/new-fabric-collection-for-textile-screens\/\" \/>\n\t<meta name=\"generator\" content=\"All in One SEO Pro (AIOSEO) 5.0.1\" \/>\n\n\t\t<meta name=\"facebook-domain-verification\" content=\"l52s6ngz14wm1hk29qnhhp9zt0uj98\" \/>\n\t\t<meta property=\"og:locale\" content=\"en_US\" \/>\n\t\t<meta property=\"og:site_name\" content=\"\u017daluzie NEVA | Kvalita, kterou pozn\u00e1te i po desetilet\u00edch\" \/>\n\t\t<meta property=\"og:type\" content=\"article\" \/>\n\t\t<meta property=\"og:title\" content=\"New fabric collection for textile screens | NEVA\" \/>\n\t\t<meta property=\"og:description\" content=\"The new collection therefore offers a wider choice of fabrics that can be better adapted to the required level of light transmission, the appearance of the interior and the overall architectural design. The new standard collection will be available from 1 October 2026. Key Changes to the Collection Serg\u00e9 3 % fabrics are being replaced by fabrics from\" \/>\n\t\t<meta property=\"og:url\" content=\"https:\/\/www.neva.eu\/en\/product-news\/new-fabric-collection-for-textile-screens\/\" \/>\n\t\t<meta property=\"og:image\" content=\"https:\/\/www.neva.eu\/wp-content\/uploads\/NEVA-Nove-kolekce-latek-0.jpg\" \/>\n\t\t<meta property=\"og:image:secure_url\" content=\"https:\/\/www.neva.eu\/wp-content\/uploads\/NEVA-Nove-kolekce-latek-0.jpg\" \/>\n\t\t<meta property=\"og:image:width\" content=\"1920\" \/>\n\t\t<meta property=\"og:image:height\" content=\"960\" \/>\n\t\t<meta property=\"article:published_time\" content=\"2026-09-03T09:07:14+00:00\" \/>\n\t\t<meta property=\"article:modified_time\" content=\"2026-09-03T09:08:56+00:00\" \/>\n\t\t<meta property=\"article:publisher\" content=\"https:\/\/www.facebook.com\/neva.eu\" \/>\n\t\t<meta name=\"twitter:card\" content=\"summary_large_image\" \/>\n\t\t<meta name=\"twitter:title\" content=\"New fabric collection for textile screens | NEVA\" \/>\n\t\t<meta name=\"twitter:description\" content=\"The new collection therefore offers a wider choice of fabrics that can be better adapted to the required level of light transmission, the appearance of the interior and the overall architectural design. The new standard collection will be available from 1 October 2026. Key Changes to the Collection Serg\u00e9 3 % fabrics are being replaced by fabrics from\" \/>\n\t\t<meta name=\"twitter:image\" content=\"https:\/\/www.neva.eu\/wp-content\/uploads\/NEVA-Nove-kolekce-latek-0.jpg\" \/>\n\t\t<script type=\"application\/ld+json\" class=\"aioseo-schema\">\n\t\t\t{\"@context\":\"https:\\\/\\\/schema.org\",\"@graph\":[{\"@type\":\"Article\",\"@id\":\"https:\\\/\\\/www.neva.eu\\\/en\\\/product-news\\\/new-fabric-collection-for-textile-screens\\\/#article\",\"name\":\"New fabric collection for textile screens | NEVA\",\"headline\":\"New fabric collection for textile screens\",\"author\":{\"@id\":\"https:\\\/\\\/www.neva.eu\\\/en\\\/author\\\/hana-pospisilova\\\/#author\"},\"publisher\":{\"@id\":\"https:\\\/\\\/www.neva.eu\\\/en\\\/#organization\"},\"image\":{\"@type\":\"ImageObject\",\"url\":\"https:\\\/\\\/www.neva.eu\\\/wp-content\\\/uploads\\\/NEVA-Nove-kolekce-latek-0.jpg\",\"width\":1920,\"height\":960},\"datePublished\":\"2026-09-03T11:07:14+02:00\",\"dateModified\":\"2026-09-03T11:08:56+02:00\",\"inLanguage\":\"en-US\",\"mainEntityOfPage\":{\"@id\":\"https:\\\/\\\/www.neva.eu\\\/en\\\/product-news\\\/new-fabric-collection-for-textile-screens\\\/#webpage\"},\"isPartOf\":{\"@id\":\"https:\\\/\\\/www.neva.eu\\\/en\\\/product-news\\\/new-fabric-collection-for-textile-screens\\\/#webpage\"},\"articleSection\":\"Product news, Optional\"},{\"@type\":\"BreadcrumbList\",\"@id\":\"https:\\\/\\\/www.neva.eu\\\/en\\\/product-news\\\/new-fabric-collection-for-textile-screens\\\/#breadcrumblist\",\"itemListElement\":[{\"@type\":\"ListItem\",\"@id\":\"https:\\\/\\\/www.neva.eu\\\/en\\\/#listItem\",\"position\":1,\"name\":\"Home\",\"item\":\"https:\\\/\\\/www.neva.eu\\\/en\\\/\",\"nextItem\":{\"@type\":\"ListItem\",\"@id\":\"https:\\\/\\\/www.neva.eu\\\/en\\\/news\\\/category\\\/product-news\\\/#listItem\",\"name\":\"Product news\"}},{\"@type\":\"ListItem\",\"@id\":\"https:\\\/\\\/www.neva.eu\\\/en\\\/news\\\/category\\\/product-news\\\/#listItem\",\"position\":2,\"name\":\"Product news\",\"item\":\"https:\\\/\\\/www.neva.eu\\\/en\\\/news\\\/category\\\/product-news\\\/\",\"nextItem\":{\"@type\":\"ListItem\",\"@id\":\"https:\\\/\\\/www.neva.eu\\\/en\\\/product-news\\\/new-fabric-collection-for-textile-screens\\\/#listItem\",\"name\":\"New fabric collection for textile screens\"},\"previousItem\":{\"@type\":\"ListItem\",\"@id\":\"https:\\\/\\\/www.neva.eu\\\/en\\\/#listItem\",\"name\":\"Home\"}},{\"@type\":\"ListItem\",\"@id\":\"https:\\\/\\\/www.neva.eu\\\/en\\\/product-news\\\/new-fabric-collection-for-textile-screens\\\/#listItem\",\"position\":3,\"name\":\"New fabric collection for textile screens\",\"previousItem\":{\"@type\":\"ListItem\",\"@id\":\"https:\\\/\\\/www.neva.eu\\\/en\\\/news\\\/category\\\/product-news\\\/#listItem\",\"name\":\"Product news\"}}]},{\"@type\":\"Organization\",\"@id\":\"https:\\\/\\\/www.neva.eu\\\/en\\\/#organization\",\"name\":\"NEVA\",\"description\":\"Kvalita, kterou pozn\\u00e1te i po desetilet\\u00edch\",\"url\":\"https:\\\/\\\/www.neva.eu\\\/en\\\/\",\"telephone\":\"+420588003550\",\"logo\":{\"@type\":\"ImageObject\",\"url\":\"https:\\\/\\\/www.neva.eu\\\/wp-content\\\/uploads\\\/NEVA_logo_RGB.png\",\"@id\":\"https:\\\/\\\/www.neva.eu\\\/en\\\/product-news\\\/new-fabric-collection-for-textile-screens\\\/#organizationLogo\",\"width\":135,\"height\":23},\"image\":{\"@id\":\"https:\\\/\\\/www.neva.eu\\\/en\\\/product-news\\\/new-fabric-collection-for-textile-screens\\\/#organizationLogo\"},\"sameAs\":[\"https:\\\/\\\/www.instagram.com\\\/neva.eu\\\/\",\"https:\\\/\\\/www.youtube.com\\\/neva-eu\",\"https:\\\/\\\/www.linkedin.com\\\/company\\\/neva-eu\\\/\"]},{\"@type\":\"Person\",\"@id\":\"https:\\\/\\\/www.neva.eu\\\/en\\\/author\\\/hana-pospisilova\\\/#author\",\"url\":\"https:\\\/\\\/www.neva.eu\\\/en\\\/author\\\/hana-pospisilova\\\/\",\"name\":\"Hana Posp\\u00ed\\u0161ilov\\u00e1\",\"image\":{\"@type\":\"ImageObject\",\"@id\":\"https:\\\/\\\/www.neva.eu\\\/en\\\/product-news\\\/new-fabric-collection-for-textile-screens\\\/#authorImage\",\"url\":\"https:\\\/\\\/secure.gravatar.com\\\/avatar\\\/418a869b48942a9aceb75223c13bc7f047a5b0ed5f0f7b9c32263403309e4e82?s=96&d=mm&r=g\",\"width\":96,\"height\":96,\"caption\":\"Hana Posp\\u00ed\\u0161ilov\\u00e1\"}},{\"@type\":\"WebPage\",\"@id\":\"https:\\\/\\\/www.neva.eu\\\/en\\\/product-news\\\/new-fabric-collection-for-textile-screens\\\/#webpage\",\"url\":\"https:\\\/\\\/www.neva.eu\\\/en\\\/product-news\\\/new-fabric-collection-for-textile-screens\\\/\",\"name\":\"New fabric collection for textile screens | NEVA\",\"description\":\"The new collection therefore offers a wider choice of fabrics that can be better adapted to the required level of light transmission, the appearance of the interior and the overall architectural design. The new standard collection will be available from 1 October 2026. Key Changes to the Collection Serg\\u00e9 3 % fabrics are being replaced by fabrics from\",\"inLanguage\":\"en-US\",\"isPartOf\":{\"@id\":\"https:\\\/\\\/www.neva.eu\\\/en\\\/#website\"},\"breadcrumb\":{\"@id\":\"https:\\\/\\\/www.neva.eu\\\/en\\\/product-news\\\/new-fabric-collection-for-textile-screens\\\/#breadcrumblist\"},\"author\":{\"@id\":\"https:\\\/\\\/www.neva.eu\\\/en\\\/author\\\/hana-pospisilova\\\/#author\"},\"creator\":{\"@id\":\"https:\\\/\\\/www.neva.eu\\\/en\\\/author\\\/hana-pospisilova\\\/#author\"},\"image\":{\"@type\":\"ImageObject\",\"url\":\"https:\\\/\\\/www.neva.eu\\\/wp-content\\\/uploads\\\/NEVA-Nove-kolekce-latek-0.jpg\",\"@id\":\"https:\\\/\\\/www.neva.eu\\\/en\\\/product-news\\\/new-fabric-collection-for-textile-screens\\\/#mainImage\",\"width\":1920,\"height\":960},\"primaryImageOfPage\":{\"@id\":\"https:\\\/\\\/www.neva.eu\\\/en\\\/product-news\\\/new-fabric-collection-for-textile-screens\\\/#mainImage\"},\"datePublished\":\"2026-09-03T11:07:14+02:00\",\"dateModified\":\"2026-09-03T11:08:56+02:00\"},{\"@type\":\"WebSite\",\"@id\":\"https:\\\/\\\/www.neva.eu\\\/en\\\/#website\",\"url\":\"https:\\\/\\\/www.neva.eu\\\/en\\\/\",\"name\":\"NEVA\",\"description\":\"Kvalita, kterou pozn\\u00e1te i po desetilet\\u00edch\",\"inLanguage\":\"en-US\",\"publisher\":{\"@id\":\"https:\\\/\\\/www.neva.eu\\\/en\\\/#organization\"}}]}\n\t\t<\/script>\n\t\t<!-- All in One SEO Pro -->\r\n\t\t<title>New fabric collection for textile screens | NEVA<\/title>\n\n","aioseo_head_json":{"title":"New fabric collection for textile screens | NEVA","description":"The new collection therefore offers a wider choice of fabrics that can be better adapted to the required level of light transmission, the appearance of the interior and the overall architectural design. The new standard collection will be available from 1 October 2026. Key Changes to the Collection Serg\u00e9 3 % fabrics are being replaced by fabrics from","canonical_url":"https:\/\/www.neva.eu\/en\/product-news\/new-fabric-collection-for-textile-screens\/","robots":"max-image-preview:large","keywords":"","webmasterTools":{"miscellaneous":"&lt;meta name=\"facebook-domain-verification\" content=\"l52s6ngz14wm1hk29qnhhp9zt0uj98\" \/&gt;"},"schema":{"@context":"https:\/\/schema.org","@graph":[{"@type":"Article","@id":"https:\/\/www.neva.eu\/en\/product-news\/new-fabric-collection-for-textile-screens\/#article","name":"New fabric collection for textile screens | NEVA","headline":"New fabric collection for textile screens","author":{"@id":"https:\/\/www.neva.eu\/en\/author\/hana-pospisilova\/#author"},"publisher":{"@id":"https:\/\/www.neva.eu\/en\/#organization"},"image":{"@type":"ImageObject","url":"https:\/\/www.neva.eu\/wp-content\/uploads\/NEVA-Nove-kolekce-latek-0.jpg","width":1920,"height":960},"datePublished":"2026-09-03T11:07:14+02:00","dateModified":"2026-09-03T11:08:56+02:00","inLanguage":"en-US","mainEntityOfPage":{"@id":"https:\/\/www.neva.eu\/en\/product-news\/new-fabric-collection-for-textile-screens\/#webpage"},"isPartOf":{"@id":"https:\/\/www.neva.eu\/en\/product-news\/new-fabric-collection-for-textile-screens\/#webpage"},"articleSection":"Product news, Optional"},{"@type":"BreadcrumbList","@id":"https:\/\/www.neva.eu\/en\/product-news\/new-fabric-collection-for-textile-screens\/#breadcrumblist","itemListElement":[{"@type":"ListItem","@id":"https:\/\/www.neva.eu\/en\/#listItem","position":1,"name":"Home","item":"https:\/\/www.neva.eu\/en\/","nextItem":{"@type":"ListItem","@id":"https:\/\/www.neva.eu\/en\/news\/category\/product-news\/#listItem","name":"Product news"}},{"@type":"ListItem","@id":"https:\/\/www.neva.eu\/en\/news\/category\/product-news\/#listItem","position":2,"name":"Product news","item":"https:\/\/www.neva.eu\/en\/news\/category\/product-news\/","nextItem":{"@type":"ListItem","@id":"https:\/\/www.neva.eu\/en\/product-news\/new-fabric-collection-for-textile-screens\/#listItem","name":"New fabric collection for textile screens"},"previousItem":{"@type":"ListItem","@id":"https:\/\/www.neva.eu\/en\/#listItem","name":"Home"}},{"@type":"ListItem","@id":"https:\/\/www.neva.eu\/en\/product-news\/new-fabric-collection-for-textile-screens\/#listItem","position":3,"name":"New fabric collection for textile screens","previousItem":{"@type":"ListItem","@id":"https:\/\/www.neva.eu\/en\/news\/category\/product-news\/#listItem","name":"Product news"}}]},{"@type":"Organization","@id":"https:\/\/www.neva.eu\/en\/#organization","name":"NEVA","description":"Kvalita, kterou pozn\u00e1te i po desetilet\u00edch","url":"https:\/\/www.neva.eu\/en\/","telephone":"+420588003550","logo":{"@type":"ImageObject","url":"https:\/\/www.neva.eu\/wp-content\/uploads\/NEVA_logo_RGB.png","@id":"https:\/\/www.neva.eu\/en\/product-news\/new-fabric-collection-for-textile-screens\/#organizationLogo","width":135,"height":23},"image":{"@id":"https:\/\/www.neva.eu\/en\/product-news\/new-fabric-collection-for-textile-screens\/#organizationLogo"},"sameAs":["https:\/\/www.instagram.com\/neva.eu\/","https:\/\/www.youtube.com\/neva-eu","https:\/\/www.linkedin.com\/company\/neva-eu\/"]},{"@type":"Person","@id":"https:\/\/www.neva.eu\/en\/author\/hana-pospisilova\/#author","url":"https:\/\/www.neva.eu\/en\/author\/hana-pospisilova\/","name":"Hana Posp\u00ed\u0161ilov\u00e1","image":{"@type":"ImageObject","@id":"https:\/\/www.neva.eu\/en\/product-news\/new-fabric-collection-for-textile-screens\/#authorImage","url":"https:\/\/secure.gravatar.com\/avatar\/418a869b48942a9aceb75223c13bc7f047a5b0ed5f0f7b9c32263403309e4e82?s=96&d=mm&r=g","width":96,"height":96,"caption":"Hana Posp\u00ed\u0161ilov\u00e1"}},{"@type":"WebPage","@id":"https:\/\/www.neva.eu\/en\/product-news\/new-fabric-collection-for-textile-screens\/#webpage","url":"https:\/\/www.neva.eu\/en\/product-news\/new-fabric-collection-for-textile-screens\/","name":"New fabric collection for textile screens | NEVA","description":"The new collection therefore offers a wider choice of fabrics that can be better adapted to the required level of light transmission, the appearance of the interior and the overall architectural design. The new standard collection will be available from 1 October 2026. Key Changes to the Collection Serg\u00e9 3 % fabrics are being replaced by fabrics from","inLanguage":"en-US","isPartOf":{"@id":"https:\/\/www.neva.eu\/en\/#website"},"breadcrumb":{"@id":"https:\/\/www.neva.eu\/en\/product-news\/new-fabric-collection-for-textile-screens\/#breadcrumblist"},"author":{"@id":"https:\/\/www.neva.eu\/en\/author\/hana-pospisilova\/#author"},"creator":{"@id":"https:\/\/www.neva.eu\/en\/author\/hana-pospisilova\/#author"},"image":{"@type":"ImageObject","url":"https:\/\/www.neva.eu\/wp-content\/uploads\/NEVA-Nove-kolekce-latek-0.jpg","@id":"https:\/\/www.neva.eu\/en\/product-news\/new-fabric-collection-for-textile-screens\/#mainImage","width":1920,"height":960},"primaryImageOfPage":{"@id":"https:\/\/www.neva.eu\/en\/product-news\/new-fabric-collection-for-textile-screens\/#mainImage"},"datePublished":"2026-09-03T11:07:14+02:00","dateModified":"2026-09-03T11:08:56+02:00"},{"@type":"WebSite","@id":"https:\/\/www.neva.eu\/en\/#website","url":"https:\/\/www.neva.eu\/en\/","name":"NEVA","description":"Kvalita, kterou pozn\u00e1te i po desetilet\u00edch","inLanguage":"en-US","publisher":{"@id":"https:\/\/www.neva.eu\/en\/#organization"}}]},"og:locale":"en_US","og:site_name":"\u017daluzie NEVA | Kvalita, kterou pozn\u00e1te i po desetilet\u00edch","og:type":"article","og:title":"New fabric collection for textile screens | NEVA","og:description":"The new collection therefore offers a wider choice of fabrics that can be better adapted to the required level of light transmission, the appearance of the interior and the overall architectural design. The new standard collection will be available from 1 October 2026. Key Changes to the Collection Serg\u00e9 3 % fabrics are being replaced by fabrics from","og:url":"https:\/\/www.neva.eu\/en\/product-news\/new-fabric-collection-for-textile-screens\/","og:image":"https:\/\/www.neva.eu\/wp-content\/uploads\/NEVA-Nove-kolekce-latek-0.jpg","og:image:secure_url":"https:\/\/www.neva.eu\/wp-content\/uploads\/NEVA-Nove-kolekce-latek-0.jpg","og:image:width":1920,"og:image:height":960,"article:published_time":"2026-09-03T09:07:14+00:00","article:modified_time":"2026-09-03T09:08:56+00:00","article:publisher":"https:\/\/www.facebook.com\/neva.eu","twitter:card":"summary_large_image","twitter:title":"New fabric collection for textile screens | NEVA","twitter:description":"The new collection therefore offers a wider choice of fabrics that can be better adapted to the required level of light transmission, the appearance of the interior and the overall architectural design. The new standard collection will be available from 1 October 2026. Key Changes to the Collection Serg\u00e9 3 % fabrics are being replaced by fabrics from","twitter:image":"https:\/\/www.neva.eu\/wp-content\/uploads\/NEVA-Nove-kolekce-latek-0.jpg"},"aioseo_meta_data":{"post_id":"32910","title":null,"description":null,"keywords":null,"keyphrases":{"focus":{"keyphrase":"","score":0,"analysis":{"keyphraseInTitle":{"score":0,"maxScore":9,"error":1}}},"additional":[]},"primary_term":null,"canonical_url":null,"og_title":null,"og_description":null,"og_object_type":"default","og_image_type":"default","og_image_url":null,"og_image_width":null,"og_image_height":null,"og_image_custom_url":null,"og_image_custom_fields":null,"og_video":"","og_custom_url":null,"og_article_section":null,"og_article_tags":null,"twitter_use_og":false,"twitter_card":"default","twitter_image_type":"default","twitter_image_url":null,"twitter_image_custom_url":null,"twitter_image_custom_fields":null,"twitter_title":null,"twitter_description":null,"schema":{"blockGraphs":[],"customGraphs":[],"default":{"data":{"Article":[],"Course":[],"Dataset":[],"FAQPage":[],"Movie":[],"Person":[],"Product":[],"ProductReview":[],"Car":[],"Recipe":[],"Service":[],"SoftwareApplication":[],"WebPage":[]},"graphName":"Article","isEnabled":true},"graphs":[]},"schema_type":"default","schema_type_options":null,"pillar_content":false,"robots_default":true,"robots_noindex":false,"robots_noarchive":false,"robots_nosnippet":false,"robots_nofollow":false,"robots_noimageindex":false,"robots_noodp":false,"robots_notranslate":false,"robots_max_snippet":"-1","robots_max_videopreview":"-1","robots_max_imagepreview":"large","priority":null,"frequency":"default","local_seo":null,"seo_analyzer_scan_date":"2026-09-03 09:10:16","breadcrumb_settings":null,"limit_modified_date":false,"open_ai":null,"ai":{"faqs":[],"keyPoints":[],"schemas":[],"titles":[],"descriptions":[],"socialPosts":{"email":{"subject":"","preview":"","content":""},"linkedin":[],"twitter":[],"facebook":[],"instagram":[]}},"created":"2026-08-28 09:35:12","updated":"2026-09-03 09:10:16","focus_keyword":null,"additional_keywords":null,"truseo_locale":null},"aioseo_breadcrumb":"<div class=\"aioseo-breadcrumbs\"><span class=\"aioseo-breadcrumb\">\n\t<a href=\"https:\/\/www.neva.eu\/en\/\" title=\"Home\">Home<\/a>\n<\/span><span class=\"aioseo-breadcrumb-separator\">&raquo;<\/span><span class=\"aioseo-breadcrumb\">\n\t<a href=\"https:\/\/www.neva.eu\/en\/news\/category\/product-news\/\" title=\"Product news\">Product news<\/a>\n<\/span><span class=\"aioseo-breadcrumb-separator\">&raquo;<\/span><span class=\"aioseo-breadcrumb\">\n\tNew fabric collection for textile screens\n<\/span><\/div>","aioseo_breadcrumb_json":[{"label":"Home","link":"https:\/\/www.neva.eu\/en\/"},{"label":"Product news","link":"https:\/\/www.neva.eu\/en\/news\/category\/product-news\/"},{"label":"New fabric collection for textile screens","link":"https:\/\/www.neva.eu\/en\/product-news\/new-fabric-collection-for-textile-screens\/"}],"author_meta":{"display_name":"Hana Posp\u00ed\u0161ilov\u00e1","author_link":"https:\/\/www.neva.eu\/en\/author\/hana-pospisilova\/"},"featured_img":"https:\/\/www.neva.eu\/wp-content\/uploads\/NEVA-Nove-kolekce-latek-0-300x150.jpg","coauthors":[],"tax_additional":{"categories":{"linked":["<a href=\"https:\/\/www.neva.eu\/en\/news\/category\/product-news\/\" class=\"advgb-post-tax-term\">Product news<\/a>"],"unlinked":["<span class=\"advgb-post-tax-term\">Product news<\/span>"]}},"comment_count":"0","relative_dates":{"created":"Posted 21 hours ago","modified":"Updated 21 hours ago"},"absolute_dates":{"created":"Posted on 3. 9. 2026","modified":"Updated on 3. 9. 2026"},"absolute_dates_time":{"created":"Posted on 3. 9. 2026 11:07","modified":"Updated on 3. 9. 2026 11:08"},"featured_img_caption":"","series_order":"","_links":{"self":[{"href":"https:\/\/www.neva.eu\/en\/wp-json\/wp\/v2\/posts\/32910","targetHints":{"allow":["GET"]}}],"collection":[{"href":"https:\/\/www.neva.eu\/en\/wp-json\/wp\/v2\/posts"}],"about":[{"href":"https:\/\/www.neva.eu\/en\/wp-json\/wp\/v2\/types\/post"}],"author":[{"embeddable":true,"href":"https:\/\/www.neva.eu\/en\/wp-json\/wp\/v2\/users\/33"}],"replies":[{"embeddable":true,"href":"https:\/\/www.neva.eu\/en\/wp-json\/wp\/v2\/comments?post=32910"}],"version-history":[{"count":1,"href":"https:\/\/www.neva.eu\/en\/wp-json\/wp\/v2\/posts\/32910\/revisions"}],"predecessor-version":[{"id":32911,"href":"https:\/\/www.neva.eu\/en\/wp-json\/wp\/v2\/posts\/32910\/revisions\/32911"}],"wp:featuredmedia":[{"embeddable":true,"href":"https:\/\/www.neva.eu\/en\/wp-json\/wp\/v2\/media\/32970"}],"wp:attachment":[{"href":"https:\/\/www.neva.eu\/en\/wp-json\/wp\/v2\/media?parent=32910"}],"wp:term":[{"taxonomy":"category","embeddable":true,"href":"https:\/\/www.neva.eu\/en\/wp-json\/wp\/v2\/categories?post=32910"},{"taxonomy":"post_tag","embeddable":true,"href":"https:\/\/www.neva.eu\/en\/wp-json\/wp\/v2\/tags?post=32910"}],"curies":[{"name":"wp","href":"https:\/\/api.w.org\/{rel}","templated":true}]}}