{"id":29674,"date":"2025-07-29T10:44:02","date_gmt":"2025-07-29T08:44:02","guid":{"rendered":"https:\/\/www.neva.eu\/uncategorized\/interior-lined-with-slat-blinds-our-showroom-was-designed-by-the-vrtika-k-studio\/"},"modified":"2025-08-01T12:03:43","modified_gmt":"2025-08-01T10:03:43","slug":"interior-lined-with-slat-blinds-our-showroom-was-designed-by-the-vrtiska-zak-studio","status":"publish","type":"post","link":"https:\/\/www.neva.eu\/en\/from-the-life-of-neva\/interior-lined-with-slat-blinds-our-showroom-was-designed-by-the-vrtiska-zak-studio\/","title":{"rendered":"Interior lined with slat blinds. Our showroom was designed by the VRTI\u0160KA &#038; \u017d\u00c1K studio"},"content":{"rendered":"        <section class=\"component component-gutenberg-heading typography my-1\">\n              \n<h2 class=\"wp-block-heading\">The layout was predetermined<\/h2>\n      <\/section>\n\n\n        <section class=\"component component-gutenberg-paragraph typography my-1\">\n              \n<p>Architects <a href=\"https:\/\/vrtiskazak.com\/cs\/studio\/\" target=\"_blank\" rel=\"noopener\" title><strong>Roman Vrti\u0161ka and Vladim\u00edr \u017d\u00e1k<\/strong><\/a> had their hands partially tied while working\u2009\u2014\u2009the basic layout of the building was fixed before their involvement in the project and they could not change it. Apart from this initial handicap, however, <strong>they had absolute freedom<\/strong>.<\/p>\n      <\/section>\n\n\n        <section class=\"component component-gutenberg-image typography my-1\">\n              \n<figure class=\"wp-block-image size-large\"><img loading=\"lazy\" decoding=\"async\" width=\"1024\" height=\"512\" src=\"https:\/\/www.neva.eu\/wp-content\/uploads\/NEVA-Showroom-5-1024x512.jpg\" alt class=\"wp-image-29630\" srcset=\"https:\/\/www.neva.eu\/wp-content\/uploads\/NEVA-Showroom-5-1024x512.jpg 1024w, https:\/\/www.neva.eu\/wp-content\/uploads\/NEVA-Showroom-5-300x150.jpg 300w, https:\/\/www.neva.eu\/wp-content\/uploads\/NEVA-Showroom-5-768x384.jpg 768w, https:\/\/www.neva.eu\/wp-content\/uploads\/NEVA-Showroom-5-1536x768.jpg 1536w, https:\/\/www.neva.eu\/wp-content\/uploads\/NEVA-Showroom-5.jpg 1920w\" sizes=\"auto, (max-width: 1024px) 100vw, 1024px\" \/><\/figure>\n      <\/section>\n\n\n        <section class=\"component component-gutenberg-quote typography my-1\">\n              \n<blockquote class=\"wp-block-quote is-layout-flow wp-block-quote-is-layout-flow\">\n<p><em>&nbsp;\u201cWe could design at least partial layout modifications, which in practice meant the demolition of some partitions and walling in passages, and especially cutting a&nbsp;large circular opening into the reinforced concrete wall in the middle of the showroom,<\/em>\u201d describes Roman Vrti\u0161ka.<br><br><em>\u201cOur goal was to open the space upstairs as much as possible. Part of the showroom is a&nbsp;training room that can be partitioned with a&nbsp;mobile acoustic curtain to create two meeting rooms. The flexibility of the space is also underlined by the atypical lay-out of tables which allows the creation of any combination. The rooms thus serve for meeting people, not just for presenting products or giving lectures,\u201d<\/em> adds Vrti\u0161ka.<\/p>\n<\/blockquote>\n      <\/section>\n\n\n        <section class=\"component component-gutenberg-image typography my-1\">\n              \n<figure class=\"wp-block-image size-large is-resized\"><img loading=\"lazy\" decoding=\"async\" width=\"1024\" height=\"512\" src=\"https:\/\/www.neva.eu\/wp-content\/uploads\/NEVA-Showroom-9-1024x512.jpg\" alt class=\"wp-image-29661\" style=\"width:1022px;height:auto\" srcset=\"https:\/\/www.neva.eu\/wp-content\/uploads\/NEVA-Showroom-9-1024x512.jpg 1024w, https:\/\/www.neva.eu\/wp-content\/uploads\/NEVA-Showroom-9-300x150.jpg 300w, https:\/\/www.neva.eu\/wp-content\/uploads\/NEVA-Showroom-9-768x384.jpg 768w, https:\/\/www.neva.eu\/wp-content\/uploads\/NEVA-Showroom-9-1536x768.jpg 1536w, https:\/\/www.neva.eu\/wp-content\/uploads\/NEVA-Showroom-9.jpg 1920w\" sizes=\"auto, (max-width: 1024px) 100vw, 1024px\" \/><\/figure>\n      <\/section>\n\n\n        <section class=\"component component-gutenberg-image typography my-1\">\n              \n<figure class=\"wp-block-image size-large\"><img loading=\"lazy\" decoding=\"async\" width=\"1024\" height=\"512\" src=\"https:\/\/www.neva.eu\/wp-content\/uploads\/NEVA-Showroom-8-1-1024x512.jpg\" alt class=\"wp-image-29667\" srcset=\"https:\/\/www.neva.eu\/wp-content\/uploads\/NEVA-Showroom-8-1-1024x512.jpg 1024w, https:\/\/www.neva.eu\/wp-content\/uploads\/NEVA-Showroom-8-1-300x150.jpg 300w, https:\/\/www.neva.eu\/wp-content\/uploads\/NEVA-Showroom-8-1-768x384.jpg 768w, https:\/\/www.neva.eu\/wp-content\/uploads\/NEVA-Showroom-8-1-1536x768.jpg 1536w, https:\/\/www.neva.eu\/wp-content\/uploads\/NEVA-Showroom-8-1.jpg 1920w\" sizes=\"auto, (max-width: 1024px) 100vw, 1024px\" \/><\/figure>\n      <\/section>\n\n\n        <section class=\"component component-gutenberg-heading typography my-1\">\n              \n<h2 class=\"wp-block-heading\">The most distinct element of the interior is the lining with&nbsp;slats<\/h2>\n      <\/section>\n\n\n        <section class=\"component component-gutenberg-paragraph typography my-1\">\n              \n<p>The most distinct element of the interior is created by <strong>aluminium strips<\/strong>\u2009\u2014\u2009slats, from which we in NEVA produce <a href=\"https:\/\/www.neva.eu\/en\/blinds\/external-blinds\/\" title>external blinds<\/a>. In this case, we exceptionally did not pass the strips to our rolling machines, but used them for <strong>lining the ceilings and some walls<\/strong>. Virtually wrapped with aluminium is a&nbsp;central reinforced concrete wall, from which the strips are routed all over the ceiling of the showroom and meeting rooms.<\/p>\n      <\/section>\n\n\n        <section class=\"component component-gutenberg-paragraph typography my-1\">\n              \n<p>Several kilometres of aluminium strips were used to form the original look of the entire interior. This novel solution brought with it several challenges, for example, we had to solve the installation of the ceiling so that the <strong>strips could be spread<\/strong> to retain access to utilities or air conditioning.<\/p>\n      <\/section>\n\n\n        <section class=\"component component-gutenberg-paragraph typography my-1\">\n              \n<p>In addition to the slats, the interior is refined with the use of other quality materials: <strong>solid wood, concrete or cast cement floors<\/strong>. The interior is dominated by corporate blue and accessories in brick colour, the rest is intentionally neutral\u2009\u2014\u2009white, grey or black\u2009\u2014\u2009to avoid unnecessary distraction.<\/p>\n      <\/section>\n\n\n        <section class=\"component component-gutenberg-quote typography my-1\">\n              \n<blockquote class=\"wp-block-quote is-layout-flow wp-block-quote-is-layout-flow\">\n<p><em>\u201cThe use of aluminium strips in the interior is not just for effect. The aim was to project the soul of NEVA into the interior. Therefore, aluminium was used, therefore the colour scheme was selected, therefore quality materials were used,\u201d <\/em>adds Vrti\u0161ka.<\/p>\n<\/blockquote>\n      <\/section>\n\n\n        <section class=\"component component-gutenberg-image typography my-1\">\n              \n<figure class=\"wp-block-image size-large\"><img loading=\"lazy\" decoding=\"async\" width=\"1024\" height=\"512\" src=\"https:\/\/www.neva.eu\/wp-content\/uploads\/NEVA-Showroom-2-1024x512.jpg\" alt class=\"wp-image-29538\" srcset=\"https:\/\/www.neva.eu\/wp-content\/uploads\/NEVA-Showroom-2-1024x512.jpg 1024w, https:\/\/www.neva.eu\/wp-content\/uploads\/NEVA-Showroom-2-300x150.jpg 300w, https:\/\/www.neva.eu\/wp-content\/uploads\/NEVA-Showroom-2-768x384.jpg 768w, https:\/\/www.neva.eu\/wp-content\/uploads\/NEVA-Showroom-2-1536x768.jpg 1536w, https:\/\/www.neva.eu\/wp-content\/uploads\/NEVA-Showroom-2.jpg 1920w\" sizes=\"auto, (max-width: 1024px) 100vw, 1024px\" \/><\/figure>\n      <\/section>\n\n\n        <section class=\"component component-gutenberg-heading typography my-1\">\n              \n<h2 class=\"wp-block-heading\">We will be happy if you come visit&nbsp;us<\/h2>\n      <\/section>\n\n\n        <section class=\"component component-gutenberg-quote typography my-1\">\n              \n<blockquote class=\"wp-block-quote is-layout-flow wp-block-quote-is-layout-flow\">\n<p><\/p>\n<\/blockquote>\n      <\/section>\n\n\n        <section class=\"component component-gutenberg-paragraph typography my-1\">\n              \n<p>The result of the joint work is a&nbsp;timeless building in which we&nbsp;have:<\/p>\n      <\/section>\n\n\n        <section class=\"component component-gutenberg-list typography my-1\">\n              \n<ul class=\"wp-block-list\">\n<li>a spacious dining room on the ground floor connected to an outdoor terrace,<\/li>\n\n\n\n<li>a showroom, where we exhibit, among other things, above-standard four-metre blind samples,<\/li>\n\n\n\n<li>a meeting room that we can partition with a&nbsp;mobile curtain into two smaller rooms<\/li>\n\n\n\n<li>and bright offices for company management.<\/li>\n<\/ul>\n      <\/section>\n\n\n        <section class=\"component component-gutenberg-paragraph typography my-1\">\n              \n<p>Of course, outdoor shielding is missing from the outside of the building\u2009\u2014\u2009on the ground floor we \u201cinstalled\u201d our <a href=\"https:\/\/www.neva.eu\/en\/textile-screens\/\">screens<\/a>, upstairs <a href=\"https:\/\/www.neva.eu\/en\/blinds\/external-blinds\/\">external blinds<\/a>. Thus the showroom is not formed only by the inside space, but also by the building itself.<\/p>\n      <\/section>\n\n\n        <section class=\"component component-gutenberg-paragraph typography my-1\">\n              \n<p>The whole building is further connected to the <strong>smart KNX control system<\/strong>, which optimizes the use of energy and automatically controls, for example, heating or screening.<\/p>\n      <\/section>\n\n\n        <section class=\"component component-gutenberg-paragraph typography my-1\">\n              \n<p>After two and a&nbsp;half years, we can say that the building (and especially the showroom) fulfils its purpose\u2009\u2014\u2009it supports networking, creates a&nbsp;pleasant atmosphere and evokes enthusiasm and curiosity of our visitors. If you would like to see the space in person, let us know and we will arrange a&nbsp;personal meeting.<\/p>\n      <\/section>\n","protected":false},"excerpt":{"rendered":"<p>In 2023, our production area in Kralice na Han\u00e9 was expanded to include a new two-storey building. The interior of the multifunctional building, which includes offices, a dining room, a meeting room and a showroom, was designed for us by the architectural studio VRTI\u0160KA &#038; \u017d\u00c1K. The space is mainly dominated by the non-standard wall and ceiling lining &#8211; aluminium strips that we commonly use for the production of external blinds.<\/p>\n","protected":false},"author":4,"featured_media":29546,"comment_status":"closed","ping_status":"closed","sticky":false,"template":"","format":"standard","meta":{"_acf_changed":false,"advgb_blocks_editor_width":"","advgb_blocks_columns_visual_guide":"","_daim_seo_power":"","_daim_enable_ail":"","footnotes":""},"categories":[125],"tags":[],"class_list":["post-29674","post","type-post","status-publish","format-standard","has-post-thumbnail","hentry","category-from-the-life-of-neva"],"acf":[],"aioseo_notices":[],"author_meta":{"display_name":"Miloslav Matou\u0161ek","author_link":"https:\/\/www.neva.eu\/en\/author\/matousek\/"},"featured_img":"https:\/\/www.neva.eu\/wp-content\/uploads\/NEVA-Showroom-1-300x150.jpg","coauthors":[],"tax_additional":{"categories":{"linked":["<a href=\"https:\/\/www.neva.eu\/en\/news\/category\/from-the-life-of-neva\/\" class=\"advgb-post-tax-term\">From the life of NEVA<\/a>"],"unlinked":["<span class=\"advgb-post-tax-term\">From the life of NEVA<\/span>"]}},"comment_count":"0","relative_dates":{"created":"Posted 9 months ago","modified":"Updated 9 months ago"},"absolute_dates":{"created":"Posted on 29. 7. 2025","modified":"Updated on 1. 8. 2025"},"absolute_dates_time":{"created":"Posted on 29. 7. 2025 10:44","modified":"Updated on 1. 8. 2025 12:03"},"featured_img_caption":"","series_order":"","_links":{"self":[{"href":"https:\/\/www.neva.eu\/en\/wp-json\/wp\/v2\/posts\/29674","targetHints":{"allow":["GET"]}}],"collection":[{"href":"https:\/\/www.neva.eu\/en\/wp-json\/wp\/v2\/posts"}],"about":[{"href":"https:\/\/www.neva.eu\/en\/wp-json\/wp\/v2\/types\/post"}],"author":[{"embeddable":true,"href":"https:\/\/www.neva.eu\/en\/wp-json\/wp\/v2\/users\/4"}],"replies":[{"embeddable":true,"href":"https:\/\/www.neva.eu\/en\/wp-json\/wp\/v2\/comments?post=29674"}],"version-history":[{"count":3,"href":"https:\/\/www.neva.eu\/en\/wp-json\/wp\/v2\/posts\/29674\/revisions"}],"predecessor-version":[{"id":29682,"href":"https:\/\/www.neva.eu\/en\/wp-json\/wp\/v2\/posts\/29674\/revisions\/29682"}],"wp:featuredmedia":[{"embeddable":true,"href":"https:\/\/www.neva.eu\/en\/wp-json\/wp\/v2\/media\/29546"}],"wp:attachment":[{"href":"https:\/\/www.neva.eu\/en\/wp-json\/wp\/v2\/media?parent=29674"}],"wp:term":[{"taxonomy":"category","embeddable":true,"href":"https:\/\/www.neva.eu\/en\/wp-json\/wp\/v2\/categories?post=29674"},{"taxonomy":"post_tag","embeddable":true,"href":"https:\/\/www.neva.eu\/en\/wp-json\/wp\/v2\/tags?post=29674"}],"curies":[{"name":"wp","href":"https:\/\/api.w.org\/{rel}","templated":true}]}}