{"id":24343,"date":"2024-01-29T13:36:15","date_gmt":"2024-01-29T12:36:15","guid":{"rendered":"https:\/\/www.neva.eu\/uncategorized\/were-getting-ready-for-rt-2024-in-stuttgart\/"},"modified":"2024-02-09T10:27:00","modified_gmt":"2024-02-09T09:27:00","slug":"were-getting-ready-for-rt-2024-in-stuttgart","status":"publish","type":"post","link":"https:\/\/www.neva.eu\/en\/from-the-life-of-neva\/were-getting-ready-for-rt-2024-in-stuttgart\/","title":{"rendered":"We\u2019re getting ready for R+T 2024 in Stuttgart"},"content":{"rendered":"        <section class=\"component component-gutenberg-heading typography my-1\">\n              \n<h2 class=\"wp-block-heading\">Stand designed by Vrti\u0161ka <span class=\"amp\">&amp;<\/span>&nbsp;\u017d\u00e1k architectural studio<\/h2>\n      <\/section>\n        <section class=\"component component-gutenberg-paragraph typography my-1\">\n              \n<p>We already collaborated with the Vrti\u0161ka <span class=\"amp\">&amp;<\/span>&nbsp;\u017d\u00e1k architectural studio during the construction of our showroom and training centre. Since the collaboration proved successful for us, we commissioned them to create our whole stand for the R+T 2024 trade fair in Stuttgart.&nbsp;&nbsp; \u201c<em>Just as in our showroom, the architects got inspired by external blinds, their shape and materials. So, a&nbsp;display of our products and novel processing of production materials in a&nbsp;way you wouldn\u2019t expect waits for you at the stand<\/em>,\u201d says Miloslav Matou\u0161ek, our Marketing Manager.<\/p>\n      <\/section>\n        <section class=\"component component-gutenberg-heading typography my-1\">\n              \n<h2 class=\"wp-block-heading\">We will present our novelties<\/h2>\n      <\/section>\n        <section class=\"component component-gutenberg-paragraph typography my-1\">\n              \n<p>As usual, we will bring samples and specimens of our external blinds and textile screens to the trade fair.\r\n\r\nFor the first time this year, we will also present the long-prepared new product that will expand our existing portfolio.&nbsp; \u201c<em>Based on the feedback from our partners, we embarked on developing a&nbsp;new product, about which we are very happy. We can\u2019t reveal details for the time being, but visitors surely have something to look forward to,<\/em>\u201d says Miroslav Sedl\u00e1\u010dek, Head of the Development Department.<\/p>\n      <\/section>\n        <section class=\"component component-gutenberg-heading typography my-1\">\n              \n<h2 class=\"wp-block-heading\">Come to visit&nbsp;us<\/h2>\n      <\/section>\n        <section class=\"component component-gutenberg-paragraph typography my-1\">\n              \n<p>Visitors to our stand can try out our new online shop, BIM configurator or view our production using VR glasses. Of course, we will have pleasant seating and refreshments available for each&nbsp;guest.<\/p>\n      <\/section>\n        <section class=\"component component-gutenberg-paragraph typography my-1\">\n              \n<p>The trade fair begins on Monday, 19 February, and ends on Friday, 23 February. We will be very pleased to see you. If you would like to get a&nbsp;free ticket, let us know at <a href=\"mailto:marketing@neva.eu\">marketing@neva.eu<\/a>.&nbsp; We still keep a&nbsp;few of them for our partners and visitors.<\/p>\n      <\/section>\n","protected":false},"excerpt":{"rendered":"<p>Following a 6-year pause due to Covid-19, a live R+T 2024 shading technology trade fair is finally awaiting us in Stuttgart. We have prepared a modern stand by the Vrti\u0161ka &#038; \u017d\u00e1k architectural studio, a completely new product or a 3D tour of our production for our partners and visitors, which you can virtually visit using VR glasses.<\/p>\n","protected":false},"author":9,"featured_media":24247,"comment_status":"closed","ping_status":"closed","sticky":false,"template":"","format":"standard","meta":{"_acf_changed":false,"advgb_blocks_editor_width":"","advgb_blocks_columns_visual_guide":"","_daim_seo_power":"1000","_daim_enable_ail":"1","footnotes":""},"categories":[125],"tags":[],"class_list":["post-24343","post","type-post","status-publish","format-standard","has-post-thumbnail","hentry","category-from-the-life-of-neva"],"acf":[],"aioseo_notices":[],"author_meta":{"display_name":"Kate\u0159ina Musilov\u00e1","author_link":"https:\/\/www.neva.eu\/en\/author\/vranova\/"},"featured_img":"https:\/\/www.neva.eu\/wp-content\/uploads\/NEVA-RT2024-300x150.jpg","coauthors":[],"tax_additional":{"categories":{"linked":["<a href=\"https:\/\/www.neva.eu\/en\/news\/category\/from-the-life-of-neva\/\" class=\"advgb-post-tax-term\">From the life of NEVA<\/a>"],"unlinked":["<span class=\"advgb-post-tax-term\">From the life of NEVA<\/span>"]}},"comment_count":"0","relative_dates":{"created":"Posted 2 years ago","modified":"Updated 2 years ago"},"absolute_dates":{"created":"Posted on 29. 1. 2024","modified":"Updated on 9. 2. 2024"},"absolute_dates_time":{"created":"Posted on 29. 1. 2024 13:36","modified":"Updated on 9. 2. 2024 10:27"},"featured_img_caption":"","series_order":"","_links":{"self":[{"href":"https:\/\/www.neva.eu\/en\/wp-json\/wp\/v2\/posts\/24343","targetHints":{"allow":["GET"]}}],"collection":[{"href":"https:\/\/www.neva.eu\/en\/wp-json\/wp\/v2\/posts"}],"about":[{"href":"https:\/\/www.neva.eu\/en\/wp-json\/wp\/v2\/types\/post"}],"author":[{"embeddable":true,"href":"https:\/\/www.neva.eu\/en\/wp-json\/wp\/v2\/users\/9"}],"replies":[{"embeddable":true,"href":"https:\/\/www.neva.eu\/en\/wp-json\/wp\/v2\/comments?post=24343"}],"version-history":[{"count":2,"href":"https:\/\/www.neva.eu\/en\/wp-json\/wp\/v2\/posts\/24343\/revisions"}],"predecessor-version":[{"id":24531,"href":"https:\/\/www.neva.eu\/en\/wp-json\/wp\/v2\/posts\/24343\/revisions\/24531"}],"wp:featuredmedia":[{"embeddable":true,"href":"https:\/\/www.neva.eu\/en\/wp-json\/wp\/v2\/media\/24247"}],"wp:attachment":[{"href":"https:\/\/www.neva.eu\/en\/wp-json\/wp\/v2\/media?parent=24343"}],"wp:term":[{"taxonomy":"category","embeddable":true,"href":"https:\/\/www.neva.eu\/en\/wp-json\/wp\/v2\/categories?post=24343"},{"taxonomy":"post_tag","embeddable":true,"href":"https:\/\/www.neva.eu\/en\/wp-json\/wp\/v2\/tags?post=24343"}],"curies":[{"name":"wp","href":"https:\/\/api.w.org\/{rel}","templated":true}]}}