{"id":15998,"date":"2022-01-26T14:38:44","date_gmt":"2022-01-26T13:38:44","guid":{"rendered":"https:\/\/www.neva.eu\/uncategorized\/outdoor-blinds-reduce-room-temperature-by-4-degrees-says-tomas-minarik-from-olomouc\/"},"modified":"2025-07-15T15:22:49","modified_gmt":"2025-07-15T13:22:49","slug":"outdoor-blinds-reduce-room-temperature-by-4-degrees-says-tomas-minarik-from-olomouc","status":"publish","type":"post","link":"https:\/\/www.neva.eu\/en\/case-studies\/outdoor-blinds-reduce-room-temperature-by-4-degrees-says-tomas-minarik-from-olomouc\/","title":{"rendered":"Outdoor blinds reduce room temperature by 4 degrees, says Tom\u00e1\u0161 Mina\u0159\u00edk from Olomouc"},"content":{"rendered":"        <section class=\"component component-gutenberg-paragraph typography my-1\">\n              \n<p>Although Tom\u00e1\u0161 Mina\u0159\u00edk could theoretically have chosen the screening when he bought his new flat, the building was already <strong>prepared for the installation of external blinds<\/strong>. <em>\u201cDiamond Design had prepared a&nbsp;louvre box, so I&nbsp;took advantage of that. I&nbsp;contacted several companies that install outdoor blinds, but the conditions were comparable for all of them. So I&nbsp;chose Diamond Design because they did the preparation, and I&nbsp;knew they already knew the building,\u201d<\/em> recalls Tom\u00e1\u0161 Mina\u0159\u00edk.<\/p>\n      <\/section>\n        <section class=\"component component-gutenberg-heading typography my-1\">\n              \n<h2 class=\"wp-block-heading\"><strong>I was delighted by the trouble-free installation<\/strong><\/h2>\n      <\/section>\n        <section class=\"component component-gutenberg-paragraph typography my-1\">\n              \n<p>Tom\u00e1\u0161 Mina\u0159\u00edk was pleased that he <strong>did not have to deal with anything at all<\/strong> during the measuring and installation of the outdoor blinds. <em>\u201cWhen the screening was installed, the flat was not yet finished, and my girlfriend and I&nbsp;were not living there. The people from <a href=\"https:\/\/www.diamonddesign.eu\/\" target=\"_blank\" rel=\"noreferrer noopener\" title=\"https:\/\/www.diamonddesign.eu\/\">Diamond Design<\/a> measured the windows in the living room and came two weeks later and installed the blinds. <\/em><strong><em>I&nbsp;was not even on site for the installation,<\/em><\/strong> <em>I&nbsp;just left them the keys, and they dropped them off in my mailbox,\u201d<\/em> he&nbsp;says.<\/p>\n      <\/section>\n        <section class=\"component component-gutenberg-paragraph typography my-1\">\n              \n<p>He and his girlfriend moved into the flat a&nbsp;few months later and have been praising the outdoor blinds ever since.<em> \u201cI used to live in a&nbsp;tower block with traditional internal blinds. Fine for basic screening, but you cannot compare them with these outdoor ones. They were unreliable, the cord broke several times. <\/em><strong><em>These outdoor blinds are in a&nbsp;whole different league<\/em><\/strong><em>,\u201d<\/em> he&nbsp;says.<\/p>\n      <\/section>\n        <section class=\"component component-gutenberg-image typography my-1\">\n              \n<figure class=\"wp-block-image size-full is-style-default\"><img loading=\"lazy\" decoding=\"async\" width=\"1920\" height=\"960\" src=\"https:\/\/www.neva.eu\/wp-content\/uploads\/neva-pripadova-studie-venkovni-zaluzie-vilapark-olomouc-1.jpg\" alt class=\"wp-image-15548\" srcset=\"https:\/\/www.neva.eu\/wp-content\/uploads\/neva-pripadova-studie-venkovni-zaluzie-vilapark-olomouc-1.jpg 1920w, https:\/\/www.neva.eu\/wp-content\/uploads\/neva-pripadova-studie-venkovni-zaluzie-vilapark-olomouc-1-1536x768.jpg 1536w, https:\/\/www.neva.eu\/wp-content\/uploads\/neva-pripadova-studie-venkovni-zaluzie-vilapark-olomouc-1-1280x640.jpg 1280w, https:\/\/www.neva.eu\/wp-content\/uploads\/neva-pripadova-studie-venkovni-zaluzie-vilapark-olomouc-1-940x470.jpg 940w, https:\/\/www.neva.eu\/wp-content\/uploads\/neva-pripadova-studie-venkovni-zaluzie-vilapark-olomouc-1-758x379.jpg 758w, https:\/\/www.neva.eu\/wp-content\/uploads\/neva-pripadova-studie-venkovni-zaluzie-vilapark-olomouc-1-425x213.jpg 425w\" sizes=\"auto, (max-width: 1920px) 100vw, 1920px\" \/><figcaption>The outdoor blinds fit naturally into the wooden terrace design<\/figcaption><\/figure>      <\/section>\n        <section class=\"component component-gutenberg-heading typography my-1\">\n              \n<h2 class=\"wp-block-heading\"><strong>The blinds both cool and provide privacy<\/strong><\/h2>\n      <\/section>\n        <section class=\"component component-gutenberg-paragraph typography my-1\">\n              \n<p>Since the flat is on the ground floor, Tom\u00e1\u0161 Mina\u0159\u00edk appreciates most that the outdoor blinds <strong>make his living room invisible and make him feel safer<\/strong>. <em>\u201cThe blinds give us the privacy we need, including a&nbsp;feeling of security. Even though we are quite far from the pavement, one can see inside from the outside thanks to the large glass&nbsp;wall.\u201d<\/em><\/p>\n      <\/section>\n        <section class=\"component component-gutenberg-paragraph typography my-1\">\n              \n<p>In the summer, the outdoor blinds <strong>noticeably lower the temperature in the room<\/strong>. <em>\u201cI did not believe it, but with the blinds it is actually cooler inside. I&nbsp;measured it on purpose\u2009\u2014\u2009with the blinds up, the living room temperature was 30\u00b0C, but when I&nbsp;pulled them down and darkened the room, the temperature dropped to 26\u00b0C. That is a&nbsp;difference you can already feel in the summer, and <\/em><strong><em>in that respect, the outdoor blinds pleasantly surprised me<\/em><\/strong><em>,\u201d<\/em> he&nbsp;says.<\/p>\n      <\/section>\n        <section class=\"component component-gutenberg-image typography my-1\">\n              \n<figure class=\"wp-block-image size-full is-style-default\"><img loading=\"lazy\" decoding=\"async\" width=\"1920\" height=\"960\" src=\"https:\/\/www.neva.eu\/wp-content\/uploads\/neva-pripadova-studie-venkovni-zaluzie-vilapark-olomouc-2.jpg\" alt class=\"wp-image-15554\" srcset=\"https:\/\/www.neva.eu\/wp-content\/uploads\/neva-pripadova-studie-venkovni-zaluzie-vilapark-olomouc-2.jpg 1920w, https:\/\/www.neva.eu\/wp-content\/uploads\/neva-pripadova-studie-venkovni-zaluzie-vilapark-olomouc-2-1536x768.jpg 1536w, https:\/\/www.neva.eu\/wp-content\/uploads\/neva-pripadova-studie-venkovni-zaluzie-vilapark-olomouc-2-1280x640.jpg 1280w, https:\/\/www.neva.eu\/wp-content\/uploads\/neva-pripadova-studie-venkovni-zaluzie-vilapark-olomouc-2-940x470.jpg 940w, https:\/\/www.neva.eu\/wp-content\/uploads\/neva-pripadova-studie-venkovni-zaluzie-vilapark-olomouc-2-758x379.jpg 758w, https:\/\/www.neva.eu\/wp-content\/uploads\/neva-pripadova-studie-venkovni-zaluzie-vilapark-olomouc-2-425x213.jpg 425w\" sizes=\"auto, (max-width: 1920px) 100vw, 1920px\" \/><figcaption>Tom\u00e1\u0161 Mina\u0159\u00edk would recommend outdoor blinds to anyone.<\/figcaption><\/figure>      <\/section>\n        <section class=\"component component-gutenberg-paragraph typography my-1\">\n              \n<p><strong>I recommend outdoor blinds to everyone now<\/strong><\/p>\n      <\/section>\n        <section class=\"component component-gutenberg-paragraph typography my-1\">\n              \n<p>Tom\u00e1\u0161 Mina\u0159\u00edk was also pleased that everyone who comes to visit him praises the blinds. <em>\u201cThe outdoor blinds are quite prominent on the window, so everyone notices them. And everyone has words of praise for&nbsp;them.\u201d<\/em><\/p>\n      <\/section>\n        <section class=\"component component-gutenberg-paragraph typography my-1\">\n              \n<p><em>\u201cWithout getting anything out of it, I&nbsp;now recommend the blinds to everyone. My only regret about them is that they are quite slow to pull up and down. But since we pull them up and down twice a&nbsp;day at most, it does not matter so much. If I&nbsp;ever move into a&nbsp;house, <\/em><strong><em>I&nbsp;will definitely want outdoor blinds again.<\/em><\/strong><em>. And I&nbsp;will probably contact Diamond Design again and ask for NEVA blinds,\u201d<\/em> concludes Tom\u00e1\u0161 Mina\u0159\u00edk.<\/p>\n      <\/section>\n        <section class=\"component component-gutenberg-paragraph typography my-1\">\n              \n<p>If you also like our outdoor blinds, contact one of our <a href=\"https:\/\/www.neva.eu\/en\/find-retailer\/\">installation partners<\/a>. They will be happy to consult with you or prepare a&nbsp;quotation.<\/p>\n      <\/section>\n","protected":false},"excerpt":{"rendered":"<p>Tom\u00e1\u0161 Mina\u0159\u00edk, from the Tabulov\u00fd Vrch Villa Park in Olomouc, has the C80 outdoor blinds from NEVA installed on a glass wall in his living room. They offer him the privacy he needs, and in the summer, they also noticeably reduce room temperature. When the louvres are up, the living room temperature goes up to 30\u00b0C. However, once the louvres are down when he darkens the room, the temperature drops to 26 \u00b0C within a few hours.<\/p>\n","protected":false},"author":4,"featured_media":15543,"comment_status":"closed","ping_status":"closed","sticky":false,"template":"","format":"standard","meta":{"_acf_changed":false,"advgb_blocks_editor_width":"","advgb_blocks_columns_visual_guide":"","_daim_seo_power":"","_daim_enable_ail":"","footnotes":""},"categories":[123],"tags":[],"class_list":["post-15998","post","type-post","status-publish","format-standard","has-post-thumbnail","hentry","category-case-studies"],"acf":[],"aioseo_notices":[],"author_meta":{"display_name":"Miloslav Matou\u0161ek","author_link":"https:\/\/www.neva.eu\/en\/author\/matousek\/"},"featured_img":"https:\/\/www.neva.eu\/wp-content\/uploads\/neva-pripadova-studie-venkovni-zaluzie-vilapark-olomouc.jpg","coauthors":[],"tax_additional":{"categories":{"linked":["<a href=\"https:\/\/www.neva.eu\/en\/news\/category\/case-studies\/\" class=\"advgb-post-tax-term\">Case studies<\/a>"],"unlinked":["<span class=\"advgb-post-tax-term\">Case studies<\/span>"]}},"comment_count":"0","relative_dates":{"created":"Posted 4 years ago","modified":"Updated 10 months ago"},"absolute_dates":{"created":"Posted on 26. 1. 2022","modified":"Updated on 15. 7. 2025"},"absolute_dates_time":{"created":"Posted on 26. 1. 2022 14:38","modified":"Updated on 15. 7. 2025 15:22"},"featured_img_caption":"","series_order":"","_links":{"self":[{"href":"https:\/\/www.neva.eu\/en\/wp-json\/wp\/v2\/posts\/15998","targetHints":{"allow":["GET"]}}],"collection":[{"href":"https:\/\/www.neva.eu\/en\/wp-json\/wp\/v2\/posts"}],"about":[{"href":"https:\/\/www.neva.eu\/en\/wp-json\/wp\/v2\/types\/post"}],"author":[{"embeddable":true,"href":"https:\/\/www.neva.eu\/en\/wp-json\/wp\/v2\/users\/4"}],"replies":[{"embeddable":true,"href":"https:\/\/www.neva.eu\/en\/wp-json\/wp\/v2\/comments?post=15998"}],"version-history":[{"count":1,"href":"https:\/\/www.neva.eu\/en\/wp-json\/wp\/v2\/posts\/15998\/revisions"}],"predecessor-version":[{"id":29401,"href":"https:\/\/www.neva.eu\/en\/wp-json\/wp\/v2\/posts\/15998\/revisions\/29401"}],"wp:featuredmedia":[{"embeddable":true,"href":"https:\/\/www.neva.eu\/en\/wp-json\/wp\/v2\/media\/15543"}],"wp:attachment":[{"href":"https:\/\/www.neva.eu\/en\/wp-json\/wp\/v2\/media?parent=15998"}],"wp:term":[{"taxonomy":"category","embeddable":true,"href":"https:\/\/www.neva.eu\/en\/wp-json\/wp\/v2\/categories?post=15998"},{"taxonomy":"post_tag","embeddable":true,"href":"https:\/\/www.neva.eu\/en\/wp-json\/wp\/v2\/tags?post=15998"}],"curies":[{"name":"wp","href":"https:\/\/api.w.org\/{rel}","templated":true}]}}