{"id":9706,"date":"2020-07-10T08:29:00","date_gmt":"2020-07-10T06:29:00","guid":{"rendered":"https:\/\/www.neva.eu\/?p=9706"},"modified":"2025-07-14T14:45:54","modified_gmt":"2025-07-14T12:45:54","slug":"so-waehlen-sie-die-verschattung-fuer-passiv-oder-niedrigenergiehaeuser","status":"publish","type":"post","link":"https:\/\/www.neva.eu\/de\/tipps-und-anleitungen\/so-waehlen-sie-die-verschattung-fuer-passiv-oder-niedrigenergiehaeuser\/","title":{"rendered":"So w\u00e4hlen Sie die Verschattung f\u00fcr Passiv- oder Niedrigenergieh\u00e4user"},"content":{"rendered":"        <section class=\"component component-gutenberg-paragraph typography my-1\">\n              \n<p>Passiv- oder Niedrigenergieh\u00e4user unterscheiden sich von herk\u00f6mmlichen Geb\u00e4uden <strong>durch einen niedrigeren oder Null- Energieverbrauch <\/strong>und eine konstante Temperatur im Innenraum das ganze Jahr&nbsp;\u00fcber.<\/p>\n      <\/section>\n\n\n        <section class=\"component component-gutenberg-paragraph typography my-1\">\n              \n<p>Die meisten Passivh\u00e4user haben die Form eines Quadersform, indem ihre l\u00e4ngere Seite mit der gr\u00f6\u00dften <strong>Fensterfl\u00e4che nach S\u00fcden <\/strong>, ggf. nach S\u00fcdosten oder S\u00fcdwesten ausgerichtet ist. Die H\u00e4user sind so konzipiert, dass sie die gr\u00f6\u00dftm\u00f6gliche W\u00e4rme aus der Sonnenstrahlung einfangen. Das ist im Winter hoch willkommen, wenn die R\u00e4ume nicht zus\u00e4tzlich geheizt werden m\u00fcssen, im<strong> Sommer verursacht dies jedoch eine \u00dcberhitzung<\/strong>.<\/p>\n      <\/section>\n\n\n        <section class=\"component component-gutenberg-paragraph typography my-1\">\n              \n<p>Auf der S\u00fcdseite eines Passiv- oder Niedrigenergiehaus <strong>sind die Wohnr\u00e4ume zu finden<\/strong>, auf der Nordseite \u2013 im k\u00fchleren Bereich \u2013 die B\u00e4der, Toiletten und Garderoben. R\u00e4ume wie die Garage und der Wintergarten werden vom Haus getrennt, damit sie keine unn\u00f6tigen Temperaturschwankungen verursachen.<\/p>\n      <\/section>\n\n\n        <section class=\"component component-gutenberg-heading typography my-1\">\n              \n<h2 class=\"wp-block-heading\">Unterschied zwischen einem Passiv- und einem Niedrigenergiehaus<\/h2>\n      <\/section>\n\n\n        <section class=\"component component-gutenberg-table typography my-1\">\n              \n<figure class=\"wp-block-table is-style-regular\"><table><thead><tr><th><\/th><th><strong>Pasivn\u00ed d\u016fm<\/strong><\/th><th><strong>N\u00edzkoenergetick\u00fd d\u016fm<\/strong><\/th><\/tr><\/thead><tbody><tr><td><strong>Jahresenergieverbrauch<\/strong><\/td><td>maximal 15 kWh\/\u200bm\u00b2<\/td><td>im Bereich zwischen 40 und 50 kWh\/\u200bm\u00b2<\/td><\/tr><tr><td><strong>Anteil der verglasten Fl\u00e4chen<\/strong><\/td><td>maximale Fensterfl\u00e4che 40&nbsp;% auf der S\u00fcdseite des Hauses<\/td><td>maximale Fensterfl\u00e4che 25&nbsp;% der gesamten Hausfassade<\/td><\/tr><tr><td><strong>W\u00e4rmedurchgangskoeffizient der Fenster (Uw)<\/strong><\/td><td>Uw <\/td><td>Uw \u2264 0,8&nbsp;W\/\u200bm\u00b2K<\/td><\/tr><tr><td><strong>Solarenergie<\/strong><\/td><td>Ja<\/td><td>Nein<\/td><\/tr><tr><td><strong>W\u00e4rmer\u00fcckgewinnung<\/strong><\/td><td>Ja<\/td><td>Nein<\/td><\/tr><tr><td><strong>L\u00fcftungsanlage<\/strong><\/td><td>Ja<\/td><td>Ja<\/td><\/tr><tr><td><strong>Verst\u00e4rkte W\u00e4rmed\u00e4mmung<\/strong><\/td><td>Ja<\/td><td>Ja<\/td><\/tr><tr><td><strong>Au\u00dfenliegende Verschattung<\/strong><\/td><td>Ja<\/td><td>Ja<\/td><\/tr><\/tbody><\/table><\/figure>\n      <\/section>\n\n\n        <section class=\"component component-gutenberg-html typography my-1\">\n              \n<p style=\"font-size: .8125em;color:#999;font-style:italic;padding:.5rem 0 0 0;\">Die Kosten f\u00fcr den Bau eines Niedrigenergiehauses entsprechen ohne W\u00e4rmer\u00fcckgewinnung einem herk\u00f6mmlichen Haus. Bei einem Niedrigenergiehaus sparen Sie jedoch bis zu 100 kWh\/\u200bm\u00b2, da der j\u00e4hrliche Verbrauch eines Standardhauses zwischen 120 und 150 kWh\/\u200bm\u00b2&nbsp;liegt.<\/p>\n      <\/section>\n\n\n        <section class=\"component component-gutenberg-heading typography my-1\">\n              \n<h2 class=\"wp-block-heading\">Architektonische Elemente: stets nur teilweise Verschattung des Hauses<\/h2>\n      <\/section>\n\n\n        <section class=\"component component-gutenberg-paragraph typography my-1\">\n              \n<p><strong>Unverschattete Fenster lassen etwa 64&nbsp;% der Sonnenstrahlung in den Innenraum<\/strong>. Gegenst\u00e4nde im Innenraum absorbieren die hindurchgelassenen Strahlen und strahlen nachfolgend W\u00e4rme ab, die den Innenraum erw\u00e4rmt. Sie k\u00f6nnen dies auch mit grundlegenden architektonischen Elementen verhindern, wie&nbsp;etwa:<\/p>\n      <\/section>\n\n\n        <section class=\"component component-gutenberg-list typography my-1\">\n              \n<ul class=\"wp-block-list\">\n<li>einem gr\u00f6\u00dferen <strong>Dach\u00fcberstand<\/strong>,<\/li>\n\n\n\n<li><strong>einer Pergola<\/strong> beim franz\u00f6sischen Fenster,<\/li>\n\n\n\n<li>oder <strong>durch Sonnenschutzlamellen \u00fcber dem Fenster<\/strong>, welche die intensive Sonnenstrahlung abschirmen, jedoch die tiefstehende Wintersonne in den Innenraum lassen.<\/li>\n<\/ul>\n      <\/section>\n\n\n        <section class=\"component component-gutenberg-paragraph typography my-1\">\n              \n<p>Diese Elemente sch\u00fctzen die Fenster nicht hundertprozentig. Um auch im Sommer eine angenehme Temperatur im Passivhaus aufrechtzuerhalten,<strong> kombinieren Sie diese mit einer Au\u00dfenverschattung<\/strong> \u2013 installieren Sie Raffstores, Rolll\u00e4den oder Au\u00dfenrollos an den Fenstern und Markisen auf den Balkons und Terrassen.<\/p>\n      <\/section>\n\n\n        <section class=\"component component-gutenberg-image typography my-1\">\n              \n<figure class=\"wp-block-image size-large is-style-default\"><img loading=\"lazy\" decoding=\"async\" width=\"1920\" height=\"960\" src=\"https:\/\/www.neva.eu\/wp-content\/uploads\/neva-stineni-pro-pasivni-a-nizkoenergeticke-domy-1.jpg\" alt class=\"wp-image-9329\" srcset=\"https:\/\/www.neva.eu\/wp-content\/uploads\/neva-stineni-pro-pasivni-a-nizkoenergeticke-domy-1.jpg 1920w, https:\/\/www.neva.eu\/wp-content\/uploads\/neva-stineni-pro-pasivni-a-nizkoenergeticke-domy-1-1536x768.jpg 1536w, https:\/\/www.neva.eu\/wp-content\/uploads\/neva-stineni-pro-pasivni-a-nizkoenergeticke-domy-1-1280x640.jpg 1280w, https:\/\/www.neva.eu\/wp-content\/uploads\/neva-stineni-pro-pasivni-a-nizkoenergeticke-domy-1-940x470.jpg 940w, https:\/\/www.neva.eu\/wp-content\/uploads\/neva-stineni-pro-pasivni-a-nizkoenergeticke-domy-1-758x379.jpg 758w, https:\/\/www.neva.eu\/wp-content\/uploads\/neva-stineni-pro-pasivni-a-nizkoenergeticke-domy-1-425x213.jpg 425w\" sizes=\"auto, (max-width: 1920px) 100vw, 1920px\" \/><figcaption class=\"wp-element-caption\">Wenn Sie Sonnenschutzlamellen \u00fcber dem Fenster mit Raffstores kombinieren, sorgen Sie f\u00fcr ein angenehmes Klima im Innenraum und auf der Terrasse.<\/figcaption><\/figure>\n      <\/section>\n\n\n        <section class=\"component component-gutenberg-heading typography my-1\">\n              \n<h2 class=\"wp-block-heading\">Au\u00dfenverschattung: mit Sonnensensoren kombinieren und in die Fassaden einbauen<\/h2>\n      <\/section>\n\n\n        <section class=\"component component-gutenberg-paragraph typography my-1\">\n              \n<p>Raffstores sind die ideale L\u00f6sung, um die Innentemperatur im Sommer um bis zu 10&nbsp;\u00b0C zu senken und nahezu absolute Dunkelheit zu erzeugen. Wir empfehlen die Montage unter der Fassade in <a href=\"https:\/\/www.neva.eu\/de\/accessoires-und-zubehor\/produkte\/iso-kasten\/\" title>ISO-KASTL<\/a> <strong>und Sandwichplatten<\/strong>.Somit verstecken Sie das Lamellenpaket und die F\u00fchrungselemente unter&nbsp;Putz.<\/p>\n      <\/section>\n\n\n        <section class=\"component component-gutenberg-paragraph typography my-1\">\n              \n<p>Mit Raffstores k\u00f6nnen Sie durch Kippen der Lamellen exakt<strong> die Menge und die Richtung des Lichts<\/strong>, das Sie in den Innenraum lassen m\u00f6chten, regulieren. Das ist mit Rolll\u00e4den, Markisen und Screens nicht so gut m\u00f6glich \u2013 Sie k\u00f6nnen entweder das ganze Rollo zuziehen oder nur einen Teil des Fensters verschatten. Mit den Grundvarianten der Markisen und Textilscreens k\u00f6nnen Sie zumindest das teilweise Durchdringen der Sonnenstrahlen durch den Stoff nicht verhindern.<\/p>\n      <\/section>\n\n\n        <section class=\"component component-gutenberg-paragraph typography my-1\">\n              \n<p>Alle diese L\u00f6sungen k\u00f6nnen Sie mit<strong> intelligenter Haussteuerung <\/strong>kombinieren und mit Sensoren und Motoren steuern. Sobald der Sonnensensor Sonnenstrahlen erkennt, weist er den Motor an, die Fenster automatisch zu verschatten. Wenn dagegen Wolken aufziehen, l\u00e4sst er mehr Licht in den Innenraum. Dies gew\u00e4hrleistet eine konstante Innentemperatur und spart Kosten f\u00fcr die Heizung und K\u00fchlung.<\/p>\n      <\/section>\n\n\n        <section class=\"component component-gutenberg-heading typography my-1\">\n              \n<h2 class=\"wp-block-heading\">Lamellen des Typs Z&nbsp;und S: verschatten zuverl\u00e4ssig ein Passivhaus<\/h2>\n      <\/section>\n\n\n        <section class=\"component component-gutenberg-paragraph typography my-1\">\n              \n<p>Der ideale Typ von Raffstores zum Verschatten eines Passivhauses ist der <a href=\"https:\/\/www.neva.eu\/de\/raffstoren\/produkte\/z-90\/\" title>Typ Z<\/a>. Im geschlossenen Zustand greifen die Lamellen genau ineinander und lassen nur ein Minimum an Licht in den Raum. Daher sind sie im Sommer an der S\u00fcdseite des Hauses perfekt geeignet \u2013 in Schlafzimmern, Wohnzimmern und Arbeitszimmern. Diese Variante ist elegant und passt aufgrund ihres technischen Erscheinungsbildes gut<strong> zu modernen Geb\u00e4uden<\/strong>.&nbsp;<\/p>\n      <\/section>\n\n\n        <section class=\"component component-gutenberg-paragraph typography my-1\">\n              \n<p>Im Winter fahren Sie die Raffstores einfach unter die Blende oder in den Unterputzkasten hoch und erlauben dem Innenraum sich aufzuheizen. Alternativ k\u00f6nnen Sie sie bis zu einem Winkel von 90&nbsp;Grad zu einer Seite neigen und die Sonnenstrahlen nach Bedarf lenken.<br>Dieselben Eigenschaften wie bei der Variante Z&nbsp;erzielen Sie auch mit Lamellen in <a href=\"https:\/\/www.neva.eu\/de\/raffstoren\/produkte\/s-90\/\" title>S\u2011Form<\/a>. Der Typ S&nbsp;ist jedoch glatter im Erscheinungsbild und verleiht der Fassade eine einheitlichere Optik.<\/p>\n      <\/section>\n\n\n        <section class=\"component component-gutenberg-heading typography my-1\">\n              \n<h2 class=\"wp-block-heading\">Lamellen des Typs C&nbsp;und F: verschatten und senken das Risiko von W\u00e4rmebr\u00fccken<\/h2>\n      <\/section>\n\n\n        <section class=\"component component-gutenberg-paragraph typography my-1\">\n              \n<p>Ein Kompromiss, den Sie zu beiden Seiten kippen k\u00f6nnen, sind <a href=\"https:\/\/www.neva.eu\/de\/raffstoren\/produkte\/c-80\/\" title>Raffstores des Typs C<\/a>. Im Sommer verschatten Sie den Innenraum, wenn Sie sie herunterlassen, und im Winter lenken Sie die Sonnenstrahlen durch Kippen nach Belieben <strong>von der Decke bis zum Boden in den Innenraum<\/strong>. Wir empfehlen, die Variante \u201eC\u201c mit Geb\u00e4uden filigranerer Formen zu kombinieren.<\/p>\n      <\/section>\n\n\n        <section class=\"component component-gutenberg-paragraph typography my-1\">\n              \n<p>Zum beidseitigen Kippen eignen sich auch gut <a href=\"https:\/\/www.neva.eu\/de\/raffstoren\/produkte\/f-80\/\" title>Raffstores des Typs F<\/a>. Sie sind flacher als der Typ C&nbsp;und wirken am Haus subtiler. Nach dem Hochziehen bilden sie ein<strong> noch flacheres Lamellenpaket. <\/strong>Daher verbergen Sie beide Varianten in einem flachen Unterputzkasten und reduzieren so den Bereich der Fassade mit suboptimaler W\u00e4rmed\u00e4mmung.<strong> Dies vermindert die Bildung von W\u00e4rmebr\u00fccken,<\/strong> welche Temperaturschwankungen im Innenraum verursachen.<\/p>\n      <\/section>\n\n\n        <section class=\"component component-gutenberg-image typography my-1\">\n              \n<figure class=\"wp-block-image size-large is-style-default\"><img loading=\"lazy\" decoding=\"async\" width=\"1920\" height=\"960\" src=\"https:\/\/www.neva.eu\/wp-content\/uploads\/neva-stineni-pro-pasivni-a-nizkoenergeticke-domy-2.jpg\" alt class=\"wp-image-9335\" srcset=\"https:\/\/www.neva.eu\/wp-content\/uploads\/neva-stineni-pro-pasivni-a-nizkoenergeticke-domy-2.jpg 1920w, https:\/\/www.neva.eu\/wp-content\/uploads\/neva-stineni-pro-pasivni-a-nizkoenergeticke-domy-2-1536x768.jpg 1536w, https:\/\/www.neva.eu\/wp-content\/uploads\/neva-stineni-pro-pasivni-a-nizkoenergeticke-domy-2-1280x640.jpg 1280w, https:\/\/www.neva.eu\/wp-content\/uploads\/neva-stineni-pro-pasivni-a-nizkoenergeticke-domy-2-940x470.jpg 940w, https:\/\/www.neva.eu\/wp-content\/uploads\/neva-stineni-pro-pasivni-a-nizkoenergeticke-domy-2-758x379.jpg 758w, https:\/\/www.neva.eu\/wp-content\/uploads\/neva-stineni-pro-pasivni-a-nizkoenergeticke-domy-2-425x213.jpg 425w\" sizes=\"auto, (max-width: 1920px) 100vw, 1920px\" \/><figcaption class=\"wp-element-caption\">Wir haben Z90-Raffstores f\u00fcr ein Niedrigenergiehaus in S\u00fcdm\u00e4hren geliefert.<\/figcaption><\/figure>\n      <\/section>\n\n\n        <section class=\"component component-gutenberg-paragraph typography my-1\">\n              \n<p>Wenn Sie bis Ende 2021 <a href=\"https:\/\/www.neva.eu\/rady-a-navody\/nova-zelena-usporam-navod-jak-ziskate-dotaci-na-venkovni-zaluzie\/\" title>einen Zuschuss f\u00fcr Au\u00dfenverschattungen<\/a> im Rahmen <strong>des Programms \u201eNov\u00e1 zelen\u00e1 \u00faspor\u00e1m\u201c (\u201eErneut Gr\u00fcn f\u00fcr Einsparungen\u201c)<\/strong> beantragen, erhalten Sie bis zu 1000 CZK pro Quadratmeter verschatteter Fl\u00e4che f\u00fcr Raffstores, die von einem intelligenten, automatischen System gesteuert werden.<\/p>\n      <\/section>\n\n\n        <section class=\"component component-gutenberg-paragraph typography my-1\">\n              \n<p>Wenn Sie vorhaben, ein Passivhaus mit Raffstores zu bauen, wenden Sie sich an <a href=\"https:\/\/www.neva.eu\/de\/handlersuche\/\" title>einen unserer H\u00e4ndler<\/a>. Gern zeigt er Ihnen die Vorteile der einzelnen L\u00f6sungen live.<\/p>\n      <\/section>\n","protected":false},"excerpt":{"rendered":"<p>Besprechen Sie die Wahl der Verschattung f\u00fcr ein Passiv- oder Niedrigenergiehaus mit Ihrem Architekten bereits bei der Planung des Hauses. Die Verschattung sorgt zusammen mit anderen energiesparenden Ma\u00dfnahmen f\u00fcr eine stabile Licht- und W\u00e4rmemenge im Innenraum w\u00e4hrend des ganzen Jahres. Au\u00dferdem sparen Sie Energie und Ihr Haus ist umweltfreundlich. Erfahren Sie, wie Sie die Verschattung f\u00fcr passives Wohnen ausw\u00e4hlen.<\/p>\n","protected":false},"author":10,"featured_media":9326,"comment_status":"closed","ping_status":"closed","sticky":false,"template":"","format":"standard","meta":{"_acf_changed":false,"advgb_blocks_editor_width":"","advgb_blocks_columns_visual_guide":"","_daim_seo_power":"1000","_daim_enable_ail":"1","footnotes":""},"categories":[164],"tags":[],"class_list":["post-9706","post","type-post","status-publish","format-standard","has-post-thumbnail","hentry","category-tipps-und-anleitungen"],"acf":[],"aioseo_notices":[],"author_meta":{"display_name":"Luk\u00e1\u0161 Musil","author_link":"https:\/\/www.neva.eu\/de\/author\/musil\/"},"featured_img":"https:\/\/www.neva.eu\/wp-content\/uploads\/neva-stineni-pro-pasivni-a-nizkoenergeticke-domy.jpg","coauthors":[],"tax_additional":{"categories":{"linked":["<a href=\"https:\/\/www.neva.eu\/de\/aktuelles\/kategorie\/tipps-und-anleitungen\/\" class=\"advgb-post-tax-term\">Tipps und Anleitungen<\/a>"],"unlinked":["<span class=\"advgb-post-tax-term\">Tipps und Anleitungen<\/span>"]}},"comment_count":"0","relative_dates":{"created":"Ver\u00f6ffentlicht 6 years vor","modified":"Aktualisiert 10 months vor"},"absolute_dates":{"created":"Ver\u00f6ffentlicht am 10. 7. 2020","modified":"Aktualisiert am 14. 7. 2025"},"absolute_dates_time":{"created":"Ver\u00f6ffentlicht am 10. 7. 2020 8:29","modified":"Aktualisiert am 14. 7. 2025 14:45"},"featured_img_caption":"","series_order":"","_links":{"self":[{"href":"https:\/\/www.neva.eu\/de\/wp-json\/wp\/v2\/posts\/9706","targetHints":{"allow":["GET"]}}],"collection":[{"href":"https:\/\/www.neva.eu\/de\/wp-json\/wp\/v2\/posts"}],"about":[{"href":"https:\/\/www.neva.eu\/de\/wp-json\/wp\/v2\/types\/post"}],"author":[{"embeddable":true,"href":"https:\/\/www.neva.eu\/de\/wp-json\/wp\/v2\/users\/10"}],"replies":[{"embeddable":true,"href":"https:\/\/www.neva.eu\/de\/wp-json\/wp\/v2\/comments?post=9706"}],"version-history":[{"count":2,"href":"https:\/\/www.neva.eu\/de\/wp-json\/wp\/v2\/posts\/9706\/revisions"}],"predecessor-version":[{"id":29217,"href":"https:\/\/www.neva.eu\/de\/wp-json\/wp\/v2\/posts\/9706\/revisions\/29217"}],"wp:featuredmedia":[{"embeddable":true,"href":"https:\/\/www.neva.eu\/de\/wp-json\/wp\/v2\/media\/9326"}],"wp:attachment":[{"href":"https:\/\/www.neva.eu\/de\/wp-json\/wp\/v2\/media?parent=9706"}],"wp:term":[{"taxonomy":"category","embeddable":true,"href":"https:\/\/www.neva.eu\/de\/wp-json\/wp\/v2\/categories?post=9706"},{"taxonomy":"post_tag","embeddable":true,"href":"https:\/\/www.neva.eu\/de\/wp-json\/wp\/v2\/tags?post=9706"}],"curies":[{"name":"wp","href":"https:\/\/api.w.org\/{rel}","templated":true}]}}