{"id":7234,"date":"2020-04-02T08:31:33","date_gmt":"2020-04-02T06:31:33","guid":{"rendered":"https:\/\/www.neva.eu\/unkategorisiert\/neva-in-der-coronavirus-krise-alle-wichtigen-infos-auf-einen-blick\/"},"modified":"2020-04-02T08:31:33","modified_gmt":"2020-04-02T06:31:33","slug":"neva-in-der-coronavirus-krise-alle-wichtigen-infos-auf-einen-blick","status":"publish","type":"post","link":"https:\/\/www.neva.eu\/de\/aus-dem-leben-von-neva\/neva-in-der-coronavirus-krise-alle-wichtigen-infos-auf-einen-blick\/","title":{"rendered":"NEVA in der Coronavirus-Krise: alle wichtigen Infos auf einen Blick"},"content":{"rendered":"<h2>Produktion: wir produzieren weiter und liefern fristgerecht<\/h2>\n<p><strong>Wir haben die einzelnen<\/strong> <strong>Schichten getrennt<\/strong>, damit der Kontakt zwischen den Mitarbeitern m\u00f6glichst vermieden wird; die Morgenschicht endet um halb zwei und die Nachmittagsschicht beginnt erst um zwei. F\u00fcr die Produktion <strong>\u00e4ndert sich jedoch nichts<\/strong>, wir verarbeiten die gleichen Mengen von Lamellen und Zubeh\u00f6r, wie bisher.<\/p>\n<p><strong>Die Raffstoren werden auch weiterhin innerhalb von 10 Arbeitstagen hergestellt.<\/strong> Falls gew\u00fcnscht, k\u00f6nnen Kunden die Produkte selbst abholen. Ansonsten werden die Raffstoren an den vorab festgelegten Tagen geliefert. Wir kontaktieren im Voraus jeden Kunden pers\u00f6nlich und vergewissern uns, dass die Produkte \u00fcbernommen werden. Sofern der Partner die Raffstoren nicht \u00fcbernehmen kann, k\u00f6nnen diese <strong>bei uns vor\u00fcbergehend gelagert<\/strong> werden.<\/p>\n<p>Wir k\u00f6nnen die Raffstoren auch nach Australien oder Japan liefern. <strong>Der Transport per Luftfracht funktioniert weiter<\/strong>, wobei wir in einigen F\u00e4llen\u00a0 auch den Frachtraum von Passagierflugzeugen nutzen. In den vergangenen Tagen wurden die Fl\u00fcge jedoch seltener, so dass in Ausnahmef\u00e4llen der Luftversand versp\u00e4tet werden kann.<\/p>\n<p>In die am st\u00e4rksten betroffenen L\u00e4nder wie <strong>Spanien oder Italien wird aktuell nicht geliefert<\/strong> &#8211; wir haben nur ein paar italienische Partner, die den Betrieb vor\u00fcbergehen eingestellt haben.<\/p>\n<p>Die Sicherheitsma\u00dfnahmen betreffen auch die Fahrer. Aktuell werden alle Dokumente drau\u00dfen unterzeichnet und die Fahrer betreten nicht die Innenr\u00e4ume des Unternehmens. Wir vermeiden auch das h\u00e4ufige Wechseln der Fahrzeuge: <strong>jeder Fahrer nutzt ein einziges Fahrzeug<\/strong>, das regelm\u00e4\u00dfig desinfiziert wird.<\/p>\n<h2>Gesch\u00e4ftsverhandlungen: mit unseren Partnern kommunizieren wir virtuell<\/h2>\n<p>Unter normalen Umst\u00e4nden fahren wir mehrmals w\u00f6chentlich zu Besprechungen und Gesch\u00e4ftsverhandlungen mit unseren Partnern. <strong>S\u00e4mtlicher Kontakt verl\u00e4uft jetzt online<\/strong> &#8211; wir sehen unsere Partner am Computerbildschirm oder besprechen alles telefonisch.<\/p>\n<p>Und genauso werden auch unsere internen Besprechungen abgehalten. <strong>Sofern m\u00f6glich, arbeiten wir im Home Office.<\/strong> Wir haben weitere Notebooks angeschafft, um den Fernzugriff auch diejenigen zu erm\u00f6glichen, die bis jetzt nicht von Zuhause aus gearbeitet haben. Sollte jemand einen Tapetenwechsel brauchen, kann er auch ins B\u00fcro kommen. Dort arbeiten jedoch nie mehr als zwei Mitarbeiter gleichzeitig.<\/p>\n<p>Und falls wir miteinander sprechen wollen, verbinden wir uns \u00fcber Skype. Kleinigkeiten erledigen wir immer per E-Mail oder telefonieren miteinander.<\/p>\n<figure id=\"attachment_7073\" aria-describedby=\"caption-attachment-7073\" style=\"width: 1920px\" class=\"wp-caption alignleft\"><img loading=\"lazy\" decoding=\"async\" class=\"wp-image-7073 size-full\" src=\"https:\/\/www.neva.eu\/wp-content\/uploads\/neva-informace-koronavirus-1.jpg\" alt=\"\" width=\"1920\" height=\"960\" srcset=\"https:\/\/www.neva.eu\/wp-content\/uploads\/neva-informace-koronavirus-1.jpg 1920w, https:\/\/www.neva.eu\/wp-content\/uploads\/neva-informace-koronavirus-1-1536x768.jpg 1536w, https:\/\/www.neva.eu\/wp-content\/uploads\/neva-informace-koronavirus-1-1280x640.jpg 1280w, https:\/\/www.neva.eu\/wp-content\/uploads\/neva-informace-koronavirus-1-940x470.jpg 940w, https:\/\/www.neva.eu\/wp-content\/uploads\/neva-informace-koronavirus-1-758x379.jpg 758w, https:\/\/www.neva.eu\/wp-content\/uploads\/neva-informace-koronavirus-1-425x213.jpg 425w\" sizes=\"auto, (max-width: 1920px) 100vw, 1920px\" \/><figcaption id=\"caption-attachment-7073\" class=\"wp-caption-text\">Die meisten Mitarbeiter arbeiten von Zuhause aus. Sofern sie im B\u00fcro sein m\u00fcssen, tragen sie immer eine Atemschutzmaske und sind maximal zu zweit anwesend.<\/figcaption><\/figure>\n<h2>Mitarbeiter: wir haben eine Coronavirus-Beauftragte<\/h2>\n<p>Damit alles weiter l\u00e4uft, brauchen wir jemanden, der\u00a0 Produktionsabl\u00e4ufe und die Angelegenheiten rund um den Coronavirus \u00fcberwacht. Deshalb haben wir unsere <strong>eigene Coronavirus-Beuaftragte<\/strong>, Frau Jitka Vr\u00e1nov\u00e1, ernannt.<\/p>\n<p>Die sorgt daf\u00fcr, dass alle Mitarbeiter eine Atemschutzmaske tragen und sie kontrolliert, dass \u00fcberall ausreichend Desinfektionsmittel zur Verf\u00fcgung steht. Au\u00dferdem verfolgt sie die Entwicklung und \u00fcbermittelt uns aktuelle Informationen.<\/p>\n<p>Die Gesundheit unserer Mitarbeitern liegt uns am Herzen, deshalb haben wir folgende Regeln eingef\u00fchrt:<\/p>\n<ul>\n<li>alle Mitarbeiter tragen w\u00e4hrend der gesamten Arbeitszeit eine <strong>Atemschutzmaske<\/strong>,<\/li>\n<li>f\u00fcr die Mittagspause gibt es einen <strong>Zeitplan<\/strong>,<\/li>\n<li>an einem Tisch sitzen maximal <strong>zwei Personen<\/strong>,<\/li>\n<li>zus\u00e4tzlich zum Mittagessen gibt es t\u00e4glich <strong>Obst,<\/strong><\/li>\n<li>wir haben f\u00fcr alle Mitarbeiter ein <strong>Vitamin-Pr\u00e4parat<\/strong> zur St\u00e4rkung des Immunsystems gekauft.<\/li>\n<\/ul>\n<h2>B\u00fcros und weitere Ma\u00dfnahmen<\/h2>\n<p>An Pinnw\u00e4nden h\u00e4ngen f\u00fcr unsere Mitarbeiter die <strong>wichtigsten Hygiene-Ma\u00dfnahmen<\/strong> zum Nachlesen, und im Eingangsbereich des Geb\u00e4udes, der Kantine und der Toiletten sind Desinfektionsmittel-Spender angebracht. Zum Trocknen der H\u00e4nde benutzen wir keine klassischen Handt\u00fccher, sondern ausschlie\u00dflich Papierhandt\u00fccher, die nach dem Gebrauch weggeworfen werden.<\/p>\n<p>Damit die B\u00fcror\u00e4ume wirklich sicher und gesundheitlich unbedenklich sind, haben wir auch die Reinigung intensiviert &#8211; die Klinken, Gel\u00e4nder und Arbeitsfl\u00e4chen werden <strong>mehrmals t\u00e4glich desinfiziert<\/strong>.<\/p>\n<p>Wir hoffen, dass es uns bald gelingt, die Lage unter Kontrolle zu bringen, und dass alles wieder zum normalen Zustand zur\u00fcckkehrt. Wir w\u00e4ren auch bereit, die Produktion vor\u00fcbergehend einzustellen.<\/p>\n<p>Die Informationen von NEVA werden f\u00fcr Sie laufend aktualisiert.<\/p>\n","protected":false},"excerpt":{"rendered":"<p>Wegen der Corona-Pandemie schlie\u00dfen einige Unternehmen in der Tschechischen Republik ihre Produktionsbetriebe. Bei NEVA l\u00e4uft die Produktion weiter. Auch bei uns wurden jedoch Corona-Ma\u00dfnahmen ergriffen. Lesen Sie, welche Regeln wir eingef\u00fchrt haben und wie wir arbeiten.<\/p>\n","protected":false},"author":4,"featured_media":7070,"comment_status":"closed","ping_status":"closed","sticky":false,"template":"","format":"standard","meta":{"_acf_changed":false,"advgb_blocks_editor_width":"","advgb_blocks_columns_visual_guide":"","_daim_seo_power":"","_daim_enable_ail":"","footnotes":""},"categories":[167],"tags":[],"class_list":["post-7234","post","type-post","status-publish","format-standard","has-post-thumbnail","hentry","category-aus-dem-leben-von-neva"],"acf":[],"aioseo_notices":[],"author_meta":{"display_name":"Miloslav Matou\u0161ek","author_link":"https:\/\/www.neva.eu\/de\/author\/matousek\/"},"featured_img":"https:\/\/www.neva.eu\/wp-content\/uploads\/neva-informace-koronavirus.jpg","coauthors":[],"tax_additional":{"categories":{"linked":["<a href=\"https:\/\/www.neva.eu\/de\/aktuelles\/kategorie\/aus-dem-leben-von-neva\/\" class=\"advgb-post-tax-term\">Aus dem Leben von NEVA<\/a>"],"unlinked":["<span class=\"advgb-post-tax-term\">Aus dem Leben von NEVA<\/span>"]}},"comment_count":"0","relative_dates":{"created":"Ver\u00f6ffentlicht 6 years vor","modified":"Aktualisiert 6 years vor"},"absolute_dates":{"created":"Ver\u00f6ffentlicht am 2. 4. 2020","modified":"Aktualisiert am 2. 4. 2020"},"absolute_dates_time":{"created":"Ver\u00f6ffentlicht am 2. 4. 2020 8:31","modified":"Aktualisiert am 2. 4. 2020 8:31"},"featured_img_caption":"","series_order":"","_links":{"self":[{"href":"https:\/\/www.neva.eu\/de\/wp-json\/wp\/v2\/posts\/7234","targetHints":{"allow":["GET"]}}],"collection":[{"href":"https:\/\/www.neva.eu\/de\/wp-json\/wp\/v2\/posts"}],"about":[{"href":"https:\/\/www.neva.eu\/de\/wp-json\/wp\/v2\/types\/post"}],"author":[{"embeddable":true,"href":"https:\/\/www.neva.eu\/de\/wp-json\/wp\/v2\/users\/4"}],"replies":[{"embeddable":true,"href":"https:\/\/www.neva.eu\/de\/wp-json\/wp\/v2\/comments?post=7234"}],"version-history":[{"count":0,"href":"https:\/\/www.neva.eu\/de\/wp-json\/wp\/v2\/posts\/7234\/revisions"}],"wp:featuredmedia":[{"embeddable":true,"href":"https:\/\/www.neva.eu\/de\/wp-json\/wp\/v2\/media\/7070"}],"wp:attachment":[{"href":"https:\/\/www.neva.eu\/de\/wp-json\/wp\/v2\/media?parent=7234"}],"wp:term":[{"taxonomy":"category","embeddable":true,"href":"https:\/\/www.neva.eu\/de\/wp-json\/wp\/v2\/categories?post=7234"},{"taxonomy":"post_tag","embeddable":true,"href":"https:\/\/www.neva.eu\/de\/wp-json\/wp\/v2\/tags?post=7234"}],"curies":[{"name":"wp","href":"https:\/\/api.w.org\/{rel}","templated":true}]}}