{"id":32912,"date":"2026-09-03T11:07:14","date_gmt":"2026-09-03T09:07:14","guid":{"rendered":"https:\/\/www.neva.eu\/?p=32912"},"modified":"2026-09-03T11:10:20","modified_gmt":"2026-09-03T09:10:20","slug":"neue-stoffkollektion-fuer-textilscreens","status":"publish","type":"post","link":"https:\/\/www.neva.eu\/de\/produktneuheiten\/neue-stoffkollektion-fuer-textilscreens\/","title":{"rendered":"Neue Stoffkollektion f\u00fcr Textilscreens"},"content":{"rendered":"        <section class=\"component component-gutenberg-paragraph typography my-1\">\n              \n<p class=\"wp-block-paragraph\">Die neue Kollektion bietet damit eine gr\u00f6\u00dfere Auswahl an Stoffen, die sich besser an die gew\u00fcnschte Lichtdurchl\u00e4ssigkeit, die Innenraumgestaltung sowie das gesamte architektonische Konzept anpassen lassen. Die neue Standardkollektion wird ab dem 1. 10. 2026 im Angebot sein.&nbsp;<\/p>\n      <\/section>\n        <section class=\"component component-gutenberg-heading typography my-1\">\n              \n<h2 class=\"wp-block-heading\"><span class=\"TextRun SCXW192894674 BCX8\" lang=\"CS-CZ\" xml:lang=\"CS-CZ\" data-contrast=\"auto\"><span class=\"NormalTextRun SCXW192894674 BCX8\" data-ccp-parastyle=\"Norm\u00e1ln\u00ed1\" data-ccp-parastyle-defn=\"{&quot;ObjectId&quot;:&quot;bf18b4f6-4243-555d-976a-7ec7b4e6f748|1&quot;,&quot;ClassId&quot;:1073872969,&quot;Properties&quot;:[201342446,&quot;1&quot;,201342447,&quot;5&quot;,201342448,&quot;1&quot;,201342449,&quot;1&quot;,469777841,&quot;Aptos&quot;,469777842,&quot;Times New Roman&quot;,469777843,&quot;Aptos&quot;,469777844,&quot;Aptos&quot;,201341986,&quot;1&quot;,469769226,&quot;Aptos,Times New Roman&quot;,268442635,&quot;22&quot;,469775450,&quot;Norm\u00e1ln\u00ed1&quot;,201340122,&quot;2&quot;,134233614,&quot;true&quot;,469778129,&quot;Normln1&quot;,335572020,&quot;1&quot;,335559705,&quot;1029&quot;,335559740,&quot;256&quot;,201341983,&quot;0&quot;,469778324,&quot;Normal&quot;]}\">Die <\/span><span class=\"NormalTextRun SpellingErrorV2Themed SCXW192894674 BCX8\" data-ccp-parastyle=\"Norm\u00e1ln\u00ed1\">wichtigsten<\/span> <span class=\"NormalTextRun SpellingErrorV2Themed SCXW192894674 BCX8\" data-ccp-parastyle=\"Norm\u00e1ln\u00ed1\">\u00c4nderungen<\/span><span class=\"NormalTextRun SCXW192894674 BCX8\" data-ccp-parastyle=\"Norm\u00e1ln\u00ed1\"> der <\/span><span class=\"NormalTextRun SpellingErrorV2Themed SCXW192894674 BCX8\" data-ccp-parastyle=\"Norm\u00e1ln\u00ed1\">Kollektion<\/span><\/span><span class=\"EOP Selected SCXW192894674 BCX8\" data-ccp-props=\"{&quot;201341983&quot;:0,&quot;335559740&quot;:256}\">&nbsp;<\/span><\/h2>\n      <\/section>\n        <section class=\"component component-gutenberg-list typography my-1\">\n              \n<ul class=\"wp-block-list\">\n<li>Die Stoffe Serg\u00e9 3&nbsp;% ersetzen wir durch Stoffe der Kollektion Serg\u00e9 600 mit einem Offenheitsfaktor von 5&nbsp;%. Die neuen Stoffe lassen mehr Tageslicht durch und bieten zugleich einen besseren Ausblick nach&nbsp;au\u00dfen.<\/li>\n\n\n\n<li>Die Kollektion Serg\u00e9 600 5&nbsp;% wird k\u00fcnftig in 11 Designs erh\u00e4ltlich sein.&nbsp;<\/li>\n\n\n\n<li>Den Stoff XINIX 0&nbsp;% ersetzen wir durch den Blackout-Stoff Serg\u00e9 600 Blockout Lunar 0&nbsp;%, der sich f\u00fcr Projekte mit Anforderungen an eine maximale Einschr\u00e4nkung des Lichteinfalls eignet.&nbsp;<\/li>\n\n\n\n<li>Soltis-Stoffe bleiben Bestandteil der Standardkollektion, k\u00fcnftig jedoch in 4&nbsp;ausgew\u00e4hlten Ausf\u00fchrungen.&nbsp;<\/li>\n\n\n\n<li>Die Gesamtzahl der Stoffe im Standardsortiment erweitern wir von bisher 21 auf 30. Die neue Kollektion bietet damit mehr M\u00f6glichkeiten bei der Auswahl von Farbton, Struktur und funktionalen Eigenschaften des Stoffes.<\/li>\n<\/ul>\n      <\/section>\n        <section class=\"component component-gutenberg-heading typography my-1\">\n              \n<h2 class=\"wp-block-heading\"><span class=\"TextRun SCXW241532207 BCX8\" lang=\"CS-CZ\" xml:lang=\"CS-CZ\" data-contrast=\"auto\"><span class=\"NormalTextRun SpellingErrorV2Themed SCXW241532207 BCX8\" data-ccp-parastyle=\"Norm\u00e1ln\u00ed1\" data-ccp-parastyle-defn=\"{&quot;ObjectId&quot;:&quot;bf18b4f6-4243-555d-976a-7ec7b4e6f748|1&quot;,&quot;ClassId&quot;:1073872969,&quot;Properties&quot;:[201342446,&quot;1&quot;,201342447,&quot;5&quot;,201342448,&quot;1&quot;,201342449,&quot;1&quot;,469777841,&quot;Aptos&quot;,469777842,&quot;Times New Roman&quot;,469777843,&quot;Aptos&quot;,469777844,&quot;Aptos&quot;,201341986,&quot;1&quot;,469769226,&quot;Aptos,Times New Roman&quot;,268442635,&quot;22&quot;,469775450,&quot;Norm\u00e1ln\u00ed1&quot;,201340122,&quot;2&quot;,134233614,&quot;true&quot;,469778129,&quot;Normln1&quot;,335572020,&quot;1&quot;,335559705,&quot;1029&quot;,335559740,&quot;256&quot;,201341983,&quot;0&quot;,469778324,&quot;Normal&quot;]}\">Neue<\/span> <span class=\"NormalTextRun SpellingErrorV2Themed SCXW241532207 BCX8\" data-ccp-parastyle=\"Norm\u00e1ln\u00ed1\">Stoffmuster<\/span><\/span><span class=\"EOP Selected SCXW241532207 BCX8\" data-ccp-props=\"{&quot;201341983&quot;:0,&quot;335559740&quot;:256}\">&nbsp;<\/span><\/h2>\n      <\/section>\n        <section class=\"component component-gutenberg-paragraph typography my-1\">\n              \n<p class=\"wp-block-paragraph\">Zusammen mit der neuen Kollektion bereiten wir auch neue Stoffmuster in zwei Formaten vor \u2013 einen kompakten kleineren F\u00e4cher und ein gr\u00f6\u00dferes Format, das eine bessere Beurteilung der Stoffstruktur und des Farbtons erm\u00f6glicht.<\/p>\n      <\/section>\n","protected":false},"excerpt":{"rendered":"<p>Wir haben unsere Standard-Stoffkollektion erweitert und in einer neuen Form zusammengestellt. Da unser Lieferant die Produktion der Serg\u00e9 3 %-Stoffe einstellt, haben wir die bisherigen Materialien durch neue ersetzt und unser Angebot zugleich um 9 neue Farbvarianten erg\u00e4nzt. <\/p>\n","protected":false},"author":33,"featured_media":32969,"comment_status":"closed","ping_status":"closed","sticky":false,"template":"","format":"standard","meta":{"_acf_changed":false,"advgb_blocks_editor_width":"","advgb_blocks_columns_visual_guide":"","_daim_seo_power":"","_daim_enable_ail":"","footnotes":""},"categories":[163],"tags":[],"class_list":["post-32912","post","type-post","status-publish","format-standard","has-post-thumbnail","hentry","category-produktneuheiten"],"acf":[],"aioseo_notices":[],"aioseo_head":"\n\t\t<!-- All in One SEO Pro 5.0.1 - aioseo.com -->\n\t<meta name=\"description\" content=\"Die neue Kollektion bietet damit eine gr\u00f6\u00dfere Auswahl an Stoffen, die sich besser an die gew\u00fcnschte Lichtdurchl\u00e4ssigkeit, die Innenraumgestaltung sowie das gesamte architektonische Konzept anpassen lassen. Die neue Standardkollektion wird ab dem 1. 10. 2026 im Angebot sein. Die wichtigsten \u00c4nderungen der Kollektion Die Stoffe Serg\u00e9 3 % ersetzen wir durch Stoffe der Kollektion Serg\u00e9 600\" \/>\n\t<meta name=\"robots\" content=\"max-image-preview:large\" \/>\n\t<meta name=\"author\" content=\"Hana Posp\u00ed\u0161ilov\u00e1\"\/>\n\t<link rel=\"canonical\" href=\"https:\/\/www.neva.eu\/de\/produktneuheiten\/neue-stoffkollektion-fuer-textilscreens\/\" \/>\n\t<meta name=\"generator\" content=\"All in One SEO Pro (AIOSEO) 5.0.1\" \/>\n\n\t\t<meta name=\"facebook-domain-verification\" content=\"l52s6ngz14wm1hk29qnhhp9zt0uj98\" \/>\n\t\t<meta property=\"og:locale\" content=\"de_DE\" \/>\n\t\t<meta property=\"og:site_name\" content=\"\u017daluzie NEVA | Kvalita, kterou pozn\u00e1te i po desetilet\u00edch\" \/>\n\t\t<meta property=\"og:type\" content=\"article\" \/>\n\t\t<meta property=\"og:title\" content=\"Neue Stoffkollektion f\u00fcr Textilscreens | NEVA\" \/>\n\t\t<meta property=\"og:description\" content=\"Die neue Kollektion bietet damit eine gr\u00f6\u00dfere Auswahl an Stoffen, die sich besser an die gew\u00fcnschte Lichtdurchl\u00e4ssigkeit, die Innenraumgestaltung sowie das gesamte architektonische Konzept anpassen lassen. Die neue Standardkollektion wird ab dem 1. 10. 2026 im Angebot sein. Die wichtigsten \u00c4nderungen der Kollektion Die Stoffe Serg\u00e9 3 % ersetzen wir durch Stoffe der Kollektion Serg\u00e9 600\" \/>\n\t\t<meta property=\"og:url\" content=\"https:\/\/www.neva.eu\/de\/produktneuheiten\/neue-stoffkollektion-fuer-textilscreens\/\" \/>\n\t\t<meta property=\"og:image\" content=\"https:\/\/www.neva.eu\/wp-content\/uploads\/NEVA-Nove-kolekce-latek-0.jpg\" \/>\n\t\t<meta property=\"og:image:secure_url\" content=\"https:\/\/www.neva.eu\/wp-content\/uploads\/NEVA-Nove-kolekce-latek-0.jpg\" \/>\n\t\t<meta property=\"og:image:width\" content=\"1920\" \/>\n\t\t<meta property=\"og:image:height\" content=\"960\" \/>\n\t\t<meta property=\"article:published_time\" content=\"2026-09-03T09:07:14+00:00\" \/>\n\t\t<meta property=\"article:modified_time\" content=\"2026-09-03T09:10:20+00:00\" \/>\n\t\t<meta property=\"article:publisher\" content=\"https:\/\/www.facebook.com\/neva.eu\" \/>\n\t\t<meta name=\"twitter:card\" content=\"summary_large_image\" \/>\n\t\t<meta name=\"twitter:title\" content=\"Neue Stoffkollektion f\u00fcr Textilscreens | NEVA\" \/>\n\t\t<meta name=\"twitter:description\" content=\"Die neue Kollektion bietet damit eine gr\u00f6\u00dfere Auswahl an Stoffen, die sich besser an die gew\u00fcnschte Lichtdurchl\u00e4ssigkeit, die Innenraumgestaltung sowie das gesamte architektonische Konzept anpassen lassen. Die neue Standardkollektion wird ab dem 1. 10. 2026 im Angebot sein. Die wichtigsten \u00c4nderungen der Kollektion Die Stoffe Serg\u00e9 3 % ersetzen wir durch Stoffe der Kollektion Serg\u00e9 600\" \/>\n\t\t<meta name=\"twitter:image\" content=\"https:\/\/www.neva.eu\/wp-content\/uploads\/NEVA-Nove-kolekce-latek-0.jpg\" \/>\n\t\t<script type=\"application\/ld+json\" class=\"aioseo-schema\">\n\t\t\t{\"@context\":\"https:\\\/\\\/schema.org\",\"@graph\":[{\"@type\":\"Article\",\"@id\":\"https:\\\/\\\/www.neva.eu\\\/de\\\/produktneuheiten\\\/neue-stoffkollektion-fuer-textilscreens\\\/#article\",\"name\":\"Neue Stoffkollektion f\\u00fcr Textilscreens | NEVA\",\"headline\":\"Neue Stoffkollektion f\\u00fcr Textilscreens\",\"author\":{\"@id\":\"https:\\\/\\\/www.neva.eu\\\/de\\\/author\\\/hana-pospisilova\\\/#author\"},\"publisher\":{\"@id\":\"https:\\\/\\\/www.neva.eu\\\/de\\\/#organization\"},\"image\":{\"@type\":\"ImageObject\",\"url\":\"https:\\\/\\\/www.neva.eu\\\/wp-content\\\/uploads\\\/NEVA-Nove-kolekce-latek-0.jpg\",\"width\":1920,\"height\":960},\"datePublished\":\"2026-09-03T11:07:14+02:00\",\"dateModified\":\"2026-09-03T11:10:20+02:00\",\"inLanguage\":\"de-DE\",\"mainEntityOfPage\":{\"@id\":\"https:\\\/\\\/www.neva.eu\\\/de\\\/produktneuheiten\\\/neue-stoffkollektion-fuer-textilscreens\\\/#webpage\"},\"isPartOf\":{\"@id\":\"https:\\\/\\\/www.neva.eu\\\/de\\\/produktneuheiten\\\/neue-stoffkollektion-fuer-textilscreens\\\/#webpage\"},\"articleSection\":\"Produktneuheiten, Optional\"},{\"@type\":\"BreadcrumbList\",\"@id\":\"https:\\\/\\\/www.neva.eu\\\/de\\\/produktneuheiten\\\/neue-stoffkollektion-fuer-textilscreens\\\/#breadcrumblist\",\"itemListElement\":[{\"@type\":\"ListItem\",\"@id\":\"https:\\\/\\\/www.neva.eu\\\/de\\\/#listItem\",\"position\":1,\"name\":\"Home\",\"item\":\"https:\\\/\\\/www.neva.eu\\\/de\\\/\",\"nextItem\":{\"@type\":\"ListItem\",\"@id\":\"https:\\\/\\\/www.neva.eu\\\/de\\\/aktuelles\\\/kategorie\\\/produktneuheiten\\\/#listItem\",\"name\":\"Produktneuheiten\"}},{\"@type\":\"ListItem\",\"@id\":\"https:\\\/\\\/www.neva.eu\\\/de\\\/aktuelles\\\/kategorie\\\/produktneuheiten\\\/#listItem\",\"position\":2,\"name\":\"Produktneuheiten\",\"item\":\"https:\\\/\\\/www.neva.eu\\\/de\\\/aktuelles\\\/kategorie\\\/produktneuheiten\\\/\",\"nextItem\":{\"@type\":\"ListItem\",\"@id\":\"https:\\\/\\\/www.neva.eu\\\/de\\\/produktneuheiten\\\/neue-stoffkollektion-fuer-textilscreens\\\/#listItem\",\"name\":\"Neue Stoffkollektion f\\u00fcr Textilscreens\"},\"previousItem\":{\"@type\":\"ListItem\",\"@id\":\"https:\\\/\\\/www.neva.eu\\\/de\\\/#listItem\",\"name\":\"Home\"}},{\"@type\":\"ListItem\",\"@id\":\"https:\\\/\\\/www.neva.eu\\\/de\\\/produktneuheiten\\\/neue-stoffkollektion-fuer-textilscreens\\\/#listItem\",\"position\":3,\"name\":\"Neue Stoffkollektion f\\u00fcr Textilscreens\",\"previousItem\":{\"@type\":\"ListItem\",\"@id\":\"https:\\\/\\\/www.neva.eu\\\/de\\\/aktuelles\\\/kategorie\\\/produktneuheiten\\\/#listItem\",\"name\":\"Produktneuheiten\"}}]},{\"@type\":\"Organization\",\"@id\":\"https:\\\/\\\/www.neva.eu\\\/de\\\/#organization\",\"name\":\"NEVA\",\"description\":\"Kvalita, kterou pozn\\u00e1te i po desetilet\\u00edch\",\"url\":\"https:\\\/\\\/www.neva.eu\\\/de\\\/\",\"telephone\":\"+420588003550\",\"logo\":{\"@type\":\"ImageObject\",\"url\":\"https:\\\/\\\/www.neva.eu\\\/wp-content\\\/uploads\\\/NEVA_logo_RGB.png\",\"@id\":\"https:\\\/\\\/www.neva.eu\\\/de\\\/produktneuheiten\\\/neue-stoffkollektion-fuer-textilscreens\\\/#organizationLogo\",\"width\":135,\"height\":23},\"image\":{\"@id\":\"https:\\\/\\\/www.neva.eu\\\/de\\\/produktneuheiten\\\/neue-stoffkollektion-fuer-textilscreens\\\/#organizationLogo\"},\"sameAs\":[\"https:\\\/\\\/www.instagram.com\\\/neva.eu\\\/\",\"https:\\\/\\\/www.youtube.com\\\/neva-eu\",\"https:\\\/\\\/www.linkedin.com\\\/company\\\/neva-eu\\\/\"]},{\"@type\":\"Person\",\"@id\":\"https:\\\/\\\/www.neva.eu\\\/de\\\/author\\\/hana-pospisilova\\\/#author\",\"url\":\"https:\\\/\\\/www.neva.eu\\\/de\\\/author\\\/hana-pospisilova\\\/\",\"name\":\"Hana Posp\\u00ed\\u0161ilov\\u00e1\",\"image\":{\"@type\":\"ImageObject\",\"@id\":\"https:\\\/\\\/www.neva.eu\\\/de\\\/produktneuheiten\\\/neue-stoffkollektion-fuer-textilscreens\\\/#authorImage\",\"url\":\"https:\\\/\\\/secure.gravatar.com\\\/avatar\\\/418a869b48942a9aceb75223c13bc7f047a5b0ed5f0f7b9c32263403309e4e82?s=96&d=mm&r=g\",\"width\":96,\"height\":96,\"caption\":\"Hana Posp\\u00ed\\u0161ilov\\u00e1\"}},{\"@type\":\"WebPage\",\"@id\":\"https:\\\/\\\/www.neva.eu\\\/de\\\/produktneuheiten\\\/neue-stoffkollektion-fuer-textilscreens\\\/#webpage\",\"url\":\"https:\\\/\\\/www.neva.eu\\\/de\\\/produktneuheiten\\\/neue-stoffkollektion-fuer-textilscreens\\\/\",\"name\":\"Neue Stoffkollektion f\\u00fcr Textilscreens | NEVA\",\"description\":\"Die neue Kollektion bietet damit eine gr\\u00f6\\u00dfere Auswahl an Stoffen, die sich besser an die gew\\u00fcnschte Lichtdurchl\\u00e4ssigkeit, die Innenraumgestaltung sowie das gesamte architektonische Konzept anpassen lassen. Die neue Standardkollektion wird ab dem 1. 10. 2026 im Angebot sein. Die wichtigsten \\u00c4nderungen der Kollektion Die Stoffe Serg\\u00e9 3 % ersetzen wir durch Stoffe der Kollektion Serg\\u00e9 600\",\"inLanguage\":\"de-DE\",\"isPartOf\":{\"@id\":\"https:\\\/\\\/www.neva.eu\\\/de\\\/#website\"},\"breadcrumb\":{\"@id\":\"https:\\\/\\\/www.neva.eu\\\/de\\\/produktneuheiten\\\/neue-stoffkollektion-fuer-textilscreens\\\/#breadcrumblist\"},\"author\":{\"@id\":\"https:\\\/\\\/www.neva.eu\\\/de\\\/author\\\/hana-pospisilova\\\/#author\"},\"creator\":{\"@id\":\"https:\\\/\\\/www.neva.eu\\\/de\\\/author\\\/hana-pospisilova\\\/#author\"},\"image\":{\"@type\":\"ImageObject\",\"url\":\"https:\\\/\\\/www.neva.eu\\\/wp-content\\\/uploads\\\/NEVA-Nove-kolekce-latek-0.jpg\",\"@id\":\"https:\\\/\\\/www.neva.eu\\\/de\\\/produktneuheiten\\\/neue-stoffkollektion-fuer-textilscreens\\\/#mainImage\",\"width\":1920,\"height\":960},\"primaryImageOfPage\":{\"@id\":\"https:\\\/\\\/www.neva.eu\\\/de\\\/produktneuheiten\\\/neue-stoffkollektion-fuer-textilscreens\\\/#mainImage\"},\"datePublished\":\"2026-09-03T11:07:14+02:00\",\"dateModified\":\"2026-09-03T11:10:20+02:00\"},{\"@type\":\"WebSite\",\"@id\":\"https:\\\/\\\/www.neva.eu\\\/de\\\/#website\",\"url\":\"https:\\\/\\\/www.neva.eu\\\/de\\\/\",\"name\":\"NEVA\",\"description\":\"Kvalita, kterou pozn\\u00e1te i po desetilet\\u00edch\",\"inLanguage\":\"de-DE\",\"publisher\":{\"@id\":\"https:\\\/\\\/www.neva.eu\\\/de\\\/#organization\"}}]}\n\t\t<\/script>\n\t\t<!-- All in One SEO Pro -->\r\n\t\t<title>Neue Stoffkollektion f\u00fcr Textilscreens | NEVA<\/title>\n\n","aioseo_head_json":{"title":"Neue Stoffkollektion f\u00fcr Textilscreens | NEVA","description":"Die neue Kollektion bietet damit eine gr\u00f6\u00dfere Auswahl an Stoffen, die sich besser an die gew\u00fcnschte Lichtdurchl\u00e4ssigkeit, die Innenraumgestaltung sowie das gesamte architektonische Konzept anpassen lassen. Die neue Standardkollektion wird ab dem 1. 10. 2026 im Angebot sein. Die wichtigsten \u00c4nderungen der Kollektion Die Stoffe Serg\u00e9 3 % ersetzen wir durch Stoffe der Kollektion Serg\u00e9 600","canonical_url":"https:\/\/www.neva.eu\/de\/produktneuheiten\/neue-stoffkollektion-fuer-textilscreens\/","robots":"max-image-preview:large","keywords":"","webmasterTools":{"miscellaneous":"&lt;meta name=\"facebook-domain-verification\" content=\"l52s6ngz14wm1hk29qnhhp9zt0uj98\" \/&gt;"},"schema":{"@context":"https:\/\/schema.org","@graph":[{"@type":"Article","@id":"https:\/\/www.neva.eu\/de\/produktneuheiten\/neue-stoffkollektion-fuer-textilscreens\/#article","name":"Neue Stoffkollektion f\u00fcr Textilscreens | NEVA","headline":"Neue Stoffkollektion f\u00fcr Textilscreens","author":{"@id":"https:\/\/www.neva.eu\/de\/author\/hana-pospisilova\/#author"},"publisher":{"@id":"https:\/\/www.neva.eu\/de\/#organization"},"image":{"@type":"ImageObject","url":"https:\/\/www.neva.eu\/wp-content\/uploads\/NEVA-Nove-kolekce-latek-0.jpg","width":1920,"height":960},"datePublished":"2026-09-03T11:07:14+02:00","dateModified":"2026-09-03T11:10:20+02:00","inLanguage":"de-DE","mainEntityOfPage":{"@id":"https:\/\/www.neva.eu\/de\/produktneuheiten\/neue-stoffkollektion-fuer-textilscreens\/#webpage"},"isPartOf":{"@id":"https:\/\/www.neva.eu\/de\/produktneuheiten\/neue-stoffkollektion-fuer-textilscreens\/#webpage"},"articleSection":"Produktneuheiten, Optional"},{"@type":"BreadcrumbList","@id":"https:\/\/www.neva.eu\/de\/produktneuheiten\/neue-stoffkollektion-fuer-textilscreens\/#breadcrumblist","itemListElement":[{"@type":"ListItem","@id":"https:\/\/www.neva.eu\/de\/#listItem","position":1,"name":"Home","item":"https:\/\/www.neva.eu\/de\/","nextItem":{"@type":"ListItem","@id":"https:\/\/www.neva.eu\/de\/aktuelles\/kategorie\/produktneuheiten\/#listItem","name":"Produktneuheiten"}},{"@type":"ListItem","@id":"https:\/\/www.neva.eu\/de\/aktuelles\/kategorie\/produktneuheiten\/#listItem","position":2,"name":"Produktneuheiten","item":"https:\/\/www.neva.eu\/de\/aktuelles\/kategorie\/produktneuheiten\/","nextItem":{"@type":"ListItem","@id":"https:\/\/www.neva.eu\/de\/produktneuheiten\/neue-stoffkollektion-fuer-textilscreens\/#listItem","name":"Neue Stoffkollektion f\u00fcr Textilscreens"},"previousItem":{"@type":"ListItem","@id":"https:\/\/www.neva.eu\/de\/#listItem","name":"Home"}},{"@type":"ListItem","@id":"https:\/\/www.neva.eu\/de\/produktneuheiten\/neue-stoffkollektion-fuer-textilscreens\/#listItem","position":3,"name":"Neue Stoffkollektion f\u00fcr Textilscreens","previousItem":{"@type":"ListItem","@id":"https:\/\/www.neva.eu\/de\/aktuelles\/kategorie\/produktneuheiten\/#listItem","name":"Produktneuheiten"}}]},{"@type":"Organization","@id":"https:\/\/www.neva.eu\/de\/#organization","name":"NEVA","description":"Kvalita, kterou pozn\u00e1te i po desetilet\u00edch","url":"https:\/\/www.neva.eu\/de\/","telephone":"+420588003550","logo":{"@type":"ImageObject","url":"https:\/\/www.neva.eu\/wp-content\/uploads\/NEVA_logo_RGB.png","@id":"https:\/\/www.neva.eu\/de\/produktneuheiten\/neue-stoffkollektion-fuer-textilscreens\/#organizationLogo","width":135,"height":23},"image":{"@id":"https:\/\/www.neva.eu\/de\/produktneuheiten\/neue-stoffkollektion-fuer-textilscreens\/#organizationLogo"},"sameAs":["https:\/\/www.instagram.com\/neva.eu\/","https:\/\/www.youtube.com\/neva-eu","https:\/\/www.linkedin.com\/company\/neva-eu\/"]},{"@type":"Person","@id":"https:\/\/www.neva.eu\/de\/author\/hana-pospisilova\/#author","url":"https:\/\/www.neva.eu\/de\/author\/hana-pospisilova\/","name":"Hana Posp\u00ed\u0161ilov\u00e1","image":{"@type":"ImageObject","@id":"https:\/\/www.neva.eu\/de\/produktneuheiten\/neue-stoffkollektion-fuer-textilscreens\/#authorImage","url":"https:\/\/secure.gravatar.com\/avatar\/418a869b48942a9aceb75223c13bc7f047a5b0ed5f0f7b9c32263403309e4e82?s=96&d=mm&r=g","width":96,"height":96,"caption":"Hana Posp\u00ed\u0161ilov\u00e1"}},{"@type":"WebPage","@id":"https:\/\/www.neva.eu\/de\/produktneuheiten\/neue-stoffkollektion-fuer-textilscreens\/#webpage","url":"https:\/\/www.neva.eu\/de\/produktneuheiten\/neue-stoffkollektion-fuer-textilscreens\/","name":"Neue Stoffkollektion f\u00fcr Textilscreens | NEVA","description":"Die neue Kollektion bietet damit eine gr\u00f6\u00dfere Auswahl an Stoffen, die sich besser an die gew\u00fcnschte Lichtdurchl\u00e4ssigkeit, die Innenraumgestaltung sowie das gesamte architektonische Konzept anpassen lassen. Die neue Standardkollektion wird ab dem 1. 10. 2026 im Angebot sein. Die wichtigsten \u00c4nderungen der Kollektion Die Stoffe Serg\u00e9 3 % ersetzen wir durch Stoffe der Kollektion Serg\u00e9 600","inLanguage":"de-DE","isPartOf":{"@id":"https:\/\/www.neva.eu\/de\/#website"},"breadcrumb":{"@id":"https:\/\/www.neva.eu\/de\/produktneuheiten\/neue-stoffkollektion-fuer-textilscreens\/#breadcrumblist"},"author":{"@id":"https:\/\/www.neva.eu\/de\/author\/hana-pospisilova\/#author"},"creator":{"@id":"https:\/\/www.neva.eu\/de\/author\/hana-pospisilova\/#author"},"image":{"@type":"ImageObject","url":"https:\/\/www.neva.eu\/wp-content\/uploads\/NEVA-Nove-kolekce-latek-0.jpg","@id":"https:\/\/www.neva.eu\/de\/produktneuheiten\/neue-stoffkollektion-fuer-textilscreens\/#mainImage","width":1920,"height":960},"primaryImageOfPage":{"@id":"https:\/\/www.neva.eu\/de\/produktneuheiten\/neue-stoffkollektion-fuer-textilscreens\/#mainImage"},"datePublished":"2026-09-03T11:07:14+02:00","dateModified":"2026-09-03T11:10:20+02:00"},{"@type":"WebSite","@id":"https:\/\/www.neva.eu\/de\/#website","url":"https:\/\/www.neva.eu\/de\/","name":"NEVA","description":"Kvalita, kterou pozn\u00e1te i po desetilet\u00edch","inLanguage":"de-DE","publisher":{"@id":"https:\/\/www.neva.eu\/de\/#organization"}}]},"og:locale":"de_DE","og:site_name":"\u017daluzie NEVA | Kvalita, kterou pozn\u00e1te i po desetilet\u00edch","og:type":"article","og:title":"Neue Stoffkollektion f\u00fcr Textilscreens | NEVA","og:description":"Die neue Kollektion bietet damit eine gr\u00f6\u00dfere Auswahl an Stoffen, die sich besser an die gew\u00fcnschte Lichtdurchl\u00e4ssigkeit, die Innenraumgestaltung sowie das gesamte architektonische Konzept anpassen lassen. Die neue Standardkollektion wird ab dem 1. 10. 2026 im Angebot sein. Die wichtigsten \u00c4nderungen der Kollektion Die Stoffe Serg\u00e9 3 % ersetzen wir durch Stoffe der Kollektion Serg\u00e9 600","og:url":"https:\/\/www.neva.eu\/de\/produktneuheiten\/neue-stoffkollektion-fuer-textilscreens\/","og:image":"https:\/\/www.neva.eu\/wp-content\/uploads\/NEVA-Nove-kolekce-latek-0.jpg","og:image:secure_url":"https:\/\/www.neva.eu\/wp-content\/uploads\/NEVA-Nove-kolekce-latek-0.jpg","og:image:width":1920,"og:image:height":960,"article:published_time":"2026-09-03T09:07:14+00:00","article:modified_time":"2026-09-03T09:10:20+00:00","article:publisher":"https:\/\/www.facebook.com\/neva.eu","twitter:card":"summary_large_image","twitter:title":"Neue Stoffkollektion f\u00fcr Textilscreens | NEVA","twitter:description":"Die neue Kollektion bietet damit eine gr\u00f6\u00dfere Auswahl an Stoffen, die sich besser an die gew\u00fcnschte Lichtdurchl\u00e4ssigkeit, die Innenraumgestaltung sowie das gesamte architektonische Konzept anpassen lassen. Die neue Standardkollektion wird ab dem 1. 10. 2026 im Angebot sein. Die wichtigsten \u00c4nderungen der Kollektion Die Stoffe Serg\u00e9 3 % ersetzen wir durch Stoffe der Kollektion Serg\u00e9 600","twitter:image":"https:\/\/www.neva.eu\/wp-content\/uploads\/NEVA-Nove-kolekce-latek-0.jpg"},"aioseo_meta_data":{"post_id":"32912","title":null,"description":null,"keywords":null,"keyphrases":{"focus":{"keyphrase":"","score":0,"analysis":{"keyphraseInTitle":{"score":0,"maxScore":9,"error":1}}},"additional":[]},"primary_term":null,"canonical_url":null,"og_title":null,"og_description":null,"og_object_type":"default","og_image_type":"default","og_image_url":null,"og_image_width":null,"og_image_height":null,"og_image_custom_url":null,"og_image_custom_fields":null,"og_video":"","og_custom_url":null,"og_article_section":null,"og_article_tags":null,"twitter_use_og":false,"twitter_card":"default","twitter_image_type":"default","twitter_image_url":null,"twitter_image_custom_url":null,"twitter_image_custom_fields":null,"twitter_title":null,"twitter_description":null,"schema":{"blockGraphs":[],"customGraphs":[],"default":{"data":{"Article":[],"Course":[],"Dataset":[],"FAQPage":[],"Movie":[],"Person":[],"Product":[],"ProductReview":[],"Car":[],"Recipe":[],"Service":[],"SoftwareApplication":[],"WebPage":[]},"graphName":"Article","isEnabled":true},"graphs":[]},"schema_type":"default","schema_type_options":null,"pillar_content":false,"robots_default":true,"robots_noindex":false,"robots_noarchive":false,"robots_nosnippet":false,"robots_nofollow":false,"robots_noimageindex":false,"robots_noodp":false,"robots_notranslate":false,"robots_max_snippet":"-1","robots_max_videopreview":"-1","robots_max_imagepreview":"large","priority":null,"frequency":"default","local_seo":null,"seo_analyzer_scan_date":"2026-09-03 09:11:17","breadcrumb_settings":null,"limit_modified_date":false,"open_ai":null,"ai":{"faqs":[],"keyPoints":[],"schemas":[],"titles":[],"descriptions":[],"socialPosts":{"email":{"subject":"","preview":"","content":""},"linkedin":[],"twitter":[],"facebook":[],"instagram":[]}},"created":"2026-08-28 09:42:19","updated":"2026-09-03 09:11:18","focus_keyword":null,"additional_keywords":null,"truseo_locale":null},"aioseo_breadcrumb":"<div class=\"aioseo-breadcrumbs\"><span class=\"aioseo-breadcrumb\">\n\t<a href=\"https:\/\/www.neva.eu\/de\/\" title=\"Home\">Home<\/a>\n<\/span><span class=\"aioseo-breadcrumb-separator\">&raquo;<\/span><span class=\"aioseo-breadcrumb\">\n\t<a href=\"https:\/\/www.neva.eu\/de\/aktuelles\/kategorie\/produktneuheiten\/\" title=\"Produktneuheiten\">Produktneuheiten<\/a>\n<\/span><span class=\"aioseo-breadcrumb-separator\">&raquo;<\/span><span class=\"aioseo-breadcrumb\">\n\tNeue Stoffkollektion f\u00fcr Textilscreens\n<\/span><\/div>","aioseo_breadcrumb_json":[{"label":"Home","link":"https:\/\/www.neva.eu\/de\/"},{"label":"Produktneuheiten","link":"https:\/\/www.neva.eu\/de\/aktuelles\/kategorie\/produktneuheiten\/"},{"label":"Neue Stoffkollektion f\u00fcr Textilscreens","link":"https:\/\/www.neva.eu\/de\/produktneuheiten\/neue-stoffkollektion-fuer-textilscreens\/"}],"author_meta":{"display_name":"Hana Posp\u00ed\u0161ilov\u00e1","author_link":"https:\/\/www.neva.eu\/de\/author\/hana-pospisilova\/"},"featured_img":"https:\/\/www.neva.eu\/wp-content\/uploads\/NEVA-Nove-kolekce-latek-0-300x150.jpg","coauthors":[],"tax_additional":{"categories":{"linked":["<a href=\"https:\/\/www.neva.eu\/de\/aktuelles\/kategorie\/produktneuheiten\/\" class=\"advgb-post-tax-term\">Produktneuheiten<\/a>"],"unlinked":["<span class=\"advgb-post-tax-term\">Produktneuheiten<\/span>"]}},"comment_count":"0","relative_dates":{"created":"Ver\u00f6ffentlicht 21 hours vor","modified":"Aktualisiert 21 hours vor"},"absolute_dates":{"created":"Ver\u00f6ffentlicht am 3. 9. 2026","modified":"Aktualisiert am 3. 9. 2026"},"absolute_dates_time":{"created":"Ver\u00f6ffentlicht am 3. 9. 2026 11:07","modified":"Aktualisiert am 3. 9. 2026 11:10"},"featured_img_caption":"","series_order":"","_links":{"self":[{"href":"https:\/\/www.neva.eu\/de\/wp-json\/wp\/v2\/posts\/32912","targetHints":{"allow":["GET"]}}],"collection":[{"href":"https:\/\/www.neva.eu\/de\/wp-json\/wp\/v2\/posts"}],"about":[{"href":"https:\/\/www.neva.eu\/de\/wp-json\/wp\/v2\/types\/post"}],"author":[{"embeddable":true,"href":"https:\/\/www.neva.eu\/de\/wp-json\/wp\/v2\/users\/33"}],"replies":[{"embeddable":true,"href":"https:\/\/www.neva.eu\/de\/wp-json\/wp\/v2\/comments?post=32912"}],"version-history":[{"count":1,"href":"https:\/\/www.neva.eu\/de\/wp-json\/wp\/v2\/posts\/32912\/revisions"}],"predecessor-version":[{"id":32913,"href":"https:\/\/www.neva.eu\/de\/wp-json\/wp\/v2\/posts\/32912\/revisions\/32913"}],"wp:featuredmedia":[{"embeddable":true,"href":"https:\/\/www.neva.eu\/de\/wp-json\/wp\/v2\/media\/32969"}],"wp:attachment":[{"href":"https:\/\/www.neva.eu\/de\/wp-json\/wp\/v2\/media?parent=32912"}],"wp:term":[{"taxonomy":"category","embeddable":true,"href":"https:\/\/www.neva.eu\/de\/wp-json\/wp\/v2\/categories?post=32912"},{"taxonomy":"post_tag","embeddable":true,"href":"https:\/\/www.neva.eu\/de\/wp-json\/wp\/v2\/tags?post=32912"}],"curies":[{"name":"wp","href":"https:\/\/api.w.org\/{rel}","templated":true}]}}