{"id":29676,"date":"2025-07-29T10:44:02","date_gmt":"2025-07-29T08:44:02","guid":{"rendered":"https:\/\/www.neva.eu\/unkategorisiert\/mit-lamellenband-verkleidetes-interieur-unser-showroom-entstand-nach-einem-entwurf-des-architekturbros-vrtiska-a-zak\/"},"modified":"2025-08-01T12:08:24","modified_gmt":"2025-08-01T10:08:24","slug":"mit-lamellenband-verkleidetes-interieur-unser-showroom-entstand-nach-einem-entwurf-des-architekturbros-vrtiska-a-zak","status":"publish","type":"post","link":"https:\/\/www.neva.eu\/de\/aus-dem-leben-von-neva\/mit-lamellenband-verkleidetes-interieur-unser-showroom-entstand-nach-einem-entwurf-des-architekturbros-vrtiska-a-zak\/","title":{"rendered":"Mit Lamellenband verkleidetes Interieur. Unser Showroom entstand nach einem Entwurf des Architekturb\u00fcros VRTI\u0160KA &#038; \u017d\u00c1K"},"content":{"rendered":"        <section class=\"component component-gutenberg-heading typography my-1\">\n              \n<h2 class=\"wp-block-heading\">Der Grundriss war von vornherein gegeben<\/h2>\n      <\/section>\n\n\n        <section class=\"component component-gutenberg-paragraph typography my-1\">\n              \n<p>Den Architekten <a href=\"https:\/\/vrtiskazak.com\/cs\/studio\/\" target=\"_blank\" rel=\"noopener\" title><strong>Roman Vrti\u0161ka und Vladim\u00edr \u017d\u00e1k<\/strong><\/a> waren zum Teil die H\u00e4nde gebunden, da der Grundriss des Geb\u00e4udes bereits vor ihrer Einbindung in das Projekt fest gegeben war und sie ihn nicht \u00e4ndern konnten. Abgesehen von diesem anf\u00e4nglichen Handicap wurde ihnen jedoch<strong> absolute Freiheit gew\u00e4hrt<\/strong>.<\/p>\n      <\/section>\n\n\n        <section class=\"component component-gutenberg-image typography my-1\">\n              \n<figure class=\"wp-block-image size-large\"><img loading=\"lazy\" decoding=\"async\" width=\"1024\" height=\"512\" src=\"https:\/\/www.neva.eu\/wp-content\/uploads\/NEVA-Showroom-5-1024x512.jpg\" alt class=\"wp-image-29630\" srcset=\"https:\/\/www.neva.eu\/wp-content\/uploads\/NEVA-Showroom-5-1024x512.jpg 1024w, https:\/\/www.neva.eu\/wp-content\/uploads\/NEVA-Showroom-5-300x150.jpg 300w, https:\/\/www.neva.eu\/wp-content\/uploads\/NEVA-Showroom-5-768x384.jpg 768w, https:\/\/www.neva.eu\/wp-content\/uploads\/NEVA-Showroom-5-1536x768.jpg 1536w, https:\/\/www.neva.eu\/wp-content\/uploads\/NEVA-Showroom-5.jpg 1920w\" sizes=\"auto, (max-width: 1024px) 100vw, 1024px\" \/><\/figure>\n      <\/section>\n\n\n        <section class=\"component component-gutenberg-quote typography my-1\">\n              \n<blockquote class=\"wp-block-quote is-layout-flow wp-block-quote-is-layout-flow\">\n<p><em>&nbsp;\u201eWir konnten die Grundrissgestaltung zumindest teilweise \u00e4ndern, was in der Praxis bedeutete, dass einige Trennw\u00e4nde abgerissen und Durchg\u00e4nge zugemauert wurden, und vor allem, dass eine gro\u00dfe kreisrunde \u00d6ffnung in die Stahlbetonwand in der Mitte des Showrooms geschnitten wurde\u201c<\/em>, beschreibt Roman Vrti\u0161ka.<br><br>&nbsp;<em>\u201eUnser Ziel war es, den Raum in der ersten Etage so weit wie m\u00f6glich zu \u00f6ffnen. Der Showroom umfasst einen Schulungsraum, der dank einer mobilen akustischen Trennwand in zwei Besprechungsr\u00e4ume verwandelt werden kann. Die Flexibilit\u00e4t des Raums wird auch durch das besondere Design der Tische unterstrichen, aus denen sich eine beliebige Anordnung zusammenstellen l\u00e4sst. Die R\u00e4ume sind somit ein Ort der Begegnung, und dienen nicht nur Produktpr\u00e4sentationen oder Vortr\u00e4gen\u201c<\/em>, f\u00fcgt Vrti\u0161ka hinzu.<\/p>\n<\/blockquote>\n      <\/section>\n\n\n        <section class=\"component component-gutenberg-image typography my-1\">\n              \n<figure class=\"wp-block-image size-large is-resized\"><img loading=\"lazy\" decoding=\"async\" width=\"1024\" height=\"512\" src=\"https:\/\/www.neva.eu\/wp-content\/uploads\/NEVA-Showroom-9-1024x512.jpg\" alt class=\"wp-image-29661\" style=\"width:1022px;height:auto\" srcset=\"https:\/\/www.neva.eu\/wp-content\/uploads\/NEVA-Showroom-9-1024x512.jpg 1024w, https:\/\/www.neva.eu\/wp-content\/uploads\/NEVA-Showroom-9-300x150.jpg 300w, https:\/\/www.neva.eu\/wp-content\/uploads\/NEVA-Showroom-9-768x384.jpg 768w, https:\/\/www.neva.eu\/wp-content\/uploads\/NEVA-Showroom-9-1536x768.jpg 1536w, https:\/\/www.neva.eu\/wp-content\/uploads\/NEVA-Showroom-9.jpg 1920w\" sizes=\"auto, (max-width: 1024px) 100vw, 1024px\" \/><\/figure>\n      <\/section>\n\n\n        <section class=\"component component-gutenberg-image typography my-1\">\n              \n<figure class=\"wp-block-image size-large\"><img loading=\"lazy\" decoding=\"async\" width=\"1024\" height=\"512\" src=\"https:\/\/www.neva.eu\/wp-content\/uploads\/NEVA-Showroom-8-1-1024x512.jpg\" alt class=\"wp-image-29667\" srcset=\"https:\/\/www.neva.eu\/wp-content\/uploads\/NEVA-Showroom-8-1-1024x512.jpg 1024w, https:\/\/www.neva.eu\/wp-content\/uploads\/NEVA-Showroom-8-1-300x150.jpg 300w, https:\/\/www.neva.eu\/wp-content\/uploads\/NEVA-Showroom-8-1-768x384.jpg 768w, https:\/\/www.neva.eu\/wp-content\/uploads\/NEVA-Showroom-8-1-1536x768.jpg 1536w, https:\/\/www.neva.eu\/wp-content\/uploads\/NEVA-Showroom-8-1.jpg 1920w\" sizes=\"auto, (max-width: 1024px) 100vw, 1024px\" \/><\/figure>\n      <\/section>\n\n\n        <section class=\"component component-gutenberg-heading typography my-1\">\n              \n<h2 class=\"wp-block-heading\">Das auff\u00e4lligste Element der Innenr\u00e4ume ist die aus Lamellenband bestehende Verkleidung<\/h2>\n      <\/section>\n\n\n        <section class=\"component component-gutenberg-paragraph typography my-1\">\n              \n<p>Das auff\u00e4lligste Element der Innenr\u00e4ume sind die <strong>Aluminiumstreifen<\/strong> \u2013 Lamellenb\u00e4nder, aus denen wir bei NEVA <a href=\"https:\/\/www.neva.eu\/de\/raffstoren\/raffstoren\/\" title>Raffstoren<\/a> herstellen. In diesem Falle schickten wir die B\u00e4nder ausnahmsweise nicht in unsere Walzwerke, sondern verwendeten sie f\u00fcr die <strong>Verkleidung der Decken und mancher W\u00e4nde<\/strong>. Buchst\u00e4blich in Aluminium verpackt ist die zentrale Stahlbetonwand, von der aus sich Streifen \u00fcber die gesamte Decke des Showrooms und der Konferenzr\u00e4ume ziehen.<\/p>\n      <\/section>\n\n\n        <section class=\"component component-gutenberg-paragraph typography my-1\">\n              \n<p>Der \u201eVerzierung\u201c fielen mehrere Kilometer Aluminiumband zum Opfer, die nun eine originelle Kulisse f\u00fcr das gesamte Interieur bilden. Diese nicht allt\u00e4gliche L\u00f6sung stellte in mehrfacher Hinsicht eine Herausforderung dar. Unter anderem mussten wir die Verlegung der Leitungen an der Decke so gestalten, dass die <strong>B\u00e4nder gespannt werden<\/strong> konnten und der Zugang zu den Versorgungsleitungen und der Lufttechnik erhalten blieb.<\/p>\n      <\/section>\n\n\n        <section class=\"component component-gutenberg-paragraph typography my-1\">\n              \n<p>Neben den Lamellenb\u00e4ndern wird das Interieur durch andere hochwertige Materialien erg\u00e4nzt: <strong>Massivholz, Beton und gegossene Zementb\u00f6den.<\/strong> Im Interieur dominieren die Unternehmensfarbe Blau und ziegelrote Accessoires, w\u00e4hrend der Rest bewusst neutral gehalten ist \u2013 wei\u00df, grau oder schwarz \u2013, um nicht unn\u00f6tig abzulenken.<\/p>\n      <\/section>\n\n\n        <section class=\"component component-gutenberg-quote typography my-1\">\n              \n<blockquote class=\"wp-block-quote is-layout-flow wp-block-quote-is-layout-flow\">\n<p><em>\u201eDie Verwendung von Aluminiumb\u00e4ndern im Innenraum dient nicht nur dem Effekt. Das Ziel war es, die Seele des Unternehmens NEVA in den Innenraum zu projizieren. Daher das Aluminium, daher die gew\u00e4hlte Farbgestaltung, daher hochwertige Materialien\u201c<\/em>, erg\u00e4nzt Vrti\u0161ka.<\/p>\n<\/blockquote>\n      <\/section>\n\n\n        <section class=\"component component-gutenberg-image typography my-1\">\n              \n<figure class=\"wp-block-image size-large\"><img loading=\"lazy\" decoding=\"async\" width=\"1024\" height=\"512\" src=\"https:\/\/www.neva.eu\/wp-content\/uploads\/NEVA-Showroom-2-1024x512.jpg\" alt class=\"wp-image-29538\" srcset=\"https:\/\/www.neva.eu\/wp-content\/uploads\/NEVA-Showroom-2-1024x512.jpg 1024w, https:\/\/www.neva.eu\/wp-content\/uploads\/NEVA-Showroom-2-300x150.jpg 300w, https:\/\/www.neva.eu\/wp-content\/uploads\/NEVA-Showroom-2-768x384.jpg 768w, https:\/\/www.neva.eu\/wp-content\/uploads\/NEVA-Showroom-2-1536x768.jpg 1536w, https:\/\/www.neva.eu\/wp-content\/uploads\/NEVA-Showroom-2.jpg 1920w\" sizes=\"auto, (max-width: 1024px) 100vw, 1024px\" \/><\/figure>\n      <\/section>\n\n\n        <section class=\"component component-gutenberg-heading typography my-1\">\n              \n<h2 class=\"wp-block-heading\">Wir w\u00fcrden uns freuen, wenn Sie bei uns vorbeikommen<\/h2>\n      <\/section>\n\n\n        <section class=\"component component-gutenberg-quote typography my-1\">\n              \n<blockquote class=\"wp-block-quote is-layout-flow wp-block-quote-is-layout-flow\">\n<p><\/p>\n<\/blockquote>\n      <\/section>\n\n\n        <section class=\"component component-gutenberg-paragraph typography my-1\">\n              \n<p>Das Ergebnis der Zusammenarbeit ist ein zeitloses Geb\u00e4ude, in welchem uns folgende R\u00e4ume zur Verf\u00fcgung stehen:<\/p>\n      <\/section>\n\n\n        <section class=\"component component-gutenberg-list typography my-1\">\n              \n<ul class=\"wp-block-list\">\n<li>eine ger\u00e4umige, mit einer Au\u00dfenterrasse verbundene Kantine im Erdgeschoss,<\/li>\n\n\n\n<li>ein Showroom, in dem wir unter anderem vier Meter lange Muster von Beschattungssystemen in \u00dcbergr\u00f6\u00dfe ausstellen,<\/li>\n\n\n\n<li>ein Besprechungsraum, der dank einer mobilen Trennwand in zwei kleinere R\u00e4ume unterteilt werden kann,<\/li>\n\n\n\n<li>und lichtdurchflutete B\u00fcros f\u00fcr die Gesch\u00e4ftsleitung des Unternehmens.<\/li>\n<\/ul>\n      <\/section>\n\n\n        <section class=\"component component-gutenberg-paragraph typography my-1\">\n              \n<p>An der Fassade des Geb\u00e4udes mangelt es nat\u00fcrlich auch nicht an au\u00dfenliegender Beschattung \u2013 wir haben unsere <a href=\"https:\/\/www.neva.eu\/de\/textilscreens\/\">Textilscreens<\/a> im Erdgeschoss und <a href=\"https:\/\/www.neva.eu\/de\/raffstoren\/raffstoren\/\">Raffstoren<\/a> in der ersten Etage \u201einstalliert\u201c. Showroom ist also nicht nur der Raum im Inneren, sondern auch das eigentliche Geb\u00e4ude selbst.<\/p>\n      <\/section>\n\n\n        <section class=\"component component-gutenberg-paragraph typography my-1\">\n              \n<p>Dar\u00fcber hinaus ist das gesamte Geb\u00e4ude an ein <strong>smartes KNX-Steuerungssystem<\/strong> angeschlossen, das den Energieverbrauch optimiert und z.&nbsp;B. die Heizung oder die Beschattung automatisch steuert.<\/p>\n      <\/section>\n\n\n        <section class=\"component component-gutenberg-paragraph typography my-1\">\n              \n<p>Nach zweieinhalb Jahren k\u00f6nnen wir sagen, dass das Geb\u00e4ude (und insbesondere der Showroom) seinen Zweck erf\u00fcllt \u2013 es f\u00f6rdert die Vernetzung, schafft eine angenehme Atmosph\u00e4re und weckt Begeisterung und Neugierde bei unseren Besuchern. Falls Sie die R\u00e4ume live sehen m\u00f6chten, lassen Sie es uns wissen, damit wir ein pers\u00f6nliches Treffen vereinbaren k\u00f6nnen.<\/p>\n      <\/section>\n","protected":false},"excerpt":{"rendered":"<p>Im Jahre 2023 wurde unser Produktionsgel\u00e4nde in Kralice na Han\u00e9 um ein neues zweigeschossiges Geb\u00e4ude erweitert. Die Innengestaltung des Mehrzweckgeb\u00e4udes, der B\u00fcros, der Kantine, der Besprechungsr\u00e4ume und des Showrooms \u00fcbernahm f\u00fcr uns das Architekturb\u00fcro VRTI\u0160KA &#038; \u017d\u00c1K. Der Raum wird insbesondere von der ungew\u00f6hnlichen Wand- und Deckenverkleidung dominiert \u2013 Aluminiumstreifen, die wir gew\u00f6hnlich f\u00fcr die Herstellung von Raffstoren verwenden.<\/p>\n","protected":false},"author":4,"featured_media":29548,"comment_status":"closed","ping_status":"closed","sticky":false,"template":"","format":"standard","meta":{"_acf_changed":false,"advgb_blocks_editor_width":"","advgb_blocks_columns_visual_guide":"","_daim_seo_power":"","_daim_enable_ail":"","footnotes":""},"categories":[167],"tags":[],"class_list":["post-29676","post","type-post","status-publish","format-standard","has-post-thumbnail","hentry","category-aus-dem-leben-von-neva"],"acf":[],"aioseo_notices":[],"author_meta":{"display_name":"Miloslav Matou\u0161ek","author_link":"https:\/\/www.neva.eu\/de\/author\/matousek\/"},"featured_img":"https:\/\/www.neva.eu\/wp-content\/uploads\/NEVA-Showroom-1-300x150.jpg","coauthors":[],"tax_additional":{"categories":{"linked":["<a href=\"https:\/\/www.neva.eu\/de\/aktuelles\/kategorie\/aus-dem-leben-von-neva\/\" class=\"advgb-post-tax-term\">Aus dem Leben von NEVA<\/a>"],"unlinked":["<span class=\"advgb-post-tax-term\">Aus dem Leben von NEVA<\/span>"]}},"comment_count":"0","relative_dates":{"created":"Ver\u00f6ffentlicht 9 months vor","modified":"Aktualisiert 9 months vor"},"absolute_dates":{"created":"Ver\u00f6ffentlicht am 29. 7. 2025","modified":"Aktualisiert am 1. 8. 2025"},"absolute_dates_time":{"created":"Ver\u00f6ffentlicht am 29. 7. 2025 10:44","modified":"Aktualisiert am 1. 8. 2025 12:08"},"featured_img_caption":"","series_order":"","_links":{"self":[{"href":"https:\/\/www.neva.eu\/de\/wp-json\/wp\/v2\/posts\/29676","targetHints":{"allow":["GET"]}}],"collection":[{"href":"https:\/\/www.neva.eu\/de\/wp-json\/wp\/v2\/posts"}],"about":[{"href":"https:\/\/www.neva.eu\/de\/wp-json\/wp\/v2\/types\/post"}],"author":[{"embeddable":true,"href":"https:\/\/www.neva.eu\/de\/wp-json\/wp\/v2\/users\/4"}],"replies":[{"embeddable":true,"href":"https:\/\/www.neva.eu\/de\/wp-json\/wp\/v2\/comments?post=29676"}],"version-history":[{"count":2,"href":"https:\/\/www.neva.eu\/de\/wp-json\/wp\/v2\/posts\/29676\/revisions"}],"predecessor-version":[{"id":29683,"href":"https:\/\/www.neva.eu\/de\/wp-json\/wp\/v2\/posts\/29676\/revisions\/29683"}],"wp:featuredmedia":[{"embeddable":true,"href":"https:\/\/www.neva.eu\/de\/wp-json\/wp\/v2\/media\/29548"}],"wp:attachment":[{"href":"https:\/\/www.neva.eu\/de\/wp-json\/wp\/v2\/media?parent=29676"}],"wp:term":[{"taxonomy":"category","embeddable":true,"href":"https:\/\/www.neva.eu\/de\/wp-json\/wp\/v2\/categories?post=29676"},{"taxonomy":"post_tag","embeddable":true,"href":"https:\/\/www.neva.eu\/de\/wp-json\/wp\/v2\/tags?post=29676"}],"curies":[{"name":"wp","href":"https:\/\/api.w.org\/{rel}","templated":true}]}}