{"id":24345,"date":"2024-01-29T13:36:15","date_gmt":"2024-01-29T12:36:15","guid":{"rendered":"https:\/\/www.neva.eu\/unkategorisiert\/geplante-teilnahme-an-der-rt-2024-in-stuttgart\/"},"modified":"2024-02-09T10:29:55","modified_gmt":"2024-02-09T09:29:55","slug":"geplante-teilnahme-an-der-rt-2024-in-stuttgart","status":"publish","type":"post","link":"https:\/\/www.neva.eu\/de\/aus-dem-leben-von-neva\/geplante-teilnahme-an-der-rt-2024-in-stuttgart\/","title":{"rendered":"Geplante Teilnahme an der R+T 2024 in Stuttgart"},"content":{"rendered":"        <section class=\"component component-gutenberg-heading typography my-1\">\n              \n<h2 class=\"wp-block-heading\">Messestand vom Architekturb\u00fcro Vrti\u0161ka und&nbsp;\u017d\u00e1k<\/h2>\n      <\/section>\n        <section class=\"component component-gutenberg-paragraph typography my-1\">\n              \n<p>Bereits beim Bau unseres Showrooms und Schulungszentrums haben wir mit dem Architekturb\u00fcro Vrti\u0161ka und \u017d\u00e1k zusammengearbeitet. Und weil sich die Zusammenarbeit bew\u00e4hrt hat, haben wir dem B\u00fcro den Entwurf des kompletten Stands f\u00fcr die Messe R+T 2024&nbsp;in Stuttgart anvertraut. <em>\u201eGenau wie in unserem Showroom lie\u00dfen sich die Architekten von Raffstoren, deren Form und Materialien inspirieren. Am Stand erwartet Sie auch eine Vorf\u00fchrung unserer Produkte sowie die unkonventionelle Verarbeitung von Produktionsmaterialien auf eine Weise, die Sie nicht erwarten w\u00fcrden\u201c<\/em>, sagt Miloslav Matou\u0161ek, unser Marketingleiter.<\/p>\n      <\/section>\n        <section class=\"component component-gutenberg-heading typography my-1\">\n              \n<h2 class=\"wp-block-heading\">Wir pr\u00e4sentieren Neuheiten<\/h2>\n      <\/section>\n        <section class=\"component component-gutenberg-paragraph typography my-1\">\n              \n<p>Wie gewohnt bringen wir Muster und Demonstrationen unserer Raffstoren und Textilscreens mit auf die Messe.\r\n\r\nIn diesem Jahr werden wir aber auch erstmals ein lange vorbereitetes neues Produkt vorstellen, das unser bestehendes Portfolio erweitern wird. <em>\u201eAufgrund des Feedbacks unserer Partner haben wir mit der Entwicklung eines neuen Produkts begonnen, \u00fcber das wir alle sehr gl\u00fccklich sind. Wir d\u00fcrfen die Details noch nicht verraten, aber die Besucher k\u00f6nnen sich darauf freuen\u201c<\/em>, meint Miroslav Sedl\u00e1\u010dek, Leiter der Entwicklungsabteilung<\/p>\n      <\/section>\n        <section class=\"component component-gutenberg-heading typography my-1\">\n              \n<h2 class=\"wp-block-heading\">Schauen Sie bei uns vorbei<\/h2>\n      <\/section>\n        <section class=\"component component-gutenberg-paragraph typography my-1\">\n              \n<p>Besucher unseres Standes k\u00f6nnen unseren neuen Onlineshop oder den BIM-Konfigurator ausprobieren oder mithilfe einer VR-Brille unsere Produktion besichtigen. Selbstverst\u00e4ndlich halten wir f\u00fcr jeden Gast eine bequeme Sitzgelegenheit und  eine kleine St\u00e4rkung bereit.<\/p>\n      <\/section>\n        <section class=\"component component-gutenberg-paragraph typography my-1\">\n              \n<p>Die Messe beginnt am Montag, den 19. Februar und endet am Freitag, den 23. Februar. Wir w\u00fcrden uns freuen, Sie zu sehen. Und wenn Sie gern ein kostenloses Ticket h\u00e4tten, wenden Sie sich an uns unter <a href=\"mailto:marketing@neva.eu\">marketing@neva.eu<\/a>. F\u00fcr unsere Partner und Besucher haben wir noch ein paar reserviert.<\/p>\n      <\/section>\n","protected":false},"excerpt":{"rendered":"<p>Nach sechsj\u00e4hrigen, durch die Coronapandemie bedingter Pause erwartet uns endlich live die Messe f\u00fcr au\u00dfenliegende Beschattungstechnik R+T 2024 in Stuttgart. F\u00fcr unsere Partner und Besucher haben wir einen modernen Stand vom Architekturb\u00fcro Vrti\u0161ka und \u017d\u00e1k, ein v\u00f6llig neues Produkt und einen 3D-Rundgang durch die Produktion vorbereitet, welche Sie virtuell mit einer VR-Brille besichtigen k\u00f6nnen.<\/p>\n","protected":false},"author":9,"featured_media":24249,"comment_status":"closed","ping_status":"closed","sticky":false,"template":"","format":"standard","meta":{"_acf_changed":false,"advgb_blocks_editor_width":"","advgb_blocks_columns_visual_guide":"","_daim_seo_power":"1000","_daim_enable_ail":"1","footnotes":""},"categories":[167],"tags":[],"class_list":["post-24345","post","type-post","status-publish","format-standard","has-post-thumbnail","hentry","category-aus-dem-leben-von-neva"],"acf":[],"aioseo_notices":[],"author_meta":{"display_name":"Kate\u0159ina Musilov\u00e1","author_link":"https:\/\/www.neva.eu\/de\/author\/vranova\/"},"featured_img":"https:\/\/www.neva.eu\/wp-content\/uploads\/NEVA-RT2024-300x150.jpg","coauthors":[],"tax_additional":{"categories":{"linked":["<a href=\"https:\/\/www.neva.eu\/de\/aktuelles\/kategorie\/aus-dem-leben-von-neva\/\" class=\"advgb-post-tax-term\">Aus dem Leben von NEVA<\/a>"],"unlinked":["<span class=\"advgb-post-tax-term\">Aus dem Leben von NEVA<\/span>"]}},"comment_count":"0","relative_dates":{"created":"Ver\u00f6ffentlicht 2 years vor","modified":"Aktualisiert 2 years vor"},"absolute_dates":{"created":"Ver\u00f6ffentlicht am 29. 1. 2024","modified":"Aktualisiert am 9. 2. 2024"},"absolute_dates_time":{"created":"Ver\u00f6ffentlicht am 29. 1. 2024 13:36","modified":"Aktualisiert am 9. 2. 2024 10:29"},"featured_img_caption":"","series_order":"","_links":{"self":[{"href":"https:\/\/www.neva.eu\/de\/wp-json\/wp\/v2\/posts\/24345","targetHints":{"allow":["GET"]}}],"collection":[{"href":"https:\/\/www.neva.eu\/de\/wp-json\/wp\/v2\/posts"}],"about":[{"href":"https:\/\/www.neva.eu\/de\/wp-json\/wp\/v2\/types\/post"}],"author":[{"embeddable":true,"href":"https:\/\/www.neva.eu\/de\/wp-json\/wp\/v2\/users\/9"}],"replies":[{"embeddable":true,"href":"https:\/\/www.neva.eu\/de\/wp-json\/wp\/v2\/comments?post=24345"}],"version-history":[{"count":2,"href":"https:\/\/www.neva.eu\/de\/wp-json\/wp\/v2\/posts\/24345\/revisions"}],"predecessor-version":[{"id":24532,"href":"https:\/\/www.neva.eu\/de\/wp-json\/wp\/v2\/posts\/24345\/revisions\/24532"}],"wp:featuredmedia":[{"embeddable":true,"href":"https:\/\/www.neva.eu\/de\/wp-json\/wp\/v2\/media\/24249"}],"wp:attachment":[{"href":"https:\/\/www.neva.eu\/de\/wp-json\/wp\/v2\/media?parent=24345"}],"wp:term":[{"taxonomy":"category","embeddable":true,"href":"https:\/\/www.neva.eu\/de\/wp-json\/wp\/v2\/categories?post=24345"},{"taxonomy":"post_tag","embeddable":true,"href":"https:\/\/www.neva.eu\/de\/wp-json\/wp\/v2\/tags?post=24345"}],"curies":[{"name":"wp","href":"https:\/\/api.w.org\/{rel}","templated":true}]}}