{"id":21214,"date":"2022-12-12T09:31:00","date_gmt":"2022-12-12T08:31:00","guid":{"rendered":"https:\/\/www.neva.eu\/unkategorisiert\/verankerung-von-raffstores-in-der-daemmung-ist-das-ein-problem\/"},"modified":"2023-02-08T07:42:11","modified_gmt":"2023-02-08T06:42:11","slug":"verankerung-von-raffstores-in-der-daemmung-ist-das-ein-problem","status":"publish","type":"post","link":"https:\/\/www.neva.eu\/de\/tipps-und-anleitungen\/verankerung-von-raffstores-in-der-daemmung-ist-das-ein-problem\/","title":{"rendered":"Verankerung von Raffstores in der D\u00e4mmung: Ist das ein Problem?"},"content":{"rendered":"        <section class=\"component component-gutenberg-heading typography my-1\">\n              \n<h2 class=\"wp-block-heading\"><strong>Idealerweise alles am Fensterrahmen verankern<\/strong><\/h2>\n      <\/section>\n\n\n        <section class=\"component component-gutenberg-paragraph typography my-1\">\n              \n<p>Bei nachtr\u00e4glich eingebauten und sichtbar montierten Raffstores ist es in der Regel am besten, wenn die Montagefirma alle Elemente und Halterungen im Fensterrahmen verankert. <strong>Denn das Fenster ist immer gerade, fest und stabil<\/strong>, so dass Sie sicher sein k\u00f6nnen, dass es den Raffstore und die Blende bzw. den Kasten problemlos halten kann.<\/p>\n      <\/section>\n\n\n        <section class=\"component component-gutenberg-paragraph typography my-1\">\n              \n<p><em>\u201eMan kann in Kunststoff\u2011, Holz- oder Aluminiumfenster verankern, je nach Material verwendet man beispielsweise verzinkte oder Edelstahlanker. Manche Kunden haben Angst, in die Fenster zu bohren, aber diese Angst ist unn\u00f6tig \u2013 das Fenster ist bereits werkseitig f\u00fcr die Beschl\u00e4ge verschraubt, so dass unser Eingriff ihm nicht schadet\u201c,<\/em> sagt der Gesch\u00e4ftsf\u00fchrer von <a href=\"https:\/\/www.zaluzie-renesun.cz\/\" target=\"_blank\" rel=\"noopener\" title>RENESUN \u017daluzie<\/a>, Ren\u00e9 B\u00fdma, der seit 20 Jahren <a href=\"https:\/\/www.neva.eu\/de\/raffstoren\/raffstoren\/\" title=\"Raffstores \">Raffstores <\/a>montiert und noch keine Probleme mit der W\u00e4rmed\u00e4mmung durch die Verankerung im Fenster hatte. Rechnen Sie einfach damit, dass die Fensteroberfl\u00e4che verletzt wird, und wenn Sie die Raffstores z. B. in Zukunft entfernen wollen, bleiben L\u00f6cher im Fensterrahmen zur\u00fcck, die schwieriger zu beheben sind als L\u00f6cher in der Fassade.<\/p>\n      <\/section>\n\n\n        <section class=\"component component-gutenberg-paragraph typography my-1\">\n              \n<p>Die Blende und der Raffstore werden bei Fensterverankerung immer <strong>innerhalb der Fenster\u00f6ffnung<\/strong>angebracht. Rechnen Sie daher mit einer Verringerung des lichten H\u00f6he des Fensters an der Oberkante um ca. 20\u2009\u2013\u200930&nbsp;cm.<\/p>\n      <\/section>\n\n\n        <section class=\"component component-gutenberg-image typography my-1\">\n              \n<figure class=\"wp-block-image size-large advgb-dyn-dbe6bfd8\"><img loading=\"lazy\" decoding=\"async\" width=\"1024\" height=\"512\" src=\"https:\/\/www.neva.eu\/wp-content\/uploads\/NEVA-kotveni-venkovnich-zaluzii-do-zatepleni-1024x512.jpg\" alt class=\"wp-image-17978\" srcset=\"https:\/\/www.neva.eu\/wp-content\/uploads\/NEVA-kotveni-venkovnich-zaluzii-do-zatepleni-1024x512.jpg 1024w, https:\/\/www.neva.eu\/wp-content\/uploads\/NEVA-kotveni-venkovnich-zaluzii-do-zatepleni-300x150.jpg 300w, https:\/\/www.neva.eu\/wp-content\/uploads\/NEVA-kotveni-venkovnich-zaluzii-do-zatepleni-768x384.jpg 768w, https:\/\/www.neva.eu\/wp-content\/uploads\/NEVA-kotveni-venkovnich-zaluzii-do-zatepleni-1536x768.jpg 1536w, https:\/\/www.neva.eu\/wp-content\/uploads\/NEVA-kotveni-venkovnich-zaluzii-do-zatepleni.jpg 1920w\" sizes=\"auto, (max-width: 1024px) 100vw, 1024px\" \/><figcaption class=\"wp-element-caption\">Ansicht des F\u00fchrungsprofils, das \u00fcber Halterungen am Fensterrahmen verankert ist.<\/figcaption><\/figure>\n      <\/section>\n\n\n        <section class=\"component component-gutenberg-paragraph typography my-1\">\n              \n<p>Wenn Sie die Halterungen in die Fensterlaibung verankern m\u00f6chten, ist dies ebenfalls m\u00f6glich. In diesem Fall werden zum Beispiel die <strong>Speziald\u00fcbel \u201eTURBOLET\u201c<\/strong>verwendet, die auch in weicherem Material gut halten. Bei schlecht ausgef\u00fchrten Fassaden kann es jedoch vorkommen, dass die Halterungen nicht fest genug halten, dann sollte eine Verankerung im Fenster in Betracht gezogen werden. <em>\u201eIn jedem Fall werden die D\u00e4mmeigenschaften der Fassade dadurch nicht beeintr\u00e4chtigt, es handelt sich um einen minimalen Eingriff, der keine Auswirkungen hat\u201c, sagt<\/em> B\u00fdma.<\/p>\n      <\/section>\n\n\n        <section class=\"component component-gutenberg-paragraph typography my-1\">\n              \n<p>Eine weitere M\u00f6glichkeit besteht darin, die Raffstores oberhalb der Laibung (und nicht innerhalb der Fenster\u00f6ffnung) anzubringen. Dies ist vor allem dann sinnvoll, wenn die Fenster\u00f6ffnung flach ist \u2013 weniger als 13&nbsp;cm tief \u2013 und die Blende samt Raffstore nicht hineinpassen oder aus der Fassade hervorragen w\u00fcrde. In diesem Fall werden die Blende und die Halterungen <strong>vorgesetzt vor der Fassade verankert.<\/strong><\/p>\n      <\/section>\n\n\n        <section class=\"component component-gutenberg-heading typography my-1\">\n              \n<h2 class=\"wp-block-heading\"><strong>Vorgesetzte Montage an der Fassade<\/strong><\/h2>\n      <\/section>\n\n\n        <section class=\"component component-gutenberg-paragraph typography my-1\">\n              \n<p>In diesem Fall werden der Abdeckkasten oder die Blende und die F\u00fchrungsschienen vor die Fenster\u00f6ffnung gesetzt und alle Elemente von vorne an der Fassade verankert. Laut Herr B\u00fdma ist auch dies kein Problem und die D\u00e4mmfunktion der Fassade wird nicht beeintr\u00e4chtigt. Wichtiger ist, dass alles gut h\u00e4lt,<strong> deshalb ist es ratsam, durch die Fassade<\/strong> bis zum darunterliegenden Mauerwerk oder Sturz zu bohren.<\/p>\n      <\/section>\n\n\n        <section class=\"component component-gutenberg-paragraph typography my-1\">\n              \n<p><em>\u201eWenn der Kunde Bedenken hat, durch die Fassade zu bohren, kann man spezielle Anker und D\u00fcbel w\u00e4hlen, um die W\u00e4rmebr\u00fccken zu unterbrechen \u2013 zum Beispiel der Marke TherMax\u201c, <\/em>erg\u00e4nzt Byma.<\/p>\n      <\/section>\n\n\n        <section class=\"component component-gutenberg-heading typography my-1\">\n              \n<h2 class=\"wp-block-heading\"><strong>Wenn m\u00f6glich, entscheiden Sie sich f\u00fcr eine Unterputzmontage<\/strong><\/h2>\n      <\/section>\n\n\n        <section class=\"component component-gutenberg-paragraph typography my-1\">\n              \n<p>Bei Neubauten oder einer kompletten Sanierung des Hauses einschlie\u00dflich der Fassade ist es ideal, f\u00fcr den Einbau von Raffstores die Unterputzmontage zu w\u00e4hlen, wo <strong>keine Verankerung an der D\u00e4mmung erfolgt<\/strong>. Bei NEVA bieten wir <a href=\"https:\/\/www.neva.eu\/de\/accessoires-und-zubehor\/produkte\/iso-kasten\/\" title>f\u00fcr diese F\u00e4lle den Purenit-Kasten ISO-KASTL<\/a> an, der noch im Rohbau (ohne Fassade) im Mauerwerk \u00fcber dem Fenster verankert und dann von den Fassadenbauern mit mindestens 2&nbsp;cm D\u00e4mmung \u00fcberdeckt wird. Purenit selbst d\u00e4mmt gut. Analog stellen wir f\u00fcr die seitlichen F\u00fchrungsschienen das <a href=\"https:\/\/www.neva.eu\/de\/accessoires-und-zubehor\/produkte\/iso-panel\/\">ISO-PANEL<\/a> her \u2013 eine D\u00e4mmplatte, die mittels eines L\u2011Profils im Mauerwerk verankert, von den Fassadenbauern fixiert und in die von der Firma dann bei der Montage der Raffstores einfach die F\u00fchrungsschienen eingeschoben werden.<\/p>\n      <\/section>\n\n\n        <section class=\"component component-gutenberg-paragraph typography my-1\">\n              \n<p>Die Verankerung von Raffstores in der Fassade stellt aus Sicht der W\u00e4rmed\u00e4mmung ohnehin kein gro\u00dfes Problem dar. <strong>Entscheidend ist in diesem Zusammenhang die Festigkeit der Fassade<\/strong> \u2013 wie gut die D\u00fcbel darin halten. Deshalb sollte bei einer Sichtmontage alles im Idealfall im Fensterrahmen oder vorgesetzt vor der Fassadenfront verankert werden, so dass die D\u00fcbel mit Reserve bis zum darunterliegenden Mauerwerk reichen.<\/p>\n      <\/section>\n\n\n        <section class=\"component component-gutenberg-paragraph typography my-1\">\n              \n<p>F\u00fcr weitere Informationen \u00fcber die Verankerung von Raffstores wenden Sie sich bitte an unsere <a href=\"https:\/\/www.neva.eu\/de\/handlersuche\/\">Vertriebs- und Montagepartner<\/a>.<\/p>\n      <\/section>\n","protected":false},"excerpt":{"rendered":"<p>Bei einer nachtr\u00e4glichen Installation von Raffstores werden die Halterungen und F\u00fchrungsschienen am Fensterrahmen oder an der D\u00e4mmung verankert. Wenn alles richtig gemacht wird, hat dieser Eingriff keinen Einfluss auf die D\u00e4mmfunktion des Fensters oder der Fassade. F\u00fcr eine 100%ige Sicherheit k\u00f6nnen Sie mit dem Bauunternehmer auch die Verwendung von Spezialankern vereinbaren, um bei der Verankerung die W\u00e4rmebr\u00fccken zu unterbrechen.<\/p>\n","protected":false},"author":10,"featured_media":17989,"comment_status":"closed","ping_status":"closed","sticky":false,"template":"","format":"standard","meta":{"_acf_changed":false,"advgb_blocks_editor_width":"","advgb_blocks_columns_visual_guide":"","_daim_seo_power":"1000","_daim_enable_ail":"1","footnotes":""},"categories":[164],"tags":[],"class_list":["post-21214","post","type-post","status-publish","format-standard","has-post-thumbnail","hentry","category-tipps-und-anleitungen"],"acf":[],"aioseo_notices":[],"author_meta":{"display_name":"Luk\u00e1\u0161 Musil","author_link":"https:\/\/www.neva.eu\/de\/author\/musil\/"},"featured_img":"https:\/\/www.neva.eu\/wp-content\/uploads\/NEVA-kotveni-venkovnich-zaluzii-do-zatepleni-1-300x150.jpg","coauthors":[],"tax_additional":{"categories":{"linked":["<a href=\"https:\/\/www.neva.eu\/de\/aktuelles\/kategorie\/tipps-und-anleitungen\/\" class=\"advgb-post-tax-term\">Tipps und Anleitungen<\/a>"],"unlinked":["<span class=\"advgb-post-tax-term\">Tipps und Anleitungen<\/span>"]}},"comment_count":"0","relative_dates":{"created":"Ver\u00f6ffentlicht 3 years vor","modified":"Aktualisiert 3 years vor"},"absolute_dates":{"created":"Ver\u00f6ffentlicht am 12. 12. 2022","modified":"Aktualisiert am 8. 2. 2023"},"absolute_dates_time":{"created":"Ver\u00f6ffentlicht am 12. 12. 2022 9:31","modified":"Aktualisiert am 8. 2. 2023 7:42"},"featured_img_caption":"","series_order":"","_links":{"self":[{"href":"https:\/\/www.neva.eu\/de\/wp-json\/wp\/v2\/posts\/21214","targetHints":{"allow":["GET"]}}],"collection":[{"href":"https:\/\/www.neva.eu\/de\/wp-json\/wp\/v2\/posts"}],"about":[{"href":"https:\/\/www.neva.eu\/de\/wp-json\/wp\/v2\/types\/post"}],"author":[{"embeddable":true,"href":"https:\/\/www.neva.eu\/de\/wp-json\/wp\/v2\/users\/10"}],"replies":[{"embeddable":true,"href":"https:\/\/www.neva.eu\/de\/wp-json\/wp\/v2\/comments?post=21214"}],"version-history":[{"count":2,"href":"https:\/\/www.neva.eu\/de\/wp-json\/wp\/v2\/posts\/21214\/revisions"}],"predecessor-version":[{"id":21236,"href":"https:\/\/www.neva.eu\/de\/wp-json\/wp\/v2\/posts\/21214\/revisions\/21236"}],"wp:featuredmedia":[{"embeddable":true,"href":"https:\/\/www.neva.eu\/de\/wp-json\/wp\/v2\/media\/17989"}],"wp:attachment":[{"href":"https:\/\/www.neva.eu\/de\/wp-json\/wp\/v2\/media?parent=21214"}],"wp:term":[{"taxonomy":"category","embeddable":true,"href":"https:\/\/www.neva.eu\/de\/wp-json\/wp\/v2\/categories?post=21214"},{"taxonomy":"post_tag","embeddable":true,"href":"https:\/\/www.neva.eu\/de\/wp-json\/wp\/v2\/tags?post=21214"}],"curies":[{"name":"wp","href":"https:\/\/api.w.org\/{rel}","templated":true}]}}