{"id":17508,"date":"2022-06-06T12:30:00","date_gmt":"2022-06-06T10:30:00","guid":{"rendered":"https:\/\/www.neva.eu\/unkategorisiert\/passive-gebaeudekuehlung-was-das-ist-und-warum-sie-sich-damit-befassen-sollten\/"},"modified":"2022-08-22T11:22:31","modified_gmt":"2022-08-22T09:22:31","slug":"passive-gebaeudekuehlung-was-das-ist-und-warum-sie-sich-damit-befassen-sollten","status":"publish","type":"post","link":"https:\/\/www.neva.eu\/de\/tipps-und-anleitungen\/passive-gebaeudekuehlung-was-das-ist-und-warum-sie-sich-damit-befassen-sollten\/","title":{"rendered":"Passive Geb\u00e4udek\u00fchlung: Was das ist und warum Sie sich damit befassen sollten"},"content":{"rendered":"        <section class=\"component component-gutenberg-heading typography my-1\">\n              \n<h2 class=\"wp-block-heading\">Beschattungstechnik reduziert den Energieverbrauch f\u00fcr die K\u00fchlung<\/h2>\n      <\/section>\n\n\n        <section class=\"component component-gutenberg-paragraph typography my-1\">\n              \n<p>Der <a href=\"https:\/\/www.ipcc.ch\/\" target=\"_blank\" rel=\"noreferrer noopener\">Zwischenstaatliche Ausschuss f\u00fcr Klima\u00e4nderungen (IPCC<\/a>) berichtet, dass bis zum Jahre 2050 die <strong>durchschnittliche Anzahl der Tage pro Jahr, an denen Geb\u00e4ude in Europa gek\u00fchlt werden m\u00fcssen<\/strong>, um etwa 30&nbsp;% steigen wird. Aufgrund der globalen Erw\u00e4rmung waren Klimaanlagen in den letzten Jahren die Ger\u00e4te mit dem am schnellsten wachsenden Stromverbrauch, wobei sie an Sommertagen zu den stromintensivsten Ger\u00e4ten im Haushalt geh\u00f6ren. Und das wird zunehmend zum Problem, auch aufgrund der steigenden Energiepreise.<\/p>\n      <\/section>\n\n\n        <section class=\"component component-gutenberg-paragraph typography my-1\">\n              \n<p>Die Kosten f\u00fcr den Betrieb der Klimaanlage k\u00f6nnen durch passive Geb\u00e4udek\u00fchlung gesenkt werden. Laut <a href=\"https:\/\/www.es-so.com\/new\/355-guidehouse-study-on-results-on-adaption-of-buildings-to-climate-change-and-overheating\" target=\"_blank\" rel=\"noreferrer noopener\">einer Studie<\/a> der Unternehmensberatung Guidehouse ist die <strong>Au\u00dfenbeschattung<\/strong> <strong>ein Schl\u00fcsselelement, um eine \u00dcberhitzung von Geb\u00e4uden zu verhindern<\/strong> und die Energiekosten zu senken. Durch den Einbau von <a href=\"https:\/\/www.neva.eu\/de\/\">Au\u00dfenbeschattungsanlagen<\/a> \u2013 d.h. Raffstoren oder Rolll\u00e4den \u2013 k\u00f6nnte der Bedarf an Klimaanlagen in Europa bis 2050 um rund 60&nbsp;% gesenkt werden.<\/p>\n      <\/section>\n\n\n        <section class=\"component component-gutenberg-heading typography my-1\">\n              \n<h2 class=\"wp-block-heading\">Ein Haus, das sich nicht \u00fcberhitzt, muss nicht gek\u00fchlt werden<\/h2>\n      <\/section>\n\n\n        <section class=\"component component-gutenberg-paragraph typography my-1\">\n              \n<p>Die Klimaanlage wird zur K\u00fchlung und L\u00fcftung von Geb\u00e4uden verwendet. Wenn die Konstruktion jedoch so konzipiert ist, dass die W\u00e4rme gar nicht erst in die R\u00e4ume eindringt, kann die Temperatur auch ohne Klimaanlage in angenehmen Grenzen gehalten werden.<\/p>\n      <\/section>\n\n\n        <section class=\"component component-gutenberg-paragraph typography my-1\">\n              \n<p>Neben der Installation von Au\u00dfenbeschattungen k\u00f6nnen Sie sich von bew\u00e4hrten <strong>Methoden f\u00fcr Passiv- oder Niedrigenergieh\u00e4user <\/strong>inspirieren lassen. Ihr Hauptziel besteht im Allgemeinen darin, die thermischen Auswirkungen des Luftaustauschs zwischen Innen- und Au\u00dfenr\u00e4umen zu minimieren.<\/p>\n      <\/section>\n\n\n        <section class=\"component component-gutenberg-list typography my-1\">\n              \n<ol class=\"wp-block-list\"><li><strong>Grundriss und Ausrichtung des Hauses<\/strong><\/li><\/ol>\n      <\/section>\n\n\n        <section class=\"component component-gutenberg-paragraph typography my-1\">\n              \n<p>Der Architekt sollte beim Entwerfen des Hauses daran denken, dass je einfacher die Form ist, desto weniger M\u00f6glichkeiten zum Entweichen von W\u00e4rme bestehen. Die ideale Form des Hauses ist daher quadratisch. H\u00e4user in Hanglage sind sehr effektiv.<\/p>\n      <\/section>\n\n\n        <section class=\"component component-gutenberg-paragraph typography my-1\">\n              \n<p>Wir empfehlen au\u00dferdem, <strong>die Zimmer, in denen geschlafen wird, nach Norden auszurichten<\/strong>. Andererseits werden die gro\u00dfen Fenster im Wohnzimmer oft nach S\u00fcden ausgerichtet, wo das Licht am st\u00e4rksten scheint, damit es vor allem im Winter hell und warm bleibt. Daher werden sie generell mit Au\u00dfenbeschattung ausgestattet. Wenn Sie im Sommer die Raffstoren oder Rolll\u00e4den herunterlassen, k\u00f6nnen Sie den Raum um mehrere Grad Celsius abk\u00fchlen.<\/p>\n      <\/section>\n\n\n        <section class=\"component component-gutenberg-list typography my-1\">\n              \n<ol class=\"wp-block-list\" start=\"2\"><li><strong>Luftdichtheit der Haush\u00fclle<\/strong><\/li><\/ol>\n      <\/section>\n\n\n        <section class=\"component component-gutenberg-paragraph typography my-1\">\n              \n<p>Der sog. <strong>Blower-Door-Test<\/strong> bewertet die Energieeffizienz von Geb\u00e4uden (er muss beispielsweise bestanden werden, wenn man eine F\u00f6rderung f\u00fcr einen Neubau beantragt). Die Luftdichtheit l\u00e4sst sich mit einem hochwertigen und gut ged\u00e4mmten Mauerwerk, einer Dachd\u00e4mmung, mit Isolierglas in den Fenstern (idealerweise Dreifachverglasung) und hochwertigen T\u00fcren sicherstellen.<\/p>\n      <\/section>\n\n\n        <section class=\"component component-gutenberg-list typography my-1\">\n              \n<ol class=\"wp-block-list\" start=\"3\"><li><strong>Andere scheinbar kleinere Ma\u00dfnahmen zur Vermeidung einer Geb\u00e4ude\u00fcberhitzung<\/strong><\/li><\/ol>\n      <\/section>\n\n\n        <section class=\"component component-gutenberg-list typography my-1\">\n              \n<ul class=\"wp-block-list\"><li>Viel Gras und B\u00e4ume rund um das&nbsp;Haus,<\/li><li>gr\u00fcnes Dach oder helle Dachfarbe,<\/li><li>helle Fassade,<\/li><li>ein Gew\u00e4sser in der N\u00e4he des Hauses, das die Luft an hei\u00dfen Tagen befeuchtet.<\/li><\/ul>\n      <\/section>\n\n\n        <section class=\"component component-gutenberg-heading typography my-1\">\n              \n<h2 class=\"wp-block-heading\">Ausschlie\u00dflich nachts l\u00fcften<\/h2>\n      <\/section>\n\n\n        <section class=\"component component-gutenberg-paragraph typography my-1\">\n              \n<p>Um in der Sommerhitze eine angenehme Temperatur aufrecht zu erhalten, sollten Sie das Verfahren der Nachtl\u00fcftung anwenden. Wenn die Temperatur nachts nicht \u00fcber 18&nbsp;Grad steigt, sollten Sie die Fenster weit \u00f6ffnen und das Haus abk\u00fchlen.<strong> Gleich am Morgen schlie\u00dfen Sie die Fenster wieder<\/strong> und ziehen die Raffstoren oder Rolll\u00e4den zu. Wenn Sie sich Sonnensensoren zulegen und die Beschattung mit einem Smart-Home-System verbinden, l\u00e4uft der Prozess zuverl\u00e4ssiger ab.<\/p>\n      <\/section>\n\n\n        <section class=\"component component-gutenberg-paragraph typography my-1\">\n              \n<p>Wenn Sie bei der K\u00fchlung Ihres Hauses noch mehr Geld sparen wollen, sollten Sie sich eine Au\u00dfenbeschattung mit <strong>solarbetriebenen Motoren<\/strong> zulegen.<\/p>\n      <\/section>\n\n\n        <section class=\"component component-gutenberg-paragraph typography my-1\">\n              \n<p>Lesen Sie hier, wie <a href=\"https:\/\/www.neva.eu\/de\/tipps-und-anleitungen\/so-waehlen-sie-die-verschattung-fuer-passiv-oder-niedrigenergiehaeuser\/\">Sie die Beschattung f\u00fcr Ihr Passiv- bzw. Niedrigenergiehaus ausw\u00e4hlen&nbsp;\u00bb<\/a><\/p>\n      <\/section>\n\n\n        <section class=\"component component-gutenberg-heading typography my-1\">\n              \n<h2 class=\"wp-block-heading\">Was das Gesetz besagt: Ab 2022 werden die Anforderungen an die Gesamtenergieeffizienz von Geb\u00e4uden versch\u00e4rft<\/h2>\n      <\/section>\n\n\n        <section class=\"component component-gutenberg-paragraph typography my-1\">\n              \n<p>Seit dem 1. Januar 2022 gilt <a href=\"https:\/\/www.zakonyprolidi.cz\/cs\/2020-264\" target=\"_blank\" rel=\"noreferrer noopener\">eine \u00c4nderung der Verordnung Nr. 264\/2020 Slg.<\/a>, die f\u00fcr Neubauten <strong>Energiesparma\u00dfnahmen<\/strong> <strong>unter Verwendung erneuerbarer Ressourcen und effizienter Technologien<\/strong> vorschreibt. Ideal sind Nearly Zero Energy Buildings (nZEBs), bei denen der Energieverbrauch bei etwa 75 kWh\/\u200bm<sup>2<\/sup> pro Jahr liegen sollte, ohne Ber\u00fccksichtigung der W\u00e4rmeverluste.&nbsp;<\/p>\n      <\/section>\n\n\n        <section class=\"component component-gutenberg-paragraph typography my-1\">\n              \n<p>Die Verordnung basiert auf einem komplexeren Ansatz f\u00fcr den Energieverbrauch \u2013 H\u00e4user, die ung\u00fcnstig im Gel\u00e4nde liegen oder deren Disposition nicht den geforderten Werten entspricht, m\u00fcssen diesen Nachteil <strong>durch technische Ma\u00dfnahmen <\/strong>ausgleichen, um der Verordnung zu entsprechen. Dazu geh\u00f6ren neben der Au\u00dfenbeschattung auch die W\u00e4rmer\u00fcckgewinnung, W\u00e4rmepumpen oder die Fotovoltaik, f\u00fcr die Sie ebenfalls eine F\u00f6rderung im Rahmen des <a href=\"https:\/\/www.neva.eu\/rady-a-navody\/nova-zelena-usporam-navod-jak-ziskate-dotaci-na-venkovni-zaluzie\/\">Programms \u201cNeues gr\u00fcnes Licht dem Sparen\u201d <\/a>erhalten k\u00f6nnen.<\/p>\n      <\/section>\n","protected":false},"excerpt":{"rendered":"<p>Da die durchschnittliche Lufttemperatur in Europa weiter ansteigt, suchen Hausbesitzer zunehmend nach M\u00f6glichkeiten, ihr Zuhause zu k\u00fchlen. Viele Menschen setzen auf Klimaanlagen, doch diese verbrauchen viel Strom, der zudem immer teurer wird. Die K\u00fchlung Ihres Hauses muss nicht so teuer sein, wenn Sie die W\u00e4rme gar nicht erst hereinlassen.<\/p>\n","protected":false},"author":20,"featured_media":17245,"comment_status":"closed","ping_status":"closed","sticky":false,"template":"","format":"standard","meta":{"_acf_changed":false,"advgb_blocks_editor_width":"","advgb_blocks_columns_visual_guide":"","_daim_seo_power":"1000","_daim_enable_ail":"1","footnotes":""},"categories":[164],"tags":[],"class_list":["post-17508","post","type-post","status-publish","format-standard","has-post-thumbnail","hentry","category-tipps-und-anleitungen"],"acf":[],"aioseo_notices":[],"author_meta":{"display_name":"Jan Gajdo\u0161","author_link":"https:\/\/www.neva.eu\/de\/author\/gajdos\/"},"featured_img":"https:\/\/www.neva.eu\/wp-content\/uploads\/NEVA-pasivni-chlazeni-domu-300x150.jpg","coauthors":[],"tax_additional":{"categories":{"linked":["<a href=\"https:\/\/www.neva.eu\/de\/aktuelles\/kategorie\/tipps-und-anleitungen\/\" class=\"advgb-post-tax-term\">Tipps und Anleitungen<\/a>"],"unlinked":["<span class=\"advgb-post-tax-term\">Tipps und Anleitungen<\/span>"]}},"comment_count":"0","relative_dates":{"created":"Ver\u00f6ffentlicht 4 years vor","modified":"Aktualisiert 4 years vor"},"absolute_dates":{"created":"Ver\u00f6ffentlicht am 6. 6. 2022","modified":"Aktualisiert am 22. 8. 2022"},"absolute_dates_time":{"created":"Ver\u00f6ffentlicht am 6. 6. 2022 12:30","modified":"Aktualisiert am 22. 8. 2022 11:22"},"featured_img_caption":"","series_order":"","_links":{"self":[{"href":"https:\/\/www.neva.eu\/de\/wp-json\/wp\/v2\/posts\/17508","targetHints":{"allow":["GET"]}}],"collection":[{"href":"https:\/\/www.neva.eu\/de\/wp-json\/wp\/v2\/posts"}],"about":[{"href":"https:\/\/www.neva.eu\/de\/wp-json\/wp\/v2\/types\/post"}],"author":[{"embeddable":true,"href":"https:\/\/www.neva.eu\/de\/wp-json\/wp\/v2\/users\/20"}],"replies":[{"embeddable":true,"href":"https:\/\/www.neva.eu\/de\/wp-json\/wp\/v2\/comments?post=17508"}],"version-history":[{"count":2,"href":"https:\/\/www.neva.eu\/de\/wp-json\/wp\/v2\/posts\/17508\/revisions"}],"predecessor-version":[{"id":17552,"href":"https:\/\/www.neva.eu\/de\/wp-json\/wp\/v2\/posts\/17508\/revisions\/17552"}],"wp:featuredmedia":[{"embeddable":true,"href":"https:\/\/www.neva.eu\/de\/wp-json\/wp\/v2\/media\/17245"}],"wp:attachment":[{"href":"https:\/\/www.neva.eu\/de\/wp-json\/wp\/v2\/media?parent=17508"}],"wp:term":[{"taxonomy":"category","embeddable":true,"href":"https:\/\/www.neva.eu\/de\/wp-json\/wp\/v2\/categories?post=17508"},{"taxonomy":"post_tag","embeddable":true,"href":"https:\/\/www.neva.eu\/de\/wp-json\/wp\/v2\/tags?post=17508"}],"curies":[{"name":"wp","href":"https:\/\/api.w.org\/{rel}","templated":true}]}}