{"id":13154,"date":"2021-03-29T16:52:33","date_gmt":"2021-03-29T14:52:33","guid":{"rendered":"https:\/\/www.neva.eu\/unkategorisiert\/montage-von-raffstores-schritt-fuer-schritt-was-ist-alles-zu-beruecksichtigen\/"},"modified":"2023-01-23T11:54:08","modified_gmt":"2023-01-23T10:54:08","slug":"montage-von-raffstores-schritt-fuer-schritt-was-ist-alles-zu-beruecksichtigen","status":"publish","type":"post","link":"https:\/\/www.neva.eu\/de\/tipps-und-anleitungen\/montage-von-raffstores-schritt-fuer-schritt-was-ist-alles-zu-beruecksichtigen\/","title":{"rendered":"Montage von Raffstores Schritt f\u00fcr Schritt: Was ist alles zu ber\u00fccksichtigen?"},"content":{"rendered":"        <section class=\"component component-gutenberg-heading typography my-1\">\n              \n<h2 class=\"wp-block-heading\"><strong>Die Vorgehensweise h\u00e4ngt von der Art der Montage ab<\/strong><\/h2>\n      <\/section>\n\n\n        <section class=\"component component-gutenberg-paragraph typography my-1\">\n              \n<p>Raffstores k\u00f6nnen wie folgt montiert werden:<\/p>\n      <\/section>\n\n\n        <section class=\"component component-gutenberg-list typography my-1\">\n              \n<ul class=\"wp-block-list\">\n<li>in einen Kasten <strong>unter die Fassade<\/strong> (Unterputzmontage),<\/li>\n\n\n\n<li><strong>unter eine Blende<\/strong> (Sichtmontage),<\/li>\n\n\n\n<li>oder vorgesetzt <strong>vor die Fassade<\/strong>.<\/li>\n<\/ul>\n      <\/section>\n\n\n        <section class=\"component component-gutenberg-paragraph typography my-1\">\n              \n<p>Technisch und zeitlich am aufwendigsten ist die Montage unter die Fassade, die wir jedoch gleichzeitig empfehlen. Der Raffstorekasten und die Befestigungselemente liegen dann n\u00e4mlich <strong>elegant unter dem Putz verdeckt<\/strong>. Dies hat jedoch einen Haken: Die Raffstores lassen sich gew\u00f6hnlich<strong>nicht nachtr\u00e4glich<\/strong> unter die Fassade montieren. Wenn ihr Haus schon fertig ist, erwartet Sie die Montage unter eine Blende oder vorgesetzt vor die Fassade.<\/p>\n      <\/section>\n\n\n        <section class=\"component component-gutenberg-heading typography my-1\">\n              \n<h2 class=\"wp-block-heading\"><strong>Montage der Raffstores unter die Fassade (Unterputzmontage)<\/strong><\/h2>\n      <\/section>\n\n\n        <section class=\"component component-gutenberg-paragraph typography my-1\">\n              \n<p>Idealerweise sind die Raffstores bereits in der Planungsphase zu ber\u00fccksichtigen, damit der Planer mit ihnen rechnet und Platz f\u00fcr sie \u00fcber den Fenstern und f\u00fcr die F\u00fchrung der elektrischen Leitungen vorsieht. Bei der Unterputzmontage wird n\u00e4mlich <strong>in die Fassade \u00fcber dem Fenster ein Kasten<\/strong> (z. B. unser <a href=\"https:\/\/www.neva.eu\/de\/accessoires-und-zubehor\/produkte\/iso-kasten\/\" title>ISO-KASTL<\/a>) eingesetzt, in die die Raffstores dann einfahren. Gerade der Mangel an Platz in der Fassade \u00fcber dem Fenster ist der Grund, warum die Unterputzmontage normalerweise nicht nachtr\u00e4glich realisiert werden kann.<\/p>\n      <\/section>\n\n\n        <section class=\"component component-gutenberg-paragraph typography my-1\">\n              \n<p><em>\u201eNur f\u00fcr den eigentlichen Raffstore ben\u00f6tigen Sie in der Fassade \u00fcber dem Fenster einen Raum von mindestens 13&nbsp;cm Tiefe, gegebenenfalls noch mehr, falls Sie ein Insektengitter in Erw\u00e4gung ziehen. Dazu m\u00fcssen Sie die Dicke des eigentlichen Kastens oder der W\u00e4rmed\u00e4mmung hinzurechnen. Das ist unumg\u00e4nglich, in einen Sturz von 10&nbsp;cm  bekommen Sie den Raffstore keinesfalls\u201c,<\/em> weist der Inhaber der Montagefirma <a href=\"https:\/\/stardesign.cz\/\" target=\"_blank\" rel=\"noreferrer noopener\">StarDesign<\/a> Martin St\u00e1ra&nbsp;hin.<\/p>\n      <\/section>\n\n\n        <section class=\"component component-gutenberg-paragraph typography my-1\">\n              \n<p><em>\u201eBei unserem ISO-KASTL empfehlen wir 2&nbsp;cm W\u00e4rmed\u00e4mmung an der Stirnseite des Kastens, 1,5&nbsp;cm ist die Dicke der Vorderwand des Kastens, 13&nbsp;cm sind f\u00fcr den Raffstore erforderlich und weitere 1,5&nbsp;cm ist die Dicke der R\u00fcckwand des Kastens. In der Summe sind das etwa 18&nbsp;cm\u201c, <\/em>f\u00fcgt Luk\u00e1\u0161 Musil, Verkaufsmanager von NEVA,&nbsp;hinzu.<\/p>\n      <\/section>\n\n\n        <section class=\"component component-gutenberg-paragraph typography my-1\">\n              \n<p>Die eigentliche Unterputzmontage erfolgt dann <strong>in vier Schritten<\/strong>.<\/p>\n      <\/section>\n\n\n        <section class=\"component component-gutenberg-list typography my-1\">\n              \n<ol class=\"wp-block-list\">\n<li>In der ersten Phase (wenn der Rohbau ohne Fassade und mit eingesetzten Fenstern steht) <strong>misst die Montagefirma die f\u00fcr die Raffstores vorgesehenen Bereiche auf<\/strong> und \u00fcberpr\u00fcft weitere Details des Baus (Anschluss an den Fensterrahmen, Geradheit der Laibungen und des Sturzes oder der W\u00e4rmed\u00e4mmung des Sturzes). Auf dieser Grundlage  bestellt sie den Kasten und das Profil f\u00fcr die F\u00fchrungsschienen oder die Sandwichplatten.<\/li>\n<\/ol>\n      <\/section>\n\n\n        <section class=\"component component-gutenberg-list typography my-1\">\n              \n<ol class=\"wp-block-list\" start=\"2\">\n<li>In der zweiten Phase <strong>montiert die Firma den Unterputzkasten<\/strong> \u00fcber die Fenster\u00f6ffnung und befestigt das Profil oder die Sandwichplatten f\u00fcr die eingelassenen F\u00fchrungsschienen. Die Montage muss \u00e4u\u00dferst pr\u00e4zise erfolgen, den Kasten beispielsweise muss der Montagetechniker waagerecht ausrichten und die Profile f\u00fcr die F\u00fchrungsschienen m\u00fcssen parallel sein und d\u00fcrfen nicht zusammen\u2011, auseinander- oder au\u00dferachsig laufen. Anschlie\u00dfend d\u00e4mmt die Baufirma das Haus und stellt die Fassade fertig.<\/li>\n<\/ol>\n      <\/section>\n\n\n        <section class=\"component component-gutenberg-list typography my-1\">\n              \n<ol class=\"wp-block-list\" start=\"3\">\n<li>Sobald die Fassade fertiggestellt ist, kommt die Montagefirma zur <strong>Endaufmessung<\/strong>. Dieser Schritt ist kritisch, denn die Raffstores m\u00fcssen absolut genau aufgemessen werden. Die erfahrenen Montagetechniker wissen, dass die Raffstores mindestens 2&nbsp;cm \u00fcber dem Fensterbrett enden m\u00fcssen, da sie mit der Zeit durchh\u00e4ngen und im Winter nicht am Fensterbrett anfrieren d\u00fcrfen. Die Toleranz des Aufma\u00dfes ist dabei sehr gering, was die Breite des Raffstores betrifft, sind es nur 2&nbsp;mm.<\/li>\n<\/ol>\n      <\/section>\n\n\n        <section class=\"component component-gutenberg-paragraph typography my-1\">\n              \n<p>Im letzten Schritt kommen die Montagetechniker auf die Baustelle, montieren den Raffstore in den vorbereiteten Kasten und befestigen die F\u00fchrungsschienen in die Profile. Dann schlie\u00dfen sie den Motor an die vorbereiteten Elektroleitungen an und kontrollieren die <strong>Endpositionen des Raffstores<\/strong>. Zum Schluss kontrollieren sie den Lauf des Raffstores und programmieren die Fernbedienung.<\/p>\n      <\/section>\n\n\n        <section class=\"component component-gutenberg-paragraph typography my-1\">\n              \n<p>Bei NEVA bieten wir auch das <strong>selbsttragende System STF2<\/strong> zur Unterputzmontage an, wobei der Raffstore mit Kasten und die Profile f\u00fcr die F\u00fchrungschienen in einem St\u00fcck verbunden sind. In einem solchen Fall ist die Montage schneller \u2013 der Raffstore wird nur aufgemesssen, am Fensterrahmen montiert und erst danach wird die komplette Fassade fertiggestellt.<\/p>\n      <\/section>\n\n\n        <section id=\"component-022f8909c70b88fe0e267ad0a51b53af\" class=\"component component-citation citation\">\n              <div class=\"citation__text\">\n  &bdquo;Sie k\u00f6nnen sogar mit dem Fensterhersteller vereinbaren, dass der Raffstore direkt am Fensterrahmen angebracht wird, noch bevor die Fenster auf der Baustelle eingebaut werden. Dann bringen Sie das Fenster mitsamt Raffstore auf die Baustelle und verankern es dort nur noch. Schade, dass in Tschechien STF2 bislang noch nicht so stark nachgefragt wird.&ldquo;\n<\/div>\n  <div class=\"citation__authorwrap\">\n  <div class=\"citation__line\"><\/div>\n    <p class=\"citation__author\">Martin St\u00e1ra<\/p>\n      <p class=\"citation__position\">Eigent\u00fcmer von StarDesign<\/p>\n  <\/div>\n      <\/section>\n\n\n        <section class=\"component component-gutenberg-paragraph typography my-1\">\n              \n<p>Ein weitere Variante ist unser <strong>selbtstragendes System STL<\/strong>, das keinen Kasten hat und davon ausgeht, dass Sie auf der Baustelle eine eigene Box vorbereitet haben. Bei diesem System laufen die F\u00fchrungsprofile sichtbar und es ist vor allem in der Schweiz und in den anderen deutschsprachigen L\u00e4ndern beliebt.<\/p>\n      <\/section>\n\n\n        <section class=\"component component-gutenberg-image typography my-1\">\n              \n<figure class=\"wp-block-image size-large is-style-default advgb-dyn-b7761c2d\"><img loading=\"lazy\" decoding=\"async\" width=\"1920\" height=\"960\" src=\"https:\/\/www.neva.eu\/wp-content\/uploads\/neva-montaz-venkovnich-zaluzii-krok-za-krokem-1.jpg\" alt class=\"wp-image-12749\" srcset=\"https:\/\/www.neva.eu\/wp-content\/uploads\/neva-montaz-venkovnich-zaluzii-krok-za-krokem-1.jpg 1920w, https:\/\/www.neva.eu\/wp-content\/uploads\/neva-montaz-venkovnich-zaluzii-krok-za-krokem-1-1536x768.jpg 1536w, https:\/\/www.neva.eu\/wp-content\/uploads\/neva-montaz-venkovnich-zaluzii-krok-za-krokem-1-1280x640.jpg 1280w, https:\/\/www.neva.eu\/wp-content\/uploads\/neva-montaz-venkovnich-zaluzii-krok-za-krokem-1-940x470.jpg 940w, https:\/\/www.neva.eu\/wp-content\/uploads\/neva-montaz-venkovnich-zaluzii-krok-za-krokem-1-758x379.jpg 758w, https:\/\/www.neva.eu\/wp-content\/uploads\/neva-montaz-venkovnich-zaluzii-krok-za-krokem-1-425x213.jpg 425w\" sizes=\"auto, (max-width: 1920px) 100vw, 1920px\" \/><figcaption class=\"wp-element-caption\">Beispiel einer Unterputzmontage, wo au\u00dfer den Lamellen alles verdeckt ist.<\/figcaption><\/figure>\n      <\/section>\n\n\n        <section class=\"component component-gutenberg-heading typography my-1\">\n              \n<h2 class=\"wp-block-heading\"><strong>Montage der Raffstores an den Fensterrahmen unter einer Blende (Sichtmontage)<\/strong><\/h2>\n      <\/section>\n\n\n        <section class=\"component component-gutenberg-paragraph typography my-1\">\n              \n<p>Die sogenannte Sichtmontage unter einer Blende ist geeignet im Fall, dass ihr Haus bereits fertiggestellt ist.<\/p>\n      <\/section>\n\n\n        <section class=\"component component-gutenberg-paragraph typography my-1\">\n              \n<p>Die Raffstores fahren in einem solchen Fall nicht in einen Unterputzkasten ein, sondern <strong>unter eine sichtbare Blende<\/strong>. Diese Blende wird in der Fenster\u00f6ffnung angebracht und an Haltern, die am Fensterrahmen oder am Sturz angebracht sind, befestigt. Da das Blech innerhalb der Fenster\u00f6ffnung liegt, schr\u00e4nkt es den Blick aus dem Fenster minimal ein und verringert die lichte H\u00f6he des Fensters.<\/p>\n      <\/section>\n\n\n        <section class=\"component component-gutenberg-paragraph typography my-1\">\n              \n<p><em>\u201e\u00c4hnlich wie der Kasten bei Unterputzmontage, muss auch die Blende mindestens 13&nbsp;cm tief sein. Gew\u00f6hnlich montieren wir sie so, dass sie mit der Fassade b\u00fcndig abschlie\u00dft. Manchmal ist jedoch die Fenster\u00f6ffnung nicht tief genug, dann tritt die Blende leicht aus der Fassade hervor\u201c,<\/em> weist Martin St\u00e1ra&nbsp;hin.<\/p>\n      <\/section>\n\n\n        <section class=\"component component-gutenberg-paragraph typography my-1\">\n              \n<p>Vorteil der Sichtmontage ist ihre Schnelligkeit, alles geschieht in zwei Schritten.<\/p>\n      <\/section>\n\n\n        <section class=\"component component-gutenberg-list typography my-1\">\n              \n<ol class=\"wp-block-list\">\n<li>Im ersten Schritt misst der Montagetechniker die Bau\u00f6ffnung auf, kontrolliert ihre Ebenheit und spricht mit Ihnen ab, wie Sie die F\u00fchrungsprofile f\u00fchren wollen. Diese k\u00f6nnen mittels Haltern an den Fensterrahmen oder an der Laibung montiert werden. Bei der Laibung gibt es Probleme, wenn diese gekr\u00fcmmt ist, bei Rahmen ist die Montage kompliziert, wenn diese zu stark ged\u00e4mmt sind und nicht genug Platz f\u00fcr die Halter \u00fcbrig bleibt. Manchmal kann es deshalb vorkommen, dass ein Raffstore auf diese Weise \u00fcberhaupt nicht montiert werden kann.<\/li>\n<\/ol>\n      <\/section>\n\n\n        <section class=\"component component-gutenberg-list typography my-1\">\n              \n<ol class=\"wp-block-list\" start=\"2\">\n<li>Im zweiten Schritt nimmt der Montagetechniker die Ma\u00dfe f\u00fcr die oberen Profilhalter auf und verankert diese, setzt die Blende auf und befestigt dieses an den Haltern. Dann setzt er den Raffstore in die Halter ein, montiert die F\u00fchrungsprofile, schlie\u00dft den Motor an und kontrolliert den Raffstore, einschlie\u00dflich der Kontrolle der Endlagen. Im Fall der Bedienung mittels einer Kurbel bohrt er noch ein Loch in den Fensterrahmen f\u00fcr die Durchf\u00fchrung der Kurbel.<\/li>\n<\/ol>\n      <\/section>\n\n\n        <section class=\"component component-gutenberg-paragraph typography my-1\">\n              \n<p>F\u00fcr dieses Typ  Montage haben wir bei NEVA noch das <strong><a href=\"https:\/\/www.neva.eu\/de\/raffstoren\/produkte\/stf\/stf1\/\" title>selbsttragende System STF1<\/a><\/strong> \u2013 also Raffstore, F\u00fchrungsprofil und Blende in einem St\u00fcck. Der Raffstore kann somit vorher an das Fenster montiert werden und anschlie\u00dfend im Ganzen mit dem Fenster eingebaut werden. Dies ist etwa praktisch wenn Sie bei einer Rekonstruktion die Fenster austauschen.<\/p>\n      <\/section>\n\n\n        <section class=\"component component-gutenberg-image typography my-1\">\n              \n<figure class=\"wp-block-image size-large is-style-default advgb-dyn-d5cbaf39\"><img loading=\"lazy\" decoding=\"async\" width=\"1920\" height=\"960\" src=\"https:\/\/www.neva.eu\/wp-content\/uploads\/neva-montaz-venkovnich-zaluzii-krok-za-krokem-2.jpg\" alt class=\"wp-image-12755\" srcset=\"https:\/\/www.neva.eu\/wp-content\/uploads\/neva-montaz-venkovnich-zaluzii-krok-za-krokem-2.jpg 1920w, https:\/\/www.neva.eu\/wp-content\/uploads\/neva-montaz-venkovnich-zaluzii-krok-za-krokem-2-1536x768.jpg 1536w, https:\/\/www.neva.eu\/wp-content\/uploads\/neva-montaz-venkovnich-zaluzii-krok-za-krokem-2-1280x640.jpg 1280w, https:\/\/www.neva.eu\/wp-content\/uploads\/neva-montaz-venkovnich-zaluzii-krok-za-krokem-2-940x470.jpg 940w, https:\/\/www.neva.eu\/wp-content\/uploads\/neva-montaz-venkovnich-zaluzii-krok-za-krokem-2-758x379.jpg 758w, https:\/\/www.neva.eu\/wp-content\/uploads\/neva-montaz-venkovnich-zaluzii-krok-za-krokem-2-425x213.jpg 425w\" sizes=\"auto, (max-width: 1920px) 100vw, 1920px\" \/><figcaption class=\"wp-element-caption\">Sichtmontage der Raffstores auf den Fensterrahmen mit Blende, die genau b\u00fcndig mit der Fassade abschlie\u00dft. Sie kann farblich an die Fassade angepasst oder in Kontrastfarbe ausgef\u00fchrt sein.<\/figcaption><\/figure>\n      <\/section>\n\n\n        <section class=\"component component-gutenberg-heading typography my-1\">\n              \n<h2 class=\"wp-block-heading\"><strong>Montage der Raffstores vorgesetzt vor die Fassade<\/strong><\/h2>\n      <\/section>\n\n\n        <section class=\"component component-gutenberg-paragraph typography my-1\">\n              \n<p>Wenn Sie die lichte H\u00f6he des Fensters nicht einschr\u00e4nken m\u00f6chten oder nicht in den Fensterrahmen eingreifen wollen (oder gegebenenfalls nicht k\u00f6nnen), gibt es noch eine M\u00f6glichkeit \u2013 das Anbringen von Raffstores <strong>vor die Fenster\u00f6ffnung, also vorgesetzt vor die Fassade<\/strong>. Die Raffstores treten sichtbar aus  der Fassade hervor.<\/p>\n      <\/section>\n\n\n        <section class=\"component component-gutenberg-paragraph typography my-1\">\n              \n<p>Die Raffstores fahren bei dieser Art  Montage in einen vorbereiteten Kasten ein, der sich <strong>\u00fcber der Fenster\u00f6ffnung<\/strong> befindet. Die Traghalter und F\u00fchrungsprofile werden von vorn auf der Fassade verankert.<\/p>\n      <\/section>\n\n\n        <section class=\"component component-gutenberg-paragraph typography my-1\">\n              \n<p>Nachteil und Risiko dieser Montage ist gerade die Befestigung. In Anbetracht des Gewichts des Raffstores muss dieser stets im Mauerwerk oder zumindest in seinen tragenden im Mauerwerk befestigten Teilen verankert werden. Im Falle einer dicken D\u00e4mmschicht werden Anker mit  Trennung von W\u00e4rmebr\u00fccken genutzt.<\/p>\n      <\/section>\n\n\n        <section class=\"component component-gutenberg-paragraph typography my-1\">\n              \n<p>Die eigentliche Montage erfolgt dann in zwei Schritten.<\/p>\n      <\/section>\n\n\n        <section class=\"component component-gutenberg-list typography my-1\">\n              \n<ol class=\"wp-block-list\">\n<li>Im ersten Schritt <strong>misst der  Montagetechniker das Fenster auf<\/strong> und entwirft die optimale Art der Befestigung.<\/li>\n\n\n\n<li>Im zweiten Schritt montiert er die Halter, setzt die F\u00fchrungsprofile und die Blende auf und befestigt den Raffstore. Das Gewicht des Raffstores tragen in diesem Fall die F\u00fchrungsprofile.<\/li>\n<\/ol>\n      <\/section>\n\n\n        <section class=\"component component-gutenberg-paragraph typography my-1\">\n              \n<p>Bei NEVA haben wir f\u00fcr die Montage vor die Fassade ein eigenes <a href=\"https:\/\/www.neva.eu\/de\/raffstoren\/produkte\/fassadensystem\/eckige-variante\/\" title>Fassadensystem<\/a> entwickelt, wo wir den Raffstore in einem St\u00fcck mit einem eckigen Kasten und F\u00fchrungsprofilen liefern.<\/p>\n      <\/section>\n\n\n        <section class=\"component component-gutenberg-image typography my-1\">\n              \n<figure class=\"wp-block-image size-large is-style-default advgb-dyn-d366b259\"><img loading=\"lazy\" decoding=\"async\" width=\"1920\" height=\"960\" src=\"https:\/\/www.neva.eu\/wp-content\/uploads\/neva-montaz-venkovnich-zaluzii-krok-za-krokem-3.jpg\" alt class=\"wp-image-12761\" srcset=\"https:\/\/www.neva.eu\/wp-content\/uploads\/neva-montaz-venkovnich-zaluzii-krok-za-krokem-3.jpg 1920w, https:\/\/www.neva.eu\/wp-content\/uploads\/neva-montaz-venkovnich-zaluzii-krok-za-krokem-3-1536x768.jpg 1536w, https:\/\/www.neva.eu\/wp-content\/uploads\/neva-montaz-venkovnich-zaluzii-krok-za-krokem-3-1280x640.jpg 1280w, https:\/\/www.neva.eu\/wp-content\/uploads\/neva-montaz-venkovnich-zaluzii-krok-za-krokem-3-940x470.jpg 940w, https:\/\/www.neva.eu\/wp-content\/uploads\/neva-montaz-venkovnich-zaluzii-krok-za-krokem-3-758x379.jpg 758w, https:\/\/www.neva.eu\/wp-content\/uploads\/neva-montaz-venkovnich-zaluzii-krok-za-krokem-3-425x213.jpg 425w\" sizes=\"auto, (max-width: 1920px) 100vw, 1920px\" \/><figcaption class=\"wp-element-caption\">Vor der Fassade vorgesetzte Raffstores, die sichtbar hervortreten.<\/figcaption><\/figure>\n      <\/section>\n\n\n        <section class=\"component component-gutenberg-paragraph typography my-1\">\n              \n<p>Obwohl ein geschickter Heimwerker vielleicht die Anbringung der Raffstores selbst bew\u00e4ltigen k\u00f6nnte, <strong>empfehlen wir die Eigenmontage nicht.<\/strong> Sie gehen ein unn\u00f6tiges Risiko ein und verlieren den Garantieanspruch, unsere Erfahrung zeigt au\u00dferdem, dass die meisten Reklamationen von Raffstores durch nicht fachgerechte Montage verursacht werden.<\/p>\n      <\/section>\n\n\n        <section class=\"component component-gutenberg-paragraph typography my-1\">\n              \n<p>W\u00e4hlen Sie deshalb lieber aus der <a href=\"https:\/\/www.neva.eu\/de\/handlersuche\/\" title>Liste unserer Partner<\/a> und bestellen Sie Raffstores inklusive professioneller Montage.<\/p>\n      <\/section>\n","protected":false},"excerpt":{"rendered":"<p>Die Montage von au\u00dfenliegenden Raffstores ist wesentlich anspruchsvoller als die Montage von innenliegenden Jalousien und wir empfehlen, dass Sie auf jeden Fall eine Montagefirma mit dieser Aufgabe beauftragen. Damit Sie sich eine grobe Vorstellung davon machen k\u00f6nnen, was bei der Montage alles zu ber\u00fccksichtigen ist und was Sie nach der Bestellung der Raffstores erwartet, erkl\u00e4ren wir die wesentlichen Schritte in diesem Artikel.<\/p>\n","protected":false},"author":4,"featured_media":12746,"comment_status":"closed","ping_status":"closed","sticky":false,"template":"","format":"standard","meta":{"_acf_changed":false,"advgb_blocks_editor_width":"","advgb_blocks_columns_visual_guide":"","_daim_seo_power":"1000","_daim_enable_ail":"1","footnotes":""},"categories":[164],"tags":[],"class_list":["post-13154","post","type-post","status-publish","format-standard","has-post-thumbnail","hentry","category-tipps-und-anleitungen"],"acf":[],"aioseo_notices":[],"author_meta":{"display_name":"Miloslav Matou\u0161ek","author_link":"https:\/\/www.neva.eu\/de\/author\/matousek\/"},"featured_img":"https:\/\/www.neva.eu\/wp-content\/uploads\/neva-montaz-venkovnich-zaluzii-krok-za-krokem.jpg","coauthors":[],"tax_additional":{"categories":{"linked":["<a href=\"https:\/\/www.neva.eu\/de\/aktuelles\/kategorie\/tipps-und-anleitungen\/\" class=\"advgb-post-tax-term\">Tipps und Anleitungen<\/a>"],"unlinked":["<span class=\"advgb-post-tax-term\">Tipps und Anleitungen<\/span>"]}},"comment_count":"0","relative_dates":{"created":"Ver\u00f6ffentlicht 5 years vor","modified":"Aktualisiert 3 years vor"},"absolute_dates":{"created":"Ver\u00f6ffentlicht am 29. 3. 2021","modified":"Aktualisiert am 23. 1. 2023"},"absolute_dates_time":{"created":"Ver\u00f6ffentlicht am 29. 3. 2021 16:52","modified":"Aktualisiert am 23. 1. 2023 11:54"},"featured_img_caption":"","series_order":"","_links":{"self":[{"href":"https:\/\/www.neva.eu\/de\/wp-json\/wp\/v2\/posts\/13154","targetHints":{"allow":["GET"]}}],"collection":[{"href":"https:\/\/www.neva.eu\/de\/wp-json\/wp\/v2\/posts"}],"about":[{"href":"https:\/\/www.neva.eu\/de\/wp-json\/wp\/v2\/types\/post"}],"author":[{"embeddable":true,"href":"https:\/\/www.neva.eu\/de\/wp-json\/wp\/v2\/users\/4"}],"replies":[{"embeddable":true,"href":"https:\/\/www.neva.eu\/de\/wp-json\/wp\/v2\/comments?post=13154"}],"version-history":[{"count":2,"href":"https:\/\/www.neva.eu\/de\/wp-json\/wp\/v2\/posts\/13154\/revisions"}],"predecessor-version":[{"id":20794,"href":"https:\/\/www.neva.eu\/de\/wp-json\/wp\/v2\/posts\/13154\/revisions\/20794"}],"wp:featuredmedia":[{"embeddable":true,"href":"https:\/\/www.neva.eu\/de\/wp-json\/wp\/v2\/media\/12746"}],"wp:attachment":[{"href":"https:\/\/www.neva.eu\/de\/wp-json\/wp\/v2\/media?parent=13154"}],"wp:term":[{"taxonomy":"category","embeddable":true,"href":"https:\/\/www.neva.eu\/de\/wp-json\/wp\/v2\/categories?post=13154"},{"taxonomy":"post_tag","embeddable":true,"href":"https:\/\/www.neva.eu\/de\/wp-json\/wp\/v2\/tags?post=13154"}],"curies":[{"name":"wp","href":"https:\/\/api.w.org\/{rel}","templated":true}]}}