{"id":12429,"date":"2021-02-10T07:22:00","date_gmt":"2021-02-10T06:22:00","guid":{"rendered":"https:\/\/www.neva.eu\/unkategorisiert\/die-messe-rt-in-stuttgart-findet-dieses-jahr-online-statt-und-neva-ist-dabei\/"},"modified":"2021-03-09T13:42:26","modified_gmt":"2021-03-09T12:42:26","slug":"die-messe-rt-in-stuttgart-findet-dieses-jahr-online-statt-und-neva-ist-dabei","status":"publish","type":"post","link":"https:\/\/www.neva.eu\/de\/produktneuheiten\/die-messe-rt-in-stuttgart-findet-dieses-jahr-online-statt-und-neva-ist-dabei\/","title":{"rendered":"Die Messe R+T in Stuttgart findet dieses Jahr online statt \u2013 und NEVA ist dabei"},"content":{"rendered":"        <section class=\"component component-gutenberg-paragraph typography my-1\">\n              \n<p>Die Messe R+T findet aller drei Jahre statt, den letzten Jahrgang gab es 2018. Wegen der Pandemie muss die Messe online ablaufen, als eine Art Kompensation planen die Organisatoren eine klassische \u201eOffline\u201c- Messe im Februar 2022. Die n\u00e4chste Messe sollte dann 2024 stattfinden, um anschlie\u00dfend wieder im alten Drei-Jahre-Zyklus veranstaltet zu werden.<\/p>\n      <\/section>\n        <section class=\"component component-gutenberg-paragraph typography my-1\">\n              \n<p>Dieser Jahrgang wird mit Sicherheit recht spezifisch sein. Wir selbst wissen noch nicht genau, wie die Messe abl\u00e4uft. Jedenfalls haben wir unseren Messestand ins System \u201ehochgeladen\u201c \u2013 dort pr\u00e4sentieren wir Ihnen alle unsere Neuheiten der letzten paar Jahre, <a href=\"https:\/\/www.neva.eu\/de\/textilscreens\/\" target=\"_blank\" rel=\"noreferrer noopener\" title=\"L\u00e1tkov\u00e9 rolety\">einschlie\u00dflich Textilscreens<\/a> (Zipscreens), die wir erst seit Januar produzieren.<\/p>\n      <\/section>\n        <section class=\"component component-gutenberg-paragraph typography my-1\">\n              \n<p>Es tut uns Leid, dass Sie die Stoffe, aus denen unsere Textilscreens bestehen, nicht mit den H\u00e4nden ber\u00fchren k\u00f6nnen, gleichzeitig sind wir aber fest davon \u00fcberzeugt, dass Sie sich dadurch vom Messebesuch nicht abbringen lassen. Wir tun unser Bestes, damit Sie auch den Online-Besuch des NEVA-Messestandes genie\u00dfen k\u00f6nnen.<\/p>\n      <\/section>\n        <section class=\"component component-gutenberg-paragraph typography my-1\">\n              \n<p>Also, bis bald, ab 22.&nbsp;Februar <a href=\"https:\/\/www.messe-stuttgart.de\/r-t\/en\/r-t-digital-2021\/\" target=\"_blank\" rel=\"noreferrer noopener\" title=\"https:\/\/www.messe-stuttgart.de\/r-t\/en\/r-t-digital-2021\/\">bei der Messe R+T digital<\/a> .<\/p>\n      <\/section>\n","protected":false},"excerpt":{"rendered":"<p>Eine der gr\u00f6\u00dften Sonnenschutzmessen der Welt \u2013 die R+T Stuttgart \u2013 wird dieses Jahr wegen der Corona-Pandemie nur online abgehalten. Wir selbst sind sehr gespannt, wie die Veranstalter diese Herausforderung meistern, aber wenn alles klappt, k\u00f6nnen Sie von Montag, 22. Februar, bis Donnerstag, 25. Februar im virtuellen Raum auch den Messestand von NEVA besuchen.<\/p>\n","protected":false},"author":4,"featured_media":12216,"comment_status":"closed","ping_status":"closed","sticky":false,"template":"","format":"standard","meta":{"_acf_changed":false,"advgb_blocks_editor_width":"","advgb_blocks_columns_visual_guide":"","_daim_seo_power":"","_daim_enable_ail":"","footnotes":""},"categories":[163],"tags":[],"class_list":["post-12429","post","type-post","status-publish","format-standard","has-post-thumbnail","hentry","category-produktneuheiten"],"acf":[],"aioseo_notices":[],"author_meta":{"display_name":"Miloslav Matou\u0161ek","author_link":"https:\/\/www.neva.eu\/de\/author\/matousek\/"},"featured_img":"https:\/\/www.neva.eu\/wp-content\/uploads\/neva-r-t-digital.jpg","coauthors":[],"tax_additional":{"categories":{"linked":["<a href=\"https:\/\/www.neva.eu\/de\/aktuelles\/kategorie\/produktneuheiten\/\" class=\"advgb-post-tax-term\">Produktneuheiten<\/a>"],"unlinked":["<span class=\"advgb-post-tax-term\">Produktneuheiten<\/span>"]}},"comment_count":"0","relative_dates":{"created":"Ver\u00f6ffentlicht 5 years vor","modified":"Aktualisiert 5 years vor"},"absolute_dates":{"created":"Ver\u00f6ffentlicht am 10. 2. 2021","modified":"Aktualisiert am 9. 3. 2021"},"absolute_dates_time":{"created":"Ver\u00f6ffentlicht am 10. 2. 2021 7:22","modified":"Aktualisiert am 9. 3. 2021 13:42"},"featured_img_caption":"","series_order":"","_links":{"self":[{"href":"https:\/\/www.neva.eu\/de\/wp-json\/wp\/v2\/posts\/12429","targetHints":{"allow":["GET"]}}],"collection":[{"href":"https:\/\/www.neva.eu\/de\/wp-json\/wp\/v2\/posts"}],"about":[{"href":"https:\/\/www.neva.eu\/de\/wp-json\/wp\/v2\/types\/post"}],"author":[{"embeddable":true,"href":"https:\/\/www.neva.eu\/de\/wp-json\/wp\/v2\/users\/4"}],"replies":[{"embeddable":true,"href":"https:\/\/www.neva.eu\/de\/wp-json\/wp\/v2\/comments?post=12429"}],"version-history":[{"count":0,"href":"https:\/\/www.neva.eu\/de\/wp-json\/wp\/v2\/posts\/12429\/revisions"}],"wp:featuredmedia":[{"embeddable":true,"href":"https:\/\/www.neva.eu\/de\/wp-json\/wp\/v2\/media\/12216"}],"wp:attachment":[{"href":"https:\/\/www.neva.eu\/de\/wp-json\/wp\/v2\/media?parent=12429"}],"wp:term":[{"taxonomy":"category","embeddable":true,"href":"https:\/\/www.neva.eu\/de\/wp-json\/wp\/v2\/categories?post=12429"},{"taxonomy":"post_tag","embeddable":true,"href":"https:\/\/www.neva.eu\/de\/wp-json\/wp\/v2\/tags?post=12429"}],"curies":[{"name":"wp","href":"https:\/\/api.w.org\/{rel}","templated":true}]}}