{"id":12421,"date":"2021-01-25T09:16:00","date_gmt":"2021-01-25T08:16:00","guid":{"rendered":"https:\/\/www.neva.eu\/unkategorisiert\/30-jahre-auf-dem-sonnenschutzmarkt-neva-feiert-ein-betriebsjubilaeum\/"},"modified":"2025-07-14T13:46:56","modified_gmt":"2025-07-14T11:46:56","slug":"30-jahre-auf-dem-sonnenschutzmarkt-neva-feiert-ein-betriebsjubilaeum","status":"publish","type":"post","link":"https:\/\/www.neva.eu\/de\/aus-dem-leben-von-neva\/30-jahre-auf-dem-sonnenschutzmarkt-neva-feiert-ein-betriebsjubilaeum\/","title":{"rendered":"30 Jahre auf dem Sonnenschutzmarkt. NEVA feiert ein Betriebsjubil\u00e4um"},"content":{"rendered":"        <section class=\"component component-gutenberg-heading typography my-1\">\n              \n<h2 class=\"wp-block-heading\">Die Firmengeschichte begann in einem kleinen Laden in Prost\u011bjov<\/h2>\n      <\/section>\n\n\n        <section class=\"component component-gutenberg-paragraph typography my-1\">\n              \n<p class=\"wp-block-paragraph\">1990 entstand in der Plumlovsk\u00e1-Stra\u00dfe in Prost\u011bjov der erste Betrieb zur Herstellung von Sonnenschutztechnik. Im Betrieb arbeiteten nur zwei Mitarbeiter \u2013 Ji\u0159\u00ed Nesvadb\u00edk und Ladislav Vr\u00e1na. Am Anfang widmeten sie sich vor allem Schlosserarbeiten, das hei\u00dft Schwei\u00dfen. Als sp\u00e4ter die Nachfrage nach Innenjalousien wuchs, erlernten sie deren Montage und montierten gemeinsam mit ihren ersten Angestellten Innenjalousien in Tschechien.<\/p>\n      <\/section>\n\n\n        <section id=\"component-be210b590ab87fd7a556626ef242d6e9\" class=\"component component-tip tip\">\n            Nun etwas Interessantes: der Firmenname NEVA ist eigentlich ein Kurzwort, bestehend aus den Namen der Firmeninhaber. NE \u2013 Nesvadb\u00edk, VA \u2013&nbsp;Vr\u00e1na.\n      <\/section>\n\n\n        <section class=\"component component-gutenberg-paragraph typography my-1\">\n              \n<p class=\"wp-block-paragraph\">1996 war die Produktpalette bereits viel breiter \u2013 Innenjalousien, Insektenschutznetze, Markisen und \u2013 damals neu \u2013 <strong>Raffstores<\/strong>.<\/p>\n      <\/section>\n\n\n        <section class=\"component component-gutenberg-paragraph typography my-1\">\n              \n<p class=\"wp-block-paragraph\">\u201e<em>Damals entdeckten die Menschen die Vorteile von Raffstores erst langsam. In unserem Land handelte es sich um ein innovatives Produkt, das sich auf dem Markt erst positionieren musste. Mit der Zeit ist aber die Nachfrage nach Raffstores gewachsen und sie wurden zu einer unserer Kernkompetenzen<\/em>\u201c, sagt einer der Firmeninhaber von NEVA Ladislav Vr\u00e1na.<\/p>\n      <\/section>\n\n\n        <section class=\"component component-gutenberg-paragraph typography my-1\">\n              \n<p class=\"wp-block-paragraph\">An der ersten Walzanlage von der <a href=\"https:\/\/www.zebr.cz\/cz\/\" target=\"_blank\" rel=\"noreferrer noopener\" title=\"https:\/\/www.zebr.cz\/cz\/\">Firma Zebr<\/a> nahm man bei NEVA 1999 die Produktion der eigenen <strong>Z90-Raffstores<\/strong> auf, die bis heute das beliebteste Produkt von NEVA sind. Offiziell unter dem Markennamen <strong>\u017daluzie NEVA s.r.o.<\/strong> verkauften wir sie erst 2002 \u2013 in diesem Jahr entstand unsere Gesellschaft. Derzeit befinden sich in unserem Werk in Kralick\u00fd H\u00e1j noch f\u00fcnf weitere Walzanlagen f\u00fcr die Raffstoreproduktion. Nach Kralick\u00fd H\u00e1j zogen wir im Jahr 2012 um, da die Kapazit\u00e4ten an unserem alten Standort nicht mehr ausreichend waren. Um steigenden Qualit\u00e4ts- und Terminanspr\u00fcchen unserer Kunden gerecht zu werden, errichteten wir zwei Jahre sp\u00e4ter auch unsere eigene Pulverbeschichtungsanlage, in der Komponenten beschichtet werden.<\/p>\n      <\/section>\n\n\n        <section class=\"component component-gutenberg-paragraph typography my-1\">\n              \n<p class=\"wp-block-paragraph\">Heute findet man nur noch au\u00dfenliegende Verschattung in unserem Produktportfolio. In diesem Bereich bieten wir ausschlie\u00dflich <a href=\"https:\/\/www.neva.eu\/de\/raffstoren\/raffstoren\/\" title=\"https:\/\/www.neva.eu\/zaluzie\/venkovni-zaluzie\/\">Raffstores<\/a> und neuerdings auch <a href=\"https:\/\/www.neva.eu\/de\/textilscreens\/\" target=\"_blank\" rel=\"noreferrer noopener\" title=\"L\u00e1tkov\u00e9 rolety\">Texti<\/a><a href=\"https:\/\/www.neva.eu\/de\/textilscreens\/\" title=\"L\u00e1tkov\u00e9 rolety\">l<\/a><a href=\"https:\/\/www.neva.eu\/de\/textilscreens\/\" target=\"_blank\" rel=\"noreferrer noopener\" title=\"L\u00e1tkov\u00e9 rolety\">screens<\/a>.<\/p>\n      <\/section>\n\n\n        <section class=\"component component-gutenberg-heading typography my-1\">\n              \n<h2 class=\"wp-block-heading\">Jahr 2021 bei NEVA \u2013 eine neue Halle, ein Showroom und Textilscreens<\/h2>\n      <\/section>\n\n\n        <section class=\"component component-gutenberg-paragraph typography my-1\">\n              \n<p class=\"wp-block-paragraph\">Da unser Unternehmen st\u00e4ndig w\u00e4chst, m\u00f6chten wir 2021 eine neue <strong>Produktionshalle<\/strong> sowie ein <strong>Schulungszentrum<\/strong> errichten, in dem eine Kantine, B\u00fcros und ein Showroom untergebracht sein sollten. Es wird auch die Produktion eines neuen Produkts aufgenommen: au\u00dfenliegender Textilscreens. <br><strong>Die Produktionshalle<\/strong> wird neben der Pulverbeschichtungsanlage auf einer Fl\u00e4che von ca. 2&nbsp;300&nbsp;m\u00b2 erbaut \u2013 da die Halle st\u00fctzenfrei ist, bietet sie eine gr\u00f6\u00dfere Arbeitsfl\u00e4che.<\/p>\n      <\/section>\n\n\n        <section class=\"component component-gutenberg-image typography my-1\">\n              \n<figure class=\"wp-block-image size-large is-style-default\"><img loading=\"lazy\" decoding=\"async\" width=\"1920\" height=\"960\" src=\"https:\/\/www.neva.eu\/wp-content\/uploads\/neva-slavi-30-let-1.jpg\" alt class=\"wp-image-11975\" srcset=\"https:\/\/www.neva.eu\/wp-content\/uploads\/neva-slavi-30-let-1.jpg 1920w, https:\/\/www.neva.eu\/wp-content\/uploads\/neva-slavi-30-let-1-1536x768.jpg 1536w, https:\/\/www.neva.eu\/wp-content\/uploads\/neva-slavi-30-let-1-1280x640.jpg 1280w, https:\/\/www.neva.eu\/wp-content\/uploads\/neva-slavi-30-let-1-940x470.jpg 940w, https:\/\/www.neva.eu\/wp-content\/uploads\/neva-slavi-30-let-1-758x379.jpg 758w, https:\/\/www.neva.eu\/wp-content\/uploads\/neva-slavi-30-let-1-425x213.jpg 425w\" sizes=\"auto, (max-width: 1920px) 100vw, 1920px\" \/><figcaption class=\"wp-element-caption\">Im Erdgeschoss des neuen Geb\u00e4udes befinden sich B\u00fcros und eine Kantine, im ersten Obergeschoss dann neue B\u00fcros f\u00fcr die Inhaber, ein Schulungszentrum sowie ein Showroom. Das Innenraumdesign wurde vom Architekturb\u00fcro Vrti\u0161ka <span class=\"amp\">&amp;<\/span>&nbsp;\u017d\u00e1k entworfen<\/figcaption><\/figure>\n      <\/section>\n\n\n        <section class=\"component component-gutenberg-paragraph typography my-1\">\n              \n<p class=\"wp-block-paragraph\"><em>\u201eVon dem neuen Showroom erwarten wir mehr Platz f\u00fcr Muster und Pr\u00e4sentationen. Wir m\u00f6chten unseren Partnern zeigen, wie unsere Produkte in Praxis funktionieren. Neben Raffstores wird dort auch ein brandneues Produkt pr\u00e4sentiert \u2013 au\u00dfenliegende Textilscreens\u201c,<\/em> erkl\u00e4rt der Marketingmanager bei NEVA, Miloslav Matou\u0161ek.<\/p>\n      <\/section>\n\n\n        <section class=\"component component-gutenberg-heading typography my-1\">\n              \n<h2 class=\"wp-block-heading\">NEVA als Treffpunkt von verschiedenen Generationen<\/h2>\n      <\/section>\n\n\n        <section class=\"component component-gutenberg-paragraph typography my-1\">\n              \n<p class=\"wp-block-paragraph\">Seit der Gr\u00fcndung von NEVA sind schon 30 Jahre verflogen und das kleine Unternehmen ist zu einem Gro\u00dfunternehmen mit 150 Mitarbeitern gewachsen \u2013 und obwohl wir weiter wachsen, m\u00f6chten wir kein Corporate-Unternehmen werden: wir pflegen freundschaftliche Beziehungen mit unseren Partnern und Mitarbeitern und im Kern bleiben wir auch weiterhin ein Familienunternehmen.<\/p>\n      <\/section>\n\n\n        <section class=\"component component-gutenberg-paragraph typography my-1\">\n              \n<p class=\"wp-block-paragraph\">\u201e<em>Unsere Firma soll ein Familienunternehmen bleiben, deshalb arbeiten wir uns schrittweise ein. Ich arbeite in der Marketingabteilung und Eva Nesvadb\u00edkov\u00e1 in der Finanzabteilung. Es ist noch nicht die ganze Familie im Unternehmen, diesem Ziel kommen wir aber immer n\u00e4her\u201c, <\/em>erkl\u00e4rt Kate\u0159ina Vr\u00e1nov\u00e1, die Tochter eines der Firmengr\u00fcnder.<\/p>\n      <\/section>\n\n\n        <section class=\"component component-gutenberg-paragraph typography my-1\">\n              \n<p class=\"wp-block-paragraph\">Auch in der Zukunft m\u00f6chten wir im Bereich au\u00dfenliegende Verschattung t\u00e4tig sein. Wir m\u00f6chten auch unsere Werte und unsere Beziehungen zu den Mitarbeitern erhalten.<\/p>\n      <\/section>\n\n\n        <section class=\"component component-gutenberg-image typography my-1\">\n              \n<figure class=\"wp-block-image size-large is-style-default\"><img loading=\"lazy\" decoding=\"async\" width=\"1920\" height=\"960\" src=\"https:\/\/www.neva.eu\/wp-content\/uploads\/neva-slavi-30-let-2.jpg\" alt class=\"wp-image-11981\" srcset=\"https:\/\/www.neva.eu\/wp-content\/uploads\/neva-slavi-30-let-2.jpg 1920w, https:\/\/www.neva.eu\/wp-content\/uploads\/neva-slavi-30-let-2-1536x768.jpg 1536w, https:\/\/www.neva.eu\/wp-content\/uploads\/neva-slavi-30-let-2-1280x640.jpg 1280w, https:\/\/www.neva.eu\/wp-content\/uploads\/neva-slavi-30-let-2-940x470.jpg 940w, https:\/\/www.neva.eu\/wp-content\/uploads\/neva-slavi-30-let-2-758x379.jpg 758w, https:\/\/www.neva.eu\/wp-content\/uploads\/neva-slavi-30-let-2-425x213.jpg 425w\" sizes=\"auto, (max-width: 1920px) 100vw, 1920px\" \/><figcaption class=\"wp-element-caption\">Bei NEVA legen wir gro\u00dfen Wert auf pers\u00f6nliche Bindungen und freundschaftliche Arbeitsumgebung.<\/figcaption><\/figure>\n      <\/section>\n\n\n        <section class=\"component component-gutenberg-paragraph typography my-1\">\n              \n<p class=\"wp-block-paragraph\">\u201e<em>Fairness und Menschlichkeit, das ist etwas, was bei NEVA wirklich z\u00e4hlt. Egal ob man \u00fcber Firmenevents, Ausfl\u00fcge oder Bonusleistungen spricht. Es arbeiten jetzt schon eine Menge Leute im Unternehmen, der Geist eines Familienunternehmens ist aber immer noch da\u201c, <\/em>beschreibt die Situation bei NEVA Miloslav Matou\u0161ek, Leiter der Marketingabteilung.<\/p>\n      <\/section>\n\n\n        <section class=\"component component-gutenberg-paragraph typography my-1\">\n              \n<p class=\"wp-block-paragraph\">Innerhalb von 30 Jahren sind wir zum Topunternehmen im Bereich au\u00dfenliegende Verschattung geworden und au\u00dfer nach Tschechien liefern wir unsere Raffstores in mehr als 42 L\u00e4nder der Welt. Wir m\u00f6chten uns bei unseren Mitarbeitern und Partnern bedanken, ohne sie h\u00e4tten wir es n\u00e4mlich nicht geschafft, und freuen uns auf weitere gemeinsame Erfolge.<\/p>\n      <\/section>\n","protected":false},"excerpt":{"rendered":"<p>W\u00e4hrend dieser 30 Jahre wurde aus dem kleinen Laden NEVA mit zwei Leuten ein gro\u00dfes Unternehmen mit 150 Mitarbeitern. Fr\u00fcher wurde im Werk von NEVA sowohl innen- als auch au\u00dfenliegende Verschattung produziert, heute sind es nur noch Raffstores und Textilscreens. Diese werden in zwei Hallen mit einer Gesamtfl\u00e4che von 14\u00a0000\u00a0m\u00b2 gefertigt und in unserer eigenen Pulverbeschichtungsanlage beschichtet.<\/p>\n","protected":false},"author":9,"featured_media":12334,"comment_status":"closed","ping_status":"closed","sticky":false,"template":"","format":"standard","meta":{"_acf_changed":false,"advgb_blocks_editor_width":"","advgb_blocks_columns_visual_guide":"","_daim_seo_power":"1000","_daim_enable_ail":"1","footnotes":""},"categories":[167],"tags":[],"class_list":["post-12421","post","type-post","status-publish","format-standard","has-post-thumbnail","hentry","category-aus-dem-leben-von-neva"],"acf":[],"aioseo_notices":[],"aioseo_head":"\n\t\t<!-- All in One SEO Pro 5.0.1 - aioseo.com -->\n\t<meta name=\"description\" content=\"W\u00e4hrend dieser 30 Jahre wurde aus dem kleinen Laden NEVA mit zwei Leuten ein gro\u00dfes Unternehmen mit 150 Mitarbeitern.\" \/>\n\t<meta name=\"robots\" content=\"max-image-preview:large\" \/>\n\t<meta name=\"author\" content=\"Kate\u0159ina Musilov\u00e1\"\/>\n\t<link rel=\"canonical\" href=\"https:\/\/www.neva.eu\/de\/aus-dem-leben-von-neva\/30-jahre-auf-dem-sonnenschutzmarkt-neva-feiert-ein-betriebsjubilaeum\/\" \/>\n\t<meta name=\"generator\" content=\"All in One SEO Pro (AIOSEO) 5.0.1\" \/>\n\n\t\t<meta name=\"facebook-domain-verification\" content=\"l52s6ngz14wm1hk29qnhhp9zt0uj98\" \/>\n\t\t<meta property=\"og:locale\" content=\"de_DE\" \/>\n\t\t<meta property=\"og:site_name\" content=\"\u017daluzie NEVA | Kvalita, kterou pozn\u00e1te i po desetilet\u00edch\" \/>\n\t\t<meta property=\"og:type\" content=\"article\" \/>\n\t\t<meta property=\"og:title\" content=\"NEVA feiert ein Betriebsjubil\u00e4um. 30 Jahre auf dem Sonnenschutzmarkt | NEVA\" \/>\n\t\t<meta property=\"og:description\" content=\"W\u00e4hrend dieser 30 Jahre wurde aus dem kleinen Laden NEVA mit zwei Leuten ein gro\u00dfes Unternehmen mit 150 Mitarbeitern.\" \/>\n\t\t<meta property=\"og:url\" content=\"https:\/\/www.neva.eu\/de\/aus-dem-leben-von-neva\/30-jahre-auf-dem-sonnenschutzmarkt-neva-feiert-ein-betriebsjubilaeum\/\" \/>\n\t\t<meta property=\"og:image\" content=\"https:\/\/www.neva.eu\/wp-content\/uploads\/neva-slavi-30-let-3.jpg\" \/>\n\t\t<meta property=\"og:image:secure_url\" content=\"https:\/\/www.neva.eu\/wp-content\/uploads\/neva-slavi-30-let-3.jpg\" \/>\n\t\t<meta property=\"og:image:width\" content=\"1920\" \/>\n\t\t<meta property=\"og:image:height\" content=\"960\" \/>\n\t\t<meta property=\"article:published_time\" content=\"2021-01-25T08:16:00+00:00\" \/>\n\t\t<meta property=\"article:modified_time\" content=\"2025-07-14T11:46:56+00:00\" \/>\n\t\t<meta property=\"article:publisher\" content=\"https:\/\/www.facebook.com\/neva.eu\" \/>\n\t\t<meta name=\"twitter:card\" content=\"summary_large_image\" \/>\n\t\t<meta name=\"twitter:title\" content=\"NEVA feiert ein Betriebsjubil\u00e4um. 30 Jahre auf dem Sonnenschutzmarkt | NEVA\" \/>\n\t\t<meta name=\"twitter:description\" content=\"W\u00e4hrend dieser 30 Jahre wurde aus dem kleinen Laden NEVA mit zwei Leuten ein gro\u00dfes Unternehmen mit 150 Mitarbeitern.\" \/>\n\t\t<meta name=\"twitter:image\" content=\"https:\/\/www.neva.eu\/wp-content\/uploads\/neva-slavi-30-let-3.jpg\" \/>\n\t\t<script type=\"application\/ld+json\" class=\"aioseo-schema\">\n\t\t\t{\"@context\":\"https:\\\/\\\/schema.org\",\"@graph\":[{\"@type\":\"Article\",\"@id\":\"https:\\\/\\\/www.neva.eu\\\/de\\\/aus-dem-leben-von-neva\\\/30-jahre-auf-dem-sonnenschutzmarkt-neva-feiert-ein-betriebsjubilaeum\\\/#article\",\"name\":\"NEVA feiert ein Betriebsjubil\\u00e4um. 30 Jahre auf dem Sonnenschutzmarkt | NEVA\",\"headline\":\"30 Jahre auf dem Sonnenschutzmarkt. NEVA feiert ein Betriebsjubil\\u00e4um\",\"author\":{\"@id\":\"https:\\\/\\\/www.neva.eu\\\/de\\\/author\\\/vranova\\\/#author\"},\"publisher\":{\"@id\":\"https:\\\/\\\/www.neva.eu\\\/de\\\/#organization\"},\"image\":{\"@type\":\"ImageObject\",\"url\":\"https:\\\/\\\/www.neva.eu\\\/wp-content\\\/uploads\\\/neva-slavi-30-let-3.jpg\",\"width\":1920,\"height\":960},\"datePublished\":\"2021-01-25T09:16:00+01:00\",\"dateModified\":\"2025-07-14T13:46:56+02:00\",\"inLanguage\":\"de-DE\",\"mainEntityOfPage\":{\"@id\":\"https:\\\/\\\/www.neva.eu\\\/de\\\/aus-dem-leben-von-neva\\\/30-jahre-auf-dem-sonnenschutzmarkt-neva-feiert-ein-betriebsjubilaeum\\\/#webpage\"},\"isPartOf\":{\"@id\":\"https:\\\/\\\/www.neva.eu\\\/de\\\/aus-dem-leben-von-neva\\\/30-jahre-auf-dem-sonnenschutzmarkt-neva-feiert-ein-betriebsjubilaeum\\\/#webpage\"},\"articleSection\":\"Aus dem Leben von NEVA, Optional\"},{\"@type\":\"BreadcrumbList\",\"@id\":\"https:\\\/\\\/www.neva.eu\\\/de\\\/aus-dem-leben-von-neva\\\/30-jahre-auf-dem-sonnenschutzmarkt-neva-feiert-ein-betriebsjubilaeum\\\/#breadcrumblist\",\"itemListElement\":[{\"@type\":\"ListItem\",\"@id\":\"https:\\\/\\\/www.neva.eu\\\/de\\\/#listItem\",\"position\":1,\"name\":\"Home\",\"item\":\"https:\\\/\\\/www.neva.eu\\\/de\\\/\",\"nextItem\":{\"@type\":\"ListItem\",\"@id\":\"https:\\\/\\\/www.neva.eu\\\/de\\\/aktuelles\\\/kategorie\\\/aus-dem-leben-von-neva\\\/#listItem\",\"name\":\"Aus dem Leben von NEVA\"}},{\"@type\":\"ListItem\",\"@id\":\"https:\\\/\\\/www.neva.eu\\\/de\\\/aktuelles\\\/kategorie\\\/aus-dem-leben-von-neva\\\/#listItem\",\"position\":2,\"name\":\"Aus dem Leben von NEVA\",\"item\":\"https:\\\/\\\/www.neva.eu\\\/de\\\/aktuelles\\\/kategorie\\\/aus-dem-leben-von-neva\\\/\",\"nextItem\":{\"@type\":\"ListItem\",\"@id\":\"https:\\\/\\\/www.neva.eu\\\/de\\\/aus-dem-leben-von-neva\\\/30-jahre-auf-dem-sonnenschutzmarkt-neva-feiert-ein-betriebsjubilaeum\\\/#listItem\",\"name\":\"30 Jahre auf dem Sonnenschutzmarkt. NEVA feiert ein Betriebsjubil\\u00e4um\"},\"previousItem\":{\"@type\":\"ListItem\",\"@id\":\"https:\\\/\\\/www.neva.eu\\\/de\\\/#listItem\",\"name\":\"Home\"}},{\"@type\":\"ListItem\",\"@id\":\"https:\\\/\\\/www.neva.eu\\\/de\\\/aus-dem-leben-von-neva\\\/30-jahre-auf-dem-sonnenschutzmarkt-neva-feiert-ein-betriebsjubilaeum\\\/#listItem\",\"position\":3,\"name\":\"30 Jahre auf dem Sonnenschutzmarkt. NEVA feiert ein Betriebsjubil\\u00e4um\",\"previousItem\":{\"@type\":\"ListItem\",\"@id\":\"https:\\\/\\\/www.neva.eu\\\/de\\\/aktuelles\\\/kategorie\\\/aus-dem-leben-von-neva\\\/#listItem\",\"name\":\"Aus dem Leben von NEVA\"}}]},{\"@type\":\"Organization\",\"@id\":\"https:\\\/\\\/www.neva.eu\\\/de\\\/#organization\",\"name\":\"NEVA\",\"description\":\"Kvalita, kterou pozn\\u00e1te i po desetilet\\u00edch\",\"url\":\"https:\\\/\\\/www.neva.eu\\\/de\\\/\",\"telephone\":\"+420588003550\",\"logo\":{\"@type\":\"ImageObject\",\"url\":\"https:\\\/\\\/www.neva.eu\\\/wp-content\\\/uploads\\\/NEVA_logo_RGB.png\",\"@id\":\"https:\\\/\\\/www.neva.eu\\\/de\\\/aus-dem-leben-von-neva\\\/30-jahre-auf-dem-sonnenschutzmarkt-neva-feiert-ein-betriebsjubilaeum\\\/#organizationLogo\",\"width\":135,\"height\":23},\"image\":{\"@id\":\"https:\\\/\\\/www.neva.eu\\\/de\\\/aus-dem-leben-von-neva\\\/30-jahre-auf-dem-sonnenschutzmarkt-neva-feiert-ein-betriebsjubilaeum\\\/#organizationLogo\"},\"sameAs\":[\"https:\\\/\\\/www.instagram.com\\\/neva.eu\\\/\",\"https:\\\/\\\/www.youtube.com\\\/neva-eu\",\"https:\\\/\\\/www.linkedin.com\\\/company\\\/neva-eu\\\/\"]},{\"@type\":\"Person\",\"@id\":\"https:\\\/\\\/www.neva.eu\\\/de\\\/author\\\/vranova\\\/#author\",\"url\":\"https:\\\/\\\/www.neva.eu\\\/de\\\/author\\\/vranova\\\/\",\"name\":\"Kate\\u0159ina Musilov\\u00e1\",\"image\":{\"@type\":\"ImageObject\",\"@id\":\"https:\\\/\\\/www.neva.eu\\\/de\\\/aus-dem-leben-von-neva\\\/30-jahre-auf-dem-sonnenschutzmarkt-neva-feiert-ein-betriebsjubilaeum\\\/#authorImage\",\"url\":\"https:\\\/\\\/secure.gravatar.com\\\/avatar\\\/dfe2a44ed5efaeada2bdd996dfd8023f6b39aff9c772e77aac1288ca2ca2a606?s=96&d=mm&r=g\",\"width\":96,\"height\":96,\"caption\":\"Kate\\u0159ina Musilov\\u00e1\"}},{\"@type\":\"WebPage\",\"@id\":\"https:\\\/\\\/www.neva.eu\\\/de\\\/aus-dem-leben-von-neva\\\/30-jahre-auf-dem-sonnenschutzmarkt-neva-feiert-ein-betriebsjubilaeum\\\/#webpage\",\"url\":\"https:\\\/\\\/www.neva.eu\\\/de\\\/aus-dem-leben-von-neva\\\/30-jahre-auf-dem-sonnenschutzmarkt-neva-feiert-ein-betriebsjubilaeum\\\/\",\"name\":\"NEVA feiert ein Betriebsjubil\\u00e4um. 30 Jahre auf dem Sonnenschutzmarkt | NEVA\",\"description\":\"W\\u00e4hrend dieser 30 Jahre wurde aus dem kleinen Laden NEVA mit zwei Leuten ein gro\\u00dfes Unternehmen mit 150 Mitarbeitern.\",\"inLanguage\":\"de-DE\",\"isPartOf\":{\"@id\":\"https:\\\/\\\/www.neva.eu\\\/de\\\/#website\"},\"breadcrumb\":{\"@id\":\"https:\\\/\\\/www.neva.eu\\\/de\\\/aus-dem-leben-von-neva\\\/30-jahre-auf-dem-sonnenschutzmarkt-neva-feiert-ein-betriebsjubilaeum\\\/#breadcrumblist\"},\"author\":{\"@id\":\"https:\\\/\\\/www.neva.eu\\\/de\\\/author\\\/vranova\\\/#author\"},\"creator\":{\"@id\":\"https:\\\/\\\/www.neva.eu\\\/de\\\/author\\\/vranova\\\/#author\"},\"image\":{\"@type\":\"ImageObject\",\"url\":\"https:\\\/\\\/www.neva.eu\\\/wp-content\\\/uploads\\\/neva-slavi-30-let-3.jpg\",\"@id\":\"https:\\\/\\\/www.neva.eu\\\/de\\\/aus-dem-leben-von-neva\\\/30-jahre-auf-dem-sonnenschutzmarkt-neva-feiert-ein-betriebsjubilaeum\\\/#mainImage\",\"width\":1920,\"height\":960},\"primaryImageOfPage\":{\"@id\":\"https:\\\/\\\/www.neva.eu\\\/de\\\/aus-dem-leben-von-neva\\\/30-jahre-auf-dem-sonnenschutzmarkt-neva-feiert-ein-betriebsjubilaeum\\\/#mainImage\"},\"datePublished\":\"2021-01-25T09:16:00+01:00\",\"dateModified\":\"2025-07-14T13:46:56+02:00\"},{\"@type\":\"WebSite\",\"@id\":\"https:\\\/\\\/www.neva.eu\\\/de\\\/#website\",\"url\":\"https:\\\/\\\/www.neva.eu\\\/de\\\/\",\"name\":\"NEVA\",\"description\":\"Kvalita, kterou pozn\\u00e1te i po desetilet\\u00edch\",\"inLanguage\":\"de-DE\",\"publisher\":{\"@id\":\"https:\\\/\\\/www.neva.eu\\\/de\\\/#organization\"}}]}\n\t\t<\/script>\n\t\t<!-- All in One SEO Pro -->\r\n\t\t<title>NEVA feiert ein Betriebsjubil\u00e4um. 30 Jahre auf dem Sonnenschutzmarkt | NEVA<\/title>\n\n","aioseo_head_json":{"title":"NEVA feiert ein Betriebsjubil\u00e4um. 30 Jahre auf dem Sonnenschutzmarkt | NEVA","description":"W\u00e4hrend dieser 30 Jahre wurde aus dem kleinen Laden NEVA mit zwei Leuten ein gro\u00dfes Unternehmen mit 150 Mitarbeitern.","canonical_url":"https:\/\/www.neva.eu\/de\/aus-dem-leben-von-neva\/30-jahre-auf-dem-sonnenschutzmarkt-neva-feiert-ein-betriebsjubilaeum\/","robots":"max-image-preview:large","keywords":"","webmasterTools":{"miscellaneous":"&lt;meta name=\"facebook-domain-verification\" content=\"l52s6ngz14wm1hk29qnhhp9zt0uj98\" \/&gt;"},"schema":{"@context":"https:\/\/schema.org","@graph":[{"@type":"Article","@id":"https:\/\/www.neva.eu\/de\/aus-dem-leben-von-neva\/30-jahre-auf-dem-sonnenschutzmarkt-neva-feiert-ein-betriebsjubilaeum\/#article","name":"NEVA feiert ein Betriebsjubil\u00e4um. 30 Jahre auf dem Sonnenschutzmarkt | NEVA","headline":"30 Jahre auf dem Sonnenschutzmarkt. NEVA feiert ein Betriebsjubil\u00e4um","author":{"@id":"https:\/\/www.neva.eu\/de\/author\/vranova\/#author"},"publisher":{"@id":"https:\/\/www.neva.eu\/de\/#organization"},"image":{"@type":"ImageObject","url":"https:\/\/www.neva.eu\/wp-content\/uploads\/neva-slavi-30-let-3.jpg","width":1920,"height":960},"datePublished":"2021-01-25T09:16:00+01:00","dateModified":"2025-07-14T13:46:56+02:00","inLanguage":"de-DE","mainEntityOfPage":{"@id":"https:\/\/www.neva.eu\/de\/aus-dem-leben-von-neva\/30-jahre-auf-dem-sonnenschutzmarkt-neva-feiert-ein-betriebsjubilaeum\/#webpage"},"isPartOf":{"@id":"https:\/\/www.neva.eu\/de\/aus-dem-leben-von-neva\/30-jahre-auf-dem-sonnenschutzmarkt-neva-feiert-ein-betriebsjubilaeum\/#webpage"},"articleSection":"Aus dem Leben von NEVA, Optional"},{"@type":"BreadcrumbList","@id":"https:\/\/www.neva.eu\/de\/aus-dem-leben-von-neva\/30-jahre-auf-dem-sonnenschutzmarkt-neva-feiert-ein-betriebsjubilaeum\/#breadcrumblist","itemListElement":[{"@type":"ListItem","@id":"https:\/\/www.neva.eu\/de\/#listItem","position":1,"name":"Home","item":"https:\/\/www.neva.eu\/de\/","nextItem":{"@type":"ListItem","@id":"https:\/\/www.neva.eu\/de\/aktuelles\/kategorie\/aus-dem-leben-von-neva\/#listItem","name":"Aus dem Leben von NEVA"}},{"@type":"ListItem","@id":"https:\/\/www.neva.eu\/de\/aktuelles\/kategorie\/aus-dem-leben-von-neva\/#listItem","position":2,"name":"Aus dem Leben von NEVA","item":"https:\/\/www.neva.eu\/de\/aktuelles\/kategorie\/aus-dem-leben-von-neva\/","nextItem":{"@type":"ListItem","@id":"https:\/\/www.neva.eu\/de\/aus-dem-leben-von-neva\/30-jahre-auf-dem-sonnenschutzmarkt-neva-feiert-ein-betriebsjubilaeum\/#listItem","name":"30 Jahre auf dem Sonnenschutzmarkt. NEVA feiert ein Betriebsjubil\u00e4um"},"previousItem":{"@type":"ListItem","@id":"https:\/\/www.neva.eu\/de\/#listItem","name":"Home"}},{"@type":"ListItem","@id":"https:\/\/www.neva.eu\/de\/aus-dem-leben-von-neva\/30-jahre-auf-dem-sonnenschutzmarkt-neva-feiert-ein-betriebsjubilaeum\/#listItem","position":3,"name":"30 Jahre auf dem Sonnenschutzmarkt. NEVA feiert ein Betriebsjubil\u00e4um","previousItem":{"@type":"ListItem","@id":"https:\/\/www.neva.eu\/de\/aktuelles\/kategorie\/aus-dem-leben-von-neva\/#listItem","name":"Aus dem Leben von NEVA"}}]},{"@type":"Organization","@id":"https:\/\/www.neva.eu\/de\/#organization","name":"NEVA","description":"Kvalita, kterou pozn\u00e1te i po desetilet\u00edch","url":"https:\/\/www.neva.eu\/de\/","telephone":"+420588003550","logo":{"@type":"ImageObject","url":"https:\/\/www.neva.eu\/wp-content\/uploads\/NEVA_logo_RGB.png","@id":"https:\/\/www.neva.eu\/de\/aus-dem-leben-von-neva\/30-jahre-auf-dem-sonnenschutzmarkt-neva-feiert-ein-betriebsjubilaeum\/#organizationLogo","width":135,"height":23},"image":{"@id":"https:\/\/www.neva.eu\/de\/aus-dem-leben-von-neva\/30-jahre-auf-dem-sonnenschutzmarkt-neva-feiert-ein-betriebsjubilaeum\/#organizationLogo"},"sameAs":["https:\/\/www.instagram.com\/neva.eu\/","https:\/\/www.youtube.com\/neva-eu","https:\/\/www.linkedin.com\/company\/neva-eu\/"]},{"@type":"Person","@id":"https:\/\/www.neva.eu\/de\/author\/vranova\/#author","url":"https:\/\/www.neva.eu\/de\/author\/vranova\/","name":"Kate\u0159ina Musilov\u00e1","image":{"@type":"ImageObject","@id":"https:\/\/www.neva.eu\/de\/aus-dem-leben-von-neva\/30-jahre-auf-dem-sonnenschutzmarkt-neva-feiert-ein-betriebsjubilaeum\/#authorImage","url":"https:\/\/secure.gravatar.com\/avatar\/dfe2a44ed5efaeada2bdd996dfd8023f6b39aff9c772e77aac1288ca2ca2a606?s=96&d=mm&r=g","width":96,"height":96,"caption":"Kate\u0159ina Musilov\u00e1"}},{"@type":"WebPage","@id":"https:\/\/www.neva.eu\/de\/aus-dem-leben-von-neva\/30-jahre-auf-dem-sonnenschutzmarkt-neva-feiert-ein-betriebsjubilaeum\/#webpage","url":"https:\/\/www.neva.eu\/de\/aus-dem-leben-von-neva\/30-jahre-auf-dem-sonnenschutzmarkt-neva-feiert-ein-betriebsjubilaeum\/","name":"NEVA feiert ein Betriebsjubil\u00e4um. 30 Jahre auf dem Sonnenschutzmarkt | NEVA","description":"W\u00e4hrend dieser 30 Jahre wurde aus dem kleinen Laden NEVA mit zwei Leuten ein gro\u00dfes Unternehmen mit 150 Mitarbeitern.","inLanguage":"de-DE","isPartOf":{"@id":"https:\/\/www.neva.eu\/de\/#website"},"breadcrumb":{"@id":"https:\/\/www.neva.eu\/de\/aus-dem-leben-von-neva\/30-jahre-auf-dem-sonnenschutzmarkt-neva-feiert-ein-betriebsjubilaeum\/#breadcrumblist"},"author":{"@id":"https:\/\/www.neva.eu\/de\/author\/vranova\/#author"},"creator":{"@id":"https:\/\/www.neva.eu\/de\/author\/vranova\/#author"},"image":{"@type":"ImageObject","url":"https:\/\/www.neva.eu\/wp-content\/uploads\/neva-slavi-30-let-3.jpg","@id":"https:\/\/www.neva.eu\/de\/aus-dem-leben-von-neva\/30-jahre-auf-dem-sonnenschutzmarkt-neva-feiert-ein-betriebsjubilaeum\/#mainImage","width":1920,"height":960},"primaryImageOfPage":{"@id":"https:\/\/www.neva.eu\/de\/aus-dem-leben-von-neva\/30-jahre-auf-dem-sonnenschutzmarkt-neva-feiert-ein-betriebsjubilaeum\/#mainImage"},"datePublished":"2021-01-25T09:16:00+01:00","dateModified":"2025-07-14T13:46:56+02:00"},{"@type":"WebSite","@id":"https:\/\/www.neva.eu\/de\/#website","url":"https:\/\/www.neva.eu\/de\/","name":"NEVA","description":"Kvalita, kterou pozn\u00e1te i po desetilet\u00edch","inLanguage":"de-DE","publisher":{"@id":"https:\/\/www.neva.eu\/de\/#organization"}}]},"og:locale":"de_DE","og:site_name":"\u017daluzie NEVA | Kvalita, kterou pozn\u00e1te i po desetilet\u00edch","og:type":"article","og:title":"NEVA feiert ein Betriebsjubil\u00e4um. 30 Jahre auf dem Sonnenschutzmarkt | NEVA","og:description":"W\u00e4hrend dieser 30 Jahre wurde aus dem kleinen Laden NEVA mit zwei Leuten ein gro\u00dfes Unternehmen mit 150 Mitarbeitern.","og:url":"https:\/\/www.neva.eu\/de\/aus-dem-leben-von-neva\/30-jahre-auf-dem-sonnenschutzmarkt-neva-feiert-ein-betriebsjubilaeum\/","og:image":"https:\/\/www.neva.eu\/wp-content\/uploads\/neva-slavi-30-let-3.jpg","og:image:secure_url":"https:\/\/www.neva.eu\/wp-content\/uploads\/neva-slavi-30-let-3.jpg","og:image:width":1920,"og:image:height":960,"article:published_time":"2021-01-25T08:16:00+00:00","article:modified_time":"2025-07-14T11:46:56+00:00","article:publisher":"https:\/\/www.facebook.com\/neva.eu","twitter:card":"summary_large_image","twitter:title":"NEVA feiert ein Betriebsjubil\u00e4um. 30 Jahre auf dem Sonnenschutzmarkt | NEVA","twitter:description":"W\u00e4hrend dieser 30 Jahre wurde aus dem kleinen Laden NEVA mit zwei Leuten ein gro\u00dfes Unternehmen mit 150 Mitarbeitern.","twitter:image":"https:\/\/www.neva.eu\/wp-content\/uploads\/neva-slavi-30-let-3.jpg"},"aioseo_meta_data":{"post_id":"12421","title":"NEVA feiert ein Betriebsjubil\u00e4um. 30 Jahre auf dem Sonnenschutzmarkt #separator_sa #site_title","description":"W\u00e4hrend dieser 30 Jahre wurde aus dem kleinen Laden NEVA&nbsp; mit zwei Leuten ein gro\u00dfes Unternehmen mit 150 Mitarbeitern.","keywords":null,"keyphrases":{"focus":{"keyphrase":"","score":0,"analysis":{"keyphraseInTitle":{"score":0,"maxScore":9,"error":1}}},"additional":[]},"primary_term":null,"canonical_url":null,"og_title":null,"og_description":null,"og_object_type":"default","og_image_type":"default","og_image_url":null,"og_image_width":null,"og_image_height":null,"og_image_custom_url":null,"og_image_custom_fields":null,"og_video":"","og_custom_url":null,"og_article_section":null,"og_article_tags":null,"twitter_use_og":false,"twitter_card":"default","twitter_image_type":"default","twitter_image_url":null,"twitter_image_custom_url":null,"twitter_image_custom_fields":null,"twitter_title":null,"twitter_description":null,"schema":{"blockGraphs":[],"customGraphs":[],"default":{"data":{"Article":[],"Course":[],"Dataset":[],"FAQPage":[],"Movie":[],"Person":[],"Product":[],"ProductReview":[],"Car":[],"Recipe":[],"Service":[],"SoftwareApplication":[],"WebPage":[]},"graphName":"Article","isEnabled":true},"graphs":[]},"schema_type":"none","schema_type_options":"{\"webPage\":{\"webPageType\":\"WebPage\"},\"article\":{\"articleType\":\"BlogPosting\"},\"book\":[],\"course\":[],\"event\":[],\"jobPosting\":[],\"music\":[],\"person\":[],\"product\":[],\"recipe\":[],\"restaurant\":[],\"service\":[],\"software\":[],\"video\":[]}","pillar_content":false,"robots_default":true,"robots_noindex":false,"robots_noarchive":false,"robots_nosnippet":false,"robots_nofollow":false,"robots_noimageindex":false,"robots_noodp":false,"robots_notranslate":false,"robots_max_snippet":"-1","robots_max_videopreview":"-1","robots_max_imagepreview":"large","priority":null,"frequency":"default","local_seo":null,"seo_analyzer_scan_date":"2026-05-22 10:53:22","breadcrumb_settings":null,"limit_modified_date":false,"open_ai":"{\"title\":{\"suggestions\":[],\"usage\":0},\"description\":{\"suggestions\":[],\"usage\":0}}","ai":null,"created":"2021-03-09 12:42:20","updated":"2026-05-22 10:53:22","focus_keyword":null,"additional_keywords":null,"truseo_locale":null},"aioseo_breadcrumb":"<div class=\"aioseo-breadcrumbs\"><span class=\"aioseo-breadcrumb\">\n\t<a href=\"https:\/\/www.neva.eu\/de\/\" title=\"Home\">Home<\/a>\n<\/span><span class=\"aioseo-breadcrumb-separator\">&raquo;<\/span><span class=\"aioseo-breadcrumb\">\n\t<a href=\"https:\/\/www.neva.eu\/de\/aktuelles\/kategorie\/aus-dem-leben-von-neva\/\" title=\"Aus dem Leben von NEVA\">Aus dem Leben von NEVA<\/a>\n<\/span><span class=\"aioseo-breadcrumb-separator\">&raquo;<\/span><span class=\"aioseo-breadcrumb\">\n\t30 Jahre auf dem Sonnenschutzmarkt. NEVA feiert ein Betriebsjubil\u00e4um\n<\/span><\/div>","aioseo_breadcrumb_json":[{"label":"Home","link":"https:\/\/www.neva.eu\/de\/"},{"label":"Aus dem Leben von NEVA","link":"https:\/\/www.neva.eu\/de\/aktuelles\/kategorie\/aus-dem-leben-von-neva\/"},{"label":"30 Jahre auf dem Sonnenschutzmarkt. NEVA feiert ein Betriebsjubil\u00e4um","link":"https:\/\/www.neva.eu\/de\/aus-dem-leben-von-neva\/30-jahre-auf-dem-sonnenschutzmarkt-neva-feiert-ein-betriebsjubilaeum\/"}],"author_meta":{"display_name":"Kate\u0159ina Musilov\u00e1","author_link":"https:\/\/www.neva.eu\/de\/author\/vranova\/"},"featured_img":"https:\/\/www.neva.eu\/wp-content\/uploads\/neva-slavi-30-let-3.jpg","coauthors":[],"tax_additional":{"categories":{"linked":["<a href=\"https:\/\/www.neva.eu\/de\/aktuelles\/kategorie\/aus-dem-leben-von-neva\/\" class=\"advgb-post-tax-term\">Aus dem Leben von NEVA<\/a>"],"unlinked":["<span class=\"advgb-post-tax-term\">Aus dem Leben von NEVA<\/span>"]}},"comment_count":"0","relative_dates":{"created":"Ver\u00f6ffentlicht 6 years vor","modified":"Aktualisiert 1 year vor"},"absolute_dates":{"created":"Ver\u00f6ffentlicht am 25. 1. 2021","modified":"Aktualisiert am 14. 7. 2025"},"absolute_dates_time":{"created":"Ver\u00f6ffentlicht am 25. 1. 2021 9:16","modified":"Aktualisiert am 14. 7. 2025 13:46"},"featured_img_caption":"","series_order":"","_links":{"self":[{"href":"https:\/\/www.neva.eu\/de\/wp-json\/wp\/v2\/posts\/12421","targetHints":{"allow":["GET"]}}],"collection":[{"href":"https:\/\/www.neva.eu\/de\/wp-json\/wp\/v2\/posts"}],"about":[{"href":"https:\/\/www.neva.eu\/de\/wp-json\/wp\/v2\/types\/post"}],"author":[{"embeddable":true,"href":"https:\/\/www.neva.eu\/de\/wp-json\/wp\/v2\/users\/9"}],"replies":[{"embeddable":true,"href":"https:\/\/www.neva.eu\/de\/wp-json\/wp\/v2\/comments?post=12421"}],"version-history":[{"count":2,"href":"https:\/\/www.neva.eu\/de\/wp-json\/wp\/v2\/posts\/12421\/revisions"}],"predecessor-version":[{"id":29180,"href":"https:\/\/www.neva.eu\/de\/wp-json\/wp\/v2\/posts\/12421\/revisions\/29180"}],"wp:featuredmedia":[{"embeddable":true,"href":"https:\/\/www.neva.eu\/de\/wp-json\/wp\/v2\/media\/12334"}],"wp:attachment":[{"href":"https:\/\/www.neva.eu\/de\/wp-json\/wp\/v2\/media?parent=12421"}],"wp:term":[{"taxonomy":"category","embeddable":true,"href":"https:\/\/www.neva.eu\/de\/wp-json\/wp\/v2\/categories?post=12421"},{"taxonomy":"post_tag","embeddable":true,"href":"https:\/\/www.neva.eu\/de\/wp-json\/wp\/v2\/tags?post=12421"}],"curies":[{"name":"wp","href":"https:\/\/api.w.org\/{rel}","templated":true}]}}