{"id":12419,"date":"2021-01-19T08:12:00","date_gmt":"2021-01-19T07:12:00","guid":{"rendered":"https:\/\/www.neva.eu\/unkategorisiert\/wie-sollte-man-sonnenschutz-fuers-buero-auswaehlen-denken-sie-immer-an-die-menschen-die-im-buero-arbeiten\/"},"modified":"2025-07-14T14:00:41","modified_gmt":"2025-07-14T12:00:41","slug":"wie-sollte-man-sonnenschutz-fuers-buero-auswaehlen-denken-sie-immer-an-die-menschen-die-im-buero-arbeiten","status":"publish","type":"post","link":"https:\/\/www.neva.eu\/de\/tipps-und-anleitungen\/wie-sollte-man-sonnenschutz-fuers-buero-auswaehlen-denken-sie-immer-an-die-menschen-die-im-buero-arbeiten\/","title":{"rendered":"Wie sollte man Sonnenschutz f\u00fcrs B\u00fcro ausw\u00e4hlen? Denken Sie immer an die Menschen, die im B\u00fcro arbeiten"},"content":{"rendered":"        <section class=\"component component-gutenberg-heading typography my-1\">\n              \n<h2 class=\"wp-block-heading\">Au\u00dfenliegende Verschattung k\u00fchlt ab, innenliegende macht eine sch\u00f6ne Figur<\/h2>\n      <\/section>\n\n\n        <section class=\"component component-gutenberg-paragraph typography my-1\">\n              \n<p><strong>Raffstores oder Textilscreens<\/strong> erf\u00fcllen in B\u00fcros vor allem technische und praktische Funktion \u2013 sie reflektieren die Sonnenstrahlung, verdunkeln ausgezeichnet und k\u00f6nnen den Innenraum sp\u00fcrbar k\u00fchlen. <strong>Innenliegende<\/strong> Verschattung dient haupts\u00e4chlich dekorativen Zwecken \u2013 sie rundet das gesamte Erscheinungsbild des B\u00fcros ab und verbessert auch die akustischen Eigenschaften der R\u00e4umlichkeiten.<\/p>\n      <\/section>\n\n\n        <section class=\"component component-gutenberg-paragraph typography my-1\">\n              \n<p>Wenn es m\u00f6glich ist, greifen Sie lieber zur au\u00dfenliegender Verschattung, die vor allem in den warmen Sommermonaten<strong> die Arbeitsbedingungen im B\u00fcro deutlich verbessern kann<\/strong>. Innenliegende Verschattung ist dann zu w\u00e4hlen, wenn die au\u00dfenliegende Variante zu teuer ist oder angesichts der Fensterausrichtung nicht sinnvoll ist.<\/p>\n      <\/section>\n\n\n        <section class=\"component component-gutenberg-paragraph typography my-1\">\n              \n<p><em>\u201eAu\u00dfenliegende Verschattung kann nicht nur das Licht, sondern auch die Infrarotstrahlung der Sonne abweisen, bei innenliegender Verschattung spielt eher der visuelle Aspekt die Hauptrolle. Dort, wo au\u00dfenliegende Verschattung nicht angebracht werden kann oder wo diese ungeeignet ist, muss man zur innenliegendem Sonnenschutz greifen. Oft spielt auch das Budget eine Rolle\u201c, <\/em>erkl\u00e4rt Roman Vrti\u0161ka vom <a href=\"http:\/\/www.vrtiskazak.com\/\" target=\"_blank\" rel=\"noreferrer noopener\" title=\"http:\/\/www.vrtiskazak.com\/\">Architekturb\u00fcro Vrti\u0161ka und&nbsp;\u017d\u00e1k.<\/a><\/p>\n      <\/section>\n\n\n        <section class=\"component component-gutenberg-paragraph typography my-1\">\n              \n<p>Innen- und au\u00dfenliegende Verschattung sind \u00fcberdies miteinander kombinierbar. Zu <strong>Raffstores<\/strong> passen zum Beispiel:<\/p>\n      <\/section>\n\n\n        <section class=\"component component-gutenberg-list typography my-1\">\n              \n<ul class=\"wp-block-list\">\n<li>Plissees,<\/li>\n\n\n\n<li>Rollos,<\/li>\n\n\n\n<li>Raffrollos<\/li>\n\n\n\n<li>oder Fl\u00e4chenvorh\u00e4nge.<\/li>\n<\/ul>\n      <\/section>\n\n\n        <section class=\"component component-gutenberg-image typography my-1\">\n              \n<figure class=\"wp-block-image size-large is-style-default\"><img loading=\"lazy\" decoding=\"async\" width=\"1920\" height=\"960\" src=\"https:\/\/www.neva.eu\/wp-content\/uploads\/neva-jak-vybrat-stineni-do-kancelare-1.jpg\" alt class=\"wp-image-11949\" srcset=\"https:\/\/www.neva.eu\/wp-content\/uploads\/neva-jak-vybrat-stineni-do-kancelare-1.jpg 1920w, https:\/\/www.neva.eu\/wp-content\/uploads\/neva-jak-vybrat-stineni-do-kancelare-1-1536x768.jpg 1536w, https:\/\/www.neva.eu\/wp-content\/uploads\/neva-jak-vybrat-stineni-do-kancelare-1-1280x640.jpg 1280w, https:\/\/www.neva.eu\/wp-content\/uploads\/neva-jak-vybrat-stineni-do-kancelare-1-940x470.jpg 940w, https:\/\/www.neva.eu\/wp-content\/uploads\/neva-jak-vybrat-stineni-do-kancelare-1-758x379.jpg 758w, https:\/\/www.neva.eu\/wp-content\/uploads\/neva-jak-vybrat-stineni-do-kancelare-1-425x213.jpg 425w\" sizes=\"auto, (max-width: 1920px) 100vw, 1920px\" \/><figcaption class=\"wp-element-caption\">B\u00fcror\u00e4umlichkeiten der Firma Avast vom Architekturb\u00fcro Vrti\u0161ka <span class=\"amp\">&amp;<\/span>&nbsp;\u017d\u00e1k, in denen Raffstores f\u00fcr effizienten Sonnenschutz sorgen. Bild: Kristina Hrab\u011btov\u00e1<\/figcaption><\/figure>\n      <\/section>\n\n\n        <section class=\"component component-gutenberg-paragraph typography my-1\">\n              \n<p><em>\u201eWas die innenliegende Verschattung betrifft, sind zum Beispiel Rollos oder Vorh\u00e4nge f\u00fcr B\u00fcros gut geeignet. F\u00fcr moderne B\u00fcros empfehlen wir jedoch ZOOMTECH-Textilscreens, die gut zu gro\u00dfen Fenstern passen. Diese Textilscreens wirken minimalistisch und runden das Gesamtbild ab. Ab und zu kommen auch Holzjalousien vor, diese lassen sich aber nicht so gut mit Raffstores kombinieren, da sie nicht miteinander harmonieren\u201c<\/em>, erkl\u00e4rt Petr K\u0159\u00ed\u017e, Vertriebsleiter beim Sonnenschutzhersteller Bematech.<\/p>\n      <\/section>\n\n\n        <section class=\"component component-gutenberg-heading typography my-1\">\n              \n<h2 class=\"wp-block-heading\">Denken Sie immer an die Menschen, die im B\u00fcro arbeiten<\/h2>\n      <\/section>\n\n\n        <section class=\"component component-gutenberg-paragraph typography my-1\">\n              \n<p>Die Auswahl der Sonnenschutztechnik sollte auch an die Bed\u00fcrfnisse der Menschen angepasst werden, die im jeweiligen B\u00fcro arbeiten. Wenn Sie zum Beispiel eine Verschattung f\u00fcr ein B\u00fcro von IT-Technikern suchen, sind Raffstores besser, weil sie im Vergleich zu klassischen Innenjalousien viel besser abdunkeln.<\/p>\n      <\/section>\n\n\n        <section class=\"component component-gutenberg-paragraph typography my-1\">\n              \n<p><em>\u201eAn vielen Arbeitspl\u00e4tzen ist direktes Licht ausgesprochen unerw\u00fcnscht. Wenn Sie also zur richtigen Beschattungsart greifen, k\u00f6nnen Sie den Benutzerkomfort steigern und die Augen schonen\u201c,<\/em> so Roman Vrti\u0161ka.<\/p>\n      <\/section>\n\n\n        <section class=\"component component-gutenberg-paragraph typography my-1\">\n              \n<p>F\u00fcr eine perfekte Verdunklung sind zum Beispiel die<a href=\"https:\/\/www.neva.eu\/de\/raffstoren\/produkte\/z-90\/\" title=\"https:\/\/www.neva.eu\/zaluzie\/produkty\/z-90\/\"> Z90-Raffstores<\/a> oder Rolll\u00e4den perfekt geeignet, die f\u00fcr fast vollkommene Dunkelheit im Raum sorgen. Gute Dienste leisten auch <a href=\"https:\/\/www.neva.eu\/de\/textilscreens\/zipscreen\/\" title=\"https:\/\/www.neva.eu\/latkove-rolety\/zipscreen\/\">au\u00dfenliegende Textilscreens<\/a>, die aus lichtundurchl\u00e4ssigen Stoffen bestehen und auch gro\u00dfe Fensterfl\u00e4chen verschatten k\u00f6nnen, dabei teilen sie die Fensterfl\u00e4che nicht und sind pflegeleicht.<\/p>\n      <\/section>\n\n\n        <section class=\"component component-gutenberg-image typography my-1\">\n              \n<figure class=\"wp-block-image size-large is-style-default\"><img loading=\"lazy\" decoding=\"async\" width=\"1920\" height=\"960\" src=\"https:\/\/www.neva.eu\/wp-content\/uploads\/neva-jak-vybrat-stineni-do-kancelare-2.jpg\" alt class=\"wp-image-11955\" srcset=\"https:\/\/www.neva.eu\/wp-content\/uploads\/neva-jak-vybrat-stineni-do-kancelare-2.jpg 1920w, https:\/\/www.neva.eu\/wp-content\/uploads\/neva-jak-vybrat-stineni-do-kancelare-2-1536x768.jpg 1536w, https:\/\/www.neva.eu\/wp-content\/uploads\/neva-jak-vybrat-stineni-do-kancelare-2-1280x640.jpg 1280w, https:\/\/www.neva.eu\/wp-content\/uploads\/neva-jak-vybrat-stineni-do-kancelare-2-940x470.jpg 940w, https:\/\/www.neva.eu\/wp-content\/uploads\/neva-jak-vybrat-stineni-do-kancelare-2-758x379.jpg 758w, https:\/\/www.neva.eu\/wp-content\/uploads\/neva-jak-vybrat-stineni-do-kancelare-2-425x213.jpg 425w\" sizes=\"auto, (max-width: 1920px) 100vw, 1920px\" \/><figcaption class=\"wp-element-caption\">Wenn es gro\u00dfe Fenster in Ihrem B\u00fcro gibt, durch die viel W\u00e4rme in den Innenraum eindringt, sollten Sie auch eine weitere Form der K\u00fchlung in Erw\u00e4gung ziehen, zum Beispiel eine Klimaanlage. B\u00fcros der Firma Avast vom Architekturb\u00fcro Vrti\u0161ka <span class=\"amp\">&amp;<\/span>&nbsp;\u017d\u00e1k. Bild: Kristina Hrab\u011btov\u00e1<\/figcaption><\/figure>\n      <\/section>\n\n\n        <section class=\"component component-gutenberg-heading typography my-1\">\n              \n<h2 class=\"wp-block-heading\">Au\u00dfenliegende Verschattung allein ist nicht ausreichend<\/h2>\n      <\/section>\n\n\n        <section class=\"component component-gutenberg-paragraph typography my-1\">\n              \n<p>Neben dem Lichteinfall kann mit der Sonnenschutztechnik auch die Raumtemperatur geregelt werden. Obwohl es Menschen gibt, die es w\u00e4rmer m\u00f6gen, und dann Menschen, die eher k\u00e4ltere Umgebungen bevorzugen, sollte die ideale Raumtemperatur im B\u00fcro zwischen <strong>21&nbsp;\u00b0C und 23&nbsp;\u00b0C<\/strong> liegen. Die ist vor allem im Sommer nur schwer umsetzbar.<\/p>\n      <\/section>\n\n\n        <section class=\"component component-gutenberg-paragraph typography my-1\">\n              \n<p>Raffstores k\u00f6nnen an warmen Sommertagen die Innentemperatur um bis zu 10&nbsp;Grad Celsius senken, aber nur dann, wenn sie tags\u00fcber heruntergefahren sind und den Raum verdunkeln, was nicht jeder m\u00f6chte. Sie k\u00f6nnen auch <strong>au\u00dfenliegende Textilscreens<\/strong> verwenden, die mehr Licht hineinlassen, aber nicht einmal diese Verschattungsart ist allm\u00e4chtig.<\/p>\n      <\/section>\n\n\n        <section class=\"component component-gutenberg-paragraph typography my-1\">\n              \n<p>Wissenswertes: <a href=\"https:\/\/www.neva.eu\/de\/tipps-und-anleitungen\/wir-widerlegen-mythen-konnen-raffstores-wirklich-eine-klimaanlage-ersetzen\/\" title>Wir widerlegen Mythen: k\u00f6nnen Raffstores wirklich eine Klimaanlage ersetzen?<\/a><\/p>\n      <\/section>\n\n\n        <section class=\"component component-gutenberg-paragraph typography my-1\">\n              \n<p>Deshalb sollten Sie zusammen mit <strong>Raffstores oder Textilscreens<\/strong> auch eine Klimaanlage anschaffen. Dank der au\u00dfenliegenden Verschattung m\u00fcssen Sie sie nicht so oft und nicht auf so hoher Leistungsstufe einschalten, an hei\u00dfen Hochsommertagen kommt sie Ihnen aber dennoch sicher gelegen.<\/p>\n      <\/section>\n\n\n        <section class=\"component component-gutenberg-paragraph typography my-1\">\n              \n<p>M\u00f6chten Sie Ihr B\u00fcro mit au\u00dfenliegender Verschattung versehen und brauchen Sie Beratung? Wenden Sie sich an unsere <a href=\"https:\/\/www.neva.eu\/de\/handlersuche\/\" title>Partner<\/a>, die Ihnen gerne helfen.<\/p>\n      <\/section>\n","protected":false},"excerpt":{"rendered":"<p>Im B\u00fcro verbringen Sie bis zu acht Stunden pro Tag, deshalb sollten Sie sich dort wohl f\u00fchlen. Angenehme Arbeitsbedingungen k\u00f6nnen sie \u2013 au\u00dfer durch einem ergonomisch gestalteten Innenraum \u2013 mit Hilfe von Raffstores oder Raffrollos schaffen. Wir haben die Vorteile einzelner Verschattungsarten zusammengefasst, wir verraten Ihnen aber auch, was Sie bei der Auswahl bedenken m\u00fcssen oder warum eine Klimaanlage wichtig ist.<\/p>\n","protected":false},"author":9,"featured_media":11946,"comment_status":"closed","ping_status":"closed","sticky":false,"template":"","format":"standard","meta":{"_acf_changed":false,"advgb_blocks_editor_width":"","advgb_blocks_columns_visual_guide":"","_daim_seo_power":"1000","_daim_enable_ail":"1","footnotes":""},"categories":[164],"tags":[],"class_list":["post-12419","post","type-post","status-publish","format-standard","has-post-thumbnail","hentry","category-tipps-und-anleitungen"],"acf":[],"aioseo_notices":[],"author_meta":{"display_name":"Kate\u0159ina Musilov\u00e1","author_link":"https:\/\/www.neva.eu\/de\/author\/vranova\/"},"featured_img":"https:\/\/www.neva.eu\/wp-content\/uploads\/neva-jak-vybrat-stineni-do-kancelare.jpg","coauthors":[],"tax_additional":{"categories":{"linked":["<a href=\"https:\/\/www.neva.eu\/de\/aktuelles\/kategorie\/tipps-und-anleitungen\/\" class=\"advgb-post-tax-term\">Tipps und Anleitungen<\/a>"],"unlinked":["<span class=\"advgb-post-tax-term\">Tipps und Anleitungen<\/span>"]}},"comment_count":"0","relative_dates":{"created":"Ver\u00f6ffentlicht 5 years vor","modified":"Aktualisiert 10 months vor"},"absolute_dates":{"created":"Ver\u00f6ffentlicht am 19. 1. 2021","modified":"Aktualisiert am 14. 7. 2025"},"absolute_dates_time":{"created":"Ver\u00f6ffentlicht am 19. 1. 2021 8:12","modified":"Aktualisiert am 14. 7. 2025 14:00"},"featured_img_caption":"","series_order":"","_links":{"self":[{"href":"https:\/\/www.neva.eu\/de\/wp-json\/wp\/v2\/posts\/12419","targetHints":{"allow":["GET"]}}],"collection":[{"href":"https:\/\/www.neva.eu\/de\/wp-json\/wp\/v2\/posts"}],"about":[{"href":"https:\/\/www.neva.eu\/de\/wp-json\/wp\/v2\/types\/post"}],"author":[{"embeddable":true,"href":"https:\/\/www.neva.eu\/de\/wp-json\/wp\/v2\/users\/9"}],"replies":[{"embeddable":true,"href":"https:\/\/www.neva.eu\/de\/wp-json\/wp\/v2\/comments?post=12419"}],"version-history":[{"count":2,"href":"https:\/\/www.neva.eu\/de\/wp-json\/wp\/v2\/posts\/12419\/revisions"}],"predecessor-version":[{"id":29184,"href":"https:\/\/www.neva.eu\/de\/wp-json\/wp\/v2\/posts\/12419\/revisions\/29184"}],"wp:featuredmedia":[{"embeddable":true,"href":"https:\/\/www.neva.eu\/de\/wp-json\/wp\/v2\/media\/11946"}],"wp:attachment":[{"href":"https:\/\/www.neva.eu\/de\/wp-json\/wp\/v2\/media?parent=12419"}],"wp:term":[{"taxonomy":"category","embeddable":true,"href":"https:\/\/www.neva.eu\/de\/wp-json\/wp\/v2\/categories?post=12419"},{"taxonomy":"post_tag","embeddable":true,"href":"https:\/\/www.neva.eu\/de\/wp-json\/wp\/v2\/tags?post=12419"}],"curies":[{"name":"wp","href":"https:\/\/api.w.org\/{rel}","templated":true}]}}