{"id":12413,"date":"2020-11-27T08:12:00","date_gmt":"2020-11-27T07:12:00","guid":{"rendered":"https:\/\/www.neva.eu\/unkategorisiert\/neva-baut-wir-haben-den-bau-einer-neuen-produktionshalle-aufgenommen\/"},"modified":"2021-03-09T13:42:25","modified_gmt":"2021-03-09T12:42:25","slug":"neva-baut-wir-haben-den-bau-einer-neuen-produktionshalle-aufgenommen","status":"publish","type":"post","link":"https:\/\/www.neva.eu\/de\/produktneuheiten\/neva-baut-wir-haben-den-bau-einer-neuen-produktionshalle-aufgenommen\/","title":{"rendered":"NEVA baut: wir haben den Bau einer neuen Produktionshalle aufgenommen"},"content":{"rendered":"        <section class=\"component component-gutenberg-heading typography my-1\">\n              \n<h2 class=\"wp-block-heading\">Neue Halle: wieder kostbare arch\u00e4ologische Funde<\/h2>\n      <\/section>\n        <section class=\"component component-gutenberg-paragraph typography my-1\">\n              \n<p>Die neue Halle wird neben der <strong>bestehenden Beschichtungsanlage gebaut,<\/strong> mit der sie verbunden wird. In die neue Halle werden einige Teile der Produktion verlegt und es wird dort auch unser neues Produkt gefertigt. Von den anderen Geb\u00e4uden auf unserem Betriebsgel\u00e4nde <strong>unterscheidet sich die Halle in ihrem Aufbau<\/strong> \u2013 sie entsteht auf einer Fl\u00e4che von 2300&nbsp;m\u00b2 <strong>mit st\u00fctzenfreiem Innenraum<\/strong>, um die Fl\u00e4che im Inneren m\u00f6glichst effizient zu nutzen.&nbsp;<\/p>\n      <\/section>\n        <section class=\"component component-gutenberg-paragraph typography my-1\">\n              \n<p>Noch bevor der Bau aufgenommen werden konnte, haben sich Arch\u00e4ologen ans Werk gemacht. An der Stelle wurden n\u00e4mlich weitere Indizien entdeckt, die auf die Existenz des bereits untergegangenen Dorfes <strong>Rakousky<\/strong> hindeuten \u2013 somit kn\u00fcpften sie an fr\u00fchere Ausgrabungen auf unserem Firmengel\u00e4nde an. Die Untersuchung wurde vom Arch\u00e4ologen PhDr. Pavel Fojt\u00edk geleitet, der mit Ausgrabungen im Industriegebiet von Prost\u011bjov bereits Erfahrung hat.<\/p>\n      <\/section>\n        <section class=\"component component-gutenberg-paragraph typography my-1\">\n              \n<p>\u201e<em>Der kostbare Fund konnte nach der Untersuchung mit einem Metalldetektor gemacht werden, wir haben <\/em><strong><em>eine Bronzenadel<\/em><\/strong> <em>aus der sp\u00e4ten Bronzezeit gefunden. Es handelt sich um den ersten Gegenstand dieses Alters auf dem Gebiet von Kralick\u00fd h\u00e1j\u201c<\/em>, sagt Fojt\u00edk.<\/p>\n      <\/section>\n        <section class=\"component component-gutenberg-paragraph typography my-1\">\n              \n<p>Nun steht den Bauarbeiten nichts mehr im Wege und wenn alles klappt, k\u00f6nnen wir die neue Halle voraussichtlich im Mai 2021 er\u00f6ffnen.<\/p>\n      <\/section>\n        <section class=\"component component-gutenberg-heading typography my-1\">\n              \n<h2 class=\"wp-block-heading\">Das Fundament des Schulungszentrums ist bereits fertiggestellt<\/h2>\n      <\/section>\n        <section class=\"component component-gutenberg-paragraph typography my-1\">\n              \n<p>Der Bau des Schulungszentrums geht schnell voran. Den Baufortschritt haben wir im Zeitraffer aufgenommen \u2013 sehen Sie sich fast f\u00fcnf Monate Bauarbeiten als Video&nbsp;an.<\/p>\n      <\/section>\n\n<div class=\"wp-block-advgb-video advgb-video-block full-width advgb-video-lightbox\" data-video=\"https:\/\/www.youtube.com\/embed\/tmARK9WMHeU?rel=0&amp;wmode=transparent\" data-source=\"youtube\" data-video-attr=\"controls,playsinline\" data-video-preload=\"metadata\"><div class=\"advgb-video-wrapper full-width\" style=\"background-color:#EEEEEE\"><div class=\"advgb-video-poster\" style=\"background-image:url(https:\/\/www.neva.eu\/wp-content\/uploads\/neva-stavba-nove-vyrobni-haly-video.jpg)\"><\/div><div class=\"advgb-button-wrapper\" style=\"height:450px\"><div class=\"advgb-play-button\" style=\"color:#fff\"><svg xmlns=\"http:\/\/www.w3.org\/2000\/svg\" width=\"80\" height=\"80\" viewbox=\"0 0 24 24\"><path d=\"M8 5v14l11-7z\"><\/path><path d=\"M0 0h24v24H0z\" fill=\"none\"><\/path><\/svg><\/div><\/div><\/div><\/div>\n        <section class=\"component component-gutenberg-paragraph typography my-1\">\n              \n<p><\/p>\n      <\/section>\n        <section class=\"component component-gutenberg-paragraph typography my-1\">\n              \n<p>Bald zeigen wir Ihnen, wie der Bau der neuen Halle weitergeht oder wie der Innenraum des Schulungszentrums aussehen wird.<\/p>\n      <\/section>\n","protected":false},"excerpt":{"rendered":"<p>Bei NEVA ist immer was los. Unl\u00e4ngst wurde der Bau eines Schulungszentrums aufgenommen, in dem sich auch ein neuer Showroom befinden soll. Und jetzt stehen wir am Start eines neuen Gro\u00dfprojektes \u2013 wir wollen eine neue Produktionshalle bauen. Entdecken Sie, wie es jetzt bei uns aussieht und was die Arch\u00e4ologen bei uns gefunden haben.<\/p>\n","protected":false},"author":9,"featured_media":10886,"comment_status":"closed","ping_status":"closed","sticky":false,"template":"","format":"standard","meta":{"_acf_changed":false,"advgb_blocks_editor_width":"","advgb_blocks_columns_visual_guide":"","_daim_seo_power":"","_daim_enable_ail":"","footnotes":""},"categories":[163,167],"tags":[],"class_list":["post-12413","post","type-post","status-publish","format-standard","has-post-thumbnail","hentry","category-produktneuheiten","category-aus-dem-leben-von-neva"],"acf":[],"aioseo_notices":[],"author_meta":{"display_name":"Kate\u0159ina Musilov\u00e1","author_link":"https:\/\/www.neva.eu\/de\/author\/vranova\/"},"featured_img":"https:\/\/www.neva.eu\/wp-content\/uploads\/neva-stavba-nove-vyrobni-haly.jpg","coauthors":[],"tax_additional":{"categories":{"linked":["<a href=\"https:\/\/www.neva.eu\/de\/aktuelles\/kategorie\/produktneuheiten\/\" class=\"advgb-post-tax-term\">Produktneuheiten<\/a>","<a href=\"https:\/\/www.neva.eu\/de\/aktuelles\/kategorie\/aus-dem-leben-von-neva\/\" class=\"advgb-post-tax-term\">Aus dem Leben von NEVA<\/a>"],"unlinked":["<span class=\"advgb-post-tax-term\">Produktneuheiten<\/span>","<span class=\"advgb-post-tax-term\">Aus dem Leben von NEVA<\/span>"]}},"comment_count":"0","relative_dates":{"created":"Ver\u00f6ffentlicht 5 years vor","modified":"Aktualisiert 5 years vor"},"absolute_dates":{"created":"Ver\u00f6ffentlicht am 27. 11. 2020","modified":"Aktualisiert am 9. 3. 2021"},"absolute_dates_time":{"created":"Ver\u00f6ffentlicht am 27. 11. 2020 8:12","modified":"Aktualisiert am 9. 3. 2021 13:42"},"featured_img_caption":"","series_order":"","_links":{"self":[{"href":"https:\/\/www.neva.eu\/de\/wp-json\/wp\/v2\/posts\/12413","targetHints":{"allow":["GET"]}}],"collection":[{"href":"https:\/\/www.neva.eu\/de\/wp-json\/wp\/v2\/posts"}],"about":[{"href":"https:\/\/www.neva.eu\/de\/wp-json\/wp\/v2\/types\/post"}],"author":[{"embeddable":true,"href":"https:\/\/www.neva.eu\/de\/wp-json\/wp\/v2\/users\/9"}],"replies":[{"embeddable":true,"href":"https:\/\/www.neva.eu\/de\/wp-json\/wp\/v2\/comments?post=12413"}],"version-history":[{"count":0,"href":"https:\/\/www.neva.eu\/de\/wp-json\/wp\/v2\/posts\/12413\/revisions"}],"wp:featuredmedia":[{"embeddable":true,"href":"https:\/\/www.neva.eu\/de\/wp-json\/wp\/v2\/media\/10886"}],"wp:attachment":[{"href":"https:\/\/www.neva.eu\/de\/wp-json\/wp\/v2\/media?parent=12413"}],"wp:term":[{"taxonomy":"category","embeddable":true,"href":"https:\/\/www.neva.eu\/de\/wp-json\/wp\/v2\/categories?post=12413"},{"taxonomy":"post_tag","embeddable":true,"href":"https:\/\/www.neva.eu\/de\/wp-json\/wp\/v2\/tags?post=12413"}],"curies":[{"name":"wp","href":"https:\/\/api.w.org\/{rel}","templated":true}]}}